{"id":33352,"date":"2022-03-02T19:06:24","date_gmt":"2022-03-02T23:06:24","guid":{"rendered":"http:\/\/blogdalucianaoliveira.com.br\/blog\/?p=33352"},"modified":"2022-03-02T19:06:26","modified_gmt":"2022-03-02T23:06:26","slug":"como-a-mudanca-do-clima-impacta-e-pode-piorar-a-vida-no-brasil","status":"publish","type":"post","link":"http:\/\/blogdalucianaoliveira.com.br\/blog\/2022\/03\/02\/como-a-mudanca-do-clima-impacta-e-pode-piorar-a-vida-no-brasil\/","title":{"rendered":"Como a mudan\u00e7a do clima impacta (e pode piorar) a vida no Brasil"},"content":{"rendered":"\n<figure class=\"wp-block-image\"><img data-recalc-dims=\"1\" decoding=\"async\" src=\"https:\/\/i0.wp.com\/veja.abril.com.br\/wp-content\/uploads\/2021\/09\/Veja_JR_Seca008902.jpg?w=600&#038;ssl=1\" alt=\"02.09.2021 - Materia sobre o agravamento da crise h\u00eddrica no Brasil. Na foto cenas de n\u00edvel baixo de \u00e1gua na represa de Furnas proximo a regi\u00e3o de Fama\/MG. Foto: Jonne Roriz\/VEJA\"\/><\/figure>\n\n\n\n<p>Novo relat\u00f3rio do IPCC mostrou que a Am\u00e9rica do Sul est\u00e1 altamente exposta, vulner\u00e1vel e fortemente impactada pelas mudan\u00e7as clim\u00e1ticas<br><\/p>\n\n\n\n<!--more-->\n\n\n\n<p> Por Jennifer Ann Thomas, na Veja<\/p>\n\n\n\n<p>A mudan\u00e7a do clima causada por a\u00e7\u00f5es humanas j\u00e1 afeta a vida de bilh\u00f5es de pessoas. O aumento de ondas de calor, secas e inunda\u00e7\u00f5es vem excedendo os limites de toler\u00e2ncia de plantas e animais, o que causa a mortalidade de diferentes esp\u00e9cies. Se nada for feito para reduzir as emiss\u00f5es de gases de efeito estufa, o cen\u00e1rio vai piorar.  <\/p>\n\n\n\n<p><a href=\"http:\/\/o que causa a mortalidade de diferentes esp\u00e9cies. Se nada for feito para reduzir as emiss\u00f5es de gases de efeito estufa, o cen\u00e1rio vai piorar. O IPCC, o Painel Intergovernamental sobre Mudan\u00e7as Clim\u00e1ti...   Leia mais em: https:\/\/veja.abril.com.br\/agenda-verde\/como-a-mudanca-do-clima-impacta-e-pode-piorar-a-vida-no-brasil\/\">Leia mais em: https:\/\/veja.abril.com.br\/agenda-verde\/como-a-mudanca-do-clima-impacta-e-pode-piorar-a-vida-no-brasil\/<\/a><\/p>\n\n\n\n<p><\/p>\n\n\n\n<p> <\/p>\n\n\n\n<p><\/p>\n","protected":false},"excerpt":{"rendered":"<p>Novo relat\u00f3rio do IPCC mostrou que a Am\u00e9rica do Sul est\u00e1 altamente exposta, vulner\u00e1vel e fortemente impactada pelas mudan\u00e7as clim\u00e1ticas<\/p>\n","protected":false},"author":1,"featured_media":0,"comment_status":"closed","ping_status":"open","sticky":false,"template":"","format":"standard","meta":{"_exactmetrics_skip_tracking":false,"_exactmetrics_sitenote_active":false,"_exactmetrics_sitenote_note":"","_exactmetrics_sitenote_category":0,"jetpack_post_was_ever_published":false,"_jetpack_newsletter_access":"","_jetpack_dont_email_post_to_subs":false,"_jetpack_newsletter_tier_id":0,"_jetpack_memberships_contains_paywalled_content":false,"_jetpack_memberships_contains_paid_content":false,"footnotes":"","jetpack_publicize_message":"","jetpack_publicize_feature_enabled":true,"jetpack_social_post_already_shared":true,"jetpack_social_options":{"image_generator_settings":{"template":"highway","enabled":false},"version":2}},"categories":[1],"tags":[],"class_list":["post-33352","post","type-post","status-publish","format-standard","hentry","category-notas"],"jetpack_publicize_connections":[],"jetpack_sharing_enabled":true,"jetpack_featured_media_url":"","jetpack_shortlink":"https:\/\/wp.me\/p7wKYW-8FW","jetpack-related-posts":[],"_links":{"self":[{"href":"http:\/\/blogdalucianaoliveira.com.br\/blog\/wp-json\/wp\/v2\/posts\/33352","targetHints":{"allow":["GET"]}}],"collection":[{"href":"http:\/\/blogdalucianaoliveira.com.br\/blog\/wp-json\/wp\/v2\/posts"}],"about":[{"href":"http:\/\/blogdalucianaoliveira.com.br\/blog\/wp-json\/wp\/v2\/types\/post"}],"author":[{"embeddable":true,"href":"http:\/\/blogdalucianaoliveira.com.br\/blog\/wp-json\/wp\/v2\/users\/1"}],"replies":[{"embeddable":true,"href":"http:\/\/blogdalucianaoliveira.com.br\/blog\/wp-json\/wp\/v2\/comments?post=33352"}],"version-history":[{"count":1,"href":"http:\/\/blogdalucianaoliveira.com.br\/blog\/wp-json\/wp\/v2\/posts\/33352\/revisions"}],"predecessor-version":[{"id":33353,"href":"http:\/\/blogdalucianaoliveira.com.br\/blog\/wp-json\/wp\/v2\/posts\/33352\/revisions\/33353"}],"wp:attachment":[{"href":"http:\/\/blogdalucianaoliveira.com.br\/blog\/wp-json\/wp\/v2\/media?parent=33352"}],"wp:term":[{"taxonomy":"category","embeddable":true,"href":"http:\/\/blogdalucianaoliveira.com.br\/blog\/wp-json\/wp\/v2\/categories?post=33352"},{"taxonomy":"post_tag","embeddable":true,"href":"http:\/\/blogdalucianaoliveira.com.br\/blog\/wp-json\/wp\/v2\/tags?post=33352"}],"curies":[{"name":"wp","href":"https:\/\/api.w.org\/{rel}","templated":true}]}}