{"id":33357,"date":"2022-03-04T07:47:05","date_gmt":"2022-03-04T11:47:05","guid":{"rendered":"http:\/\/blogdalucianaoliveira.com.br\/blog\/?p=33357"},"modified":"2022-03-04T07:47:11","modified_gmt":"2022-03-04T11:47:11","slug":"vitorioso-em-todos-os-processos-lula-agora-vai-aos-tribunais-contra-os-seus-algozes","status":"publish","type":"post","link":"http:\/\/blogdalucianaoliveira.com.br\/blog\/2022\/03\/04\/vitorioso-em-todos-os-processos-lula-agora-vai-aos-tribunais-contra-os-seus-algozes\/","title":{"rendered":"Vitorioso em todos os processos, Lula agora vai aos tribunais contra os seus algozes"},"content":{"rendered":"\n<figure class=\"wp-block-image size-large\"><img loading=\"lazy\" decoding=\"async\" width=\"1250\" height=\"600\" data-attachment-id=\"33358\" data-permalink=\"http:\/\/blogdalucianaoliveira.com.br\/blog\/2022\/03\/04\/vitorioso-em-todos-os-processos-lula-agora-vai-aos-tribunais-contra-os-seus-algozes\/ef6086ea-23e9-4045-b28b-50092d5807cb\/\" data-orig-file=\"https:\/\/i0.wp.com\/blogdalucianaoliveira.com.br\/blog\/wp-content\/uploads\/2022\/03\/EF6086EA-23E9-4045-B28B-50092D5807CB.jpeg?fit=1250%2C600\" data-orig-size=\"1250,600\" data-comments-opened=\"0\" data-image-meta=\"{&quot;aperture&quot;:&quot;0&quot;,&quot;credit&quot;:&quot;&quot;,&quot;camera&quot;:&quot;&quot;,&quot;caption&quot;:&quot;&quot;,&quot;created_timestamp&quot;:&quot;0&quot;,&quot;copyright&quot;:&quot;&quot;,&quot;focal_length&quot;:&quot;0&quot;,&quot;iso&quot;:&quot;0&quot;,&quot;shutter_speed&quot;:&quot;0&quot;,&quot;title&quot;:&quot;&quot;,&quot;orientation&quot;:&quot;0&quot;}\" data-image-title=\"EF6086EA-23E9-4045-B28B-50092D5807CB\" data-image-description=\"\" data-image-caption=\"\" data-medium-file=\"https:\/\/i0.wp.com\/blogdalucianaoliveira.com.br\/blog\/wp-content\/uploads\/2022\/03\/EF6086EA-23E9-4045-B28B-50092D5807CB.jpeg?fit=300%2C144\" data-large-file=\"https:\/\/i0.wp.com\/blogdalucianaoliveira.com.br\/blog\/wp-content\/uploads\/2022\/03\/EF6086EA-23E9-4045-B28B-50092D5807CB.jpeg?fit=600%2C288\" src=\"https:\/\/i0.wp.com\/blogdalucianaoliveira.com.br\/blog\/wp-content\/uploads\/2022\/03\/EF6086EA-23E9-4045-B28B-50092D5807CB.jpeg?fit=600%2C288\" alt=\"\" class=\"wp-image-33358\" srcset=\"https:\/\/i0.wp.com\/blogdalucianaoliveira.com.br\/blog\/wp-content\/uploads\/2022\/03\/EF6086EA-23E9-4045-B28B-50092D5807CB.jpeg?w=1250 1250w, https:\/\/i0.wp.com\/blogdalucianaoliveira.com.br\/blog\/wp-content\/uploads\/2022\/03\/EF6086EA-23E9-4045-B28B-50092D5807CB.jpeg?resize=300%2C144 300w, https:\/\/i0.wp.com\/blogdalucianaoliveira.com.br\/blog\/wp-content\/uploads\/2022\/03\/EF6086EA-23E9-4045-B28B-50092D5807CB.jpeg?resize=1024%2C492 1024w, https:\/\/i0.wp.com\/blogdalucianaoliveira.com.br\/blog\/wp-content\/uploads\/2022\/03\/EF6086EA-23E9-4045-B28B-50092D5807CB.jpeg?resize=768%2C369 768w, https:\/\/i0.wp.com\/blogdalucianaoliveira.com.br\/blog\/wp-content\/uploads\/2022\/03\/EF6086EA-23E9-4045-B28B-50092D5807CB.jpeg?resize=625%2C300 625w, https:\/\/i0.wp.com\/blogdalucianaoliveira.com.br\/blog\/wp-content\/uploads\/2022\/03\/EF6086EA-23E9-4045-B28B-50092D5807CB.jpeg?w=1200 1200w\" sizes=\"auto, (max-width: 600px) 100vw, 600px\" \/><\/figure>\n\n\n\n<p><strong>247 &#8211;<\/strong>&nbsp;Agora que est\u00e1 livre do total de 25 processos, den\u00fancias e inqu\u00e9ritos j\u00e1 movidos contra ele, Lula ou seus advogados voltar\u00e3o aos tribunais.&nbsp;<\/p>\n\n\n\n<p>Nas pr\u00f3ximas vezes, por\u00e9m, eles v\u00e3o estar no papel de acusadores, uma vez que o ex-presidente move quatro processos contra seus algozes na Justi\u00e7a.<\/p>\n\n\n\n<!--more-->\n\n\n\n<p>A jornalista\u00a0<a href=\"https:\/\/www1.folha.uol.com.br\/colunas\/monicabergamo\/2022\/03\/livre-de-processos-lula-voltara-aos-tribunais-para-acusar-desafetos-primeiro-julgamento-e-de-dallagnol.shtml\"><strong>M\u00f4nica Bergamo<\/strong><\/a>\u00a0informa na Folha de S.Paulo que o primeiro julgamento ocorrer\u00e1 em breve: o Superior Tribunal de Justi\u00e7a (STJ) deve julgar na pr\u00f3xima semana o processo em que Lula pede indeniza\u00e7\u00e3o de R$ 1 milh\u00e3o por danos morais contra Deltan Dallagnol.<\/p>\n\n\n\n<p>O ex-procurador \u00e9 acusado de abuso de poder ao imputar a Lula pr\u00e1ticas de crimes com adjetiva\u00e7\u00f5es, na famosa entrevista do PowerPoint, em 2016.<\/p>\n","protected":false},"excerpt":{"rendered":"<p>247 &#8211;&nbsp;Agora que est\u00e1 livre do total de 25 processos, den\u00fancias e inqu\u00e9ritos j\u00e1 movidos contra ele, Lula ou seus advogados voltar\u00e3o aos tribunais.&nbsp; Nas pr\u00f3ximas vezes, por\u00e9m, eles v\u00e3o estar no papel de acusadores, uma vez que o ex-presidente move quatro processos contra seus algozes na Justi\u00e7a.<\/p>\n","protected":false},"author":1,"featured_media":0,"comment_status":"closed","ping_status":"open","sticky":false,"template":"","format":"standard","meta":{"_exactmetrics_skip_tracking":false,"_exactmetrics_sitenote_active":false,"_exactmetrics_sitenote_note":"","_exactmetrics_sitenote_category":0,"jetpack_post_was_ever_published":false,"_jetpack_newsletter_access":"","_jetpack_dont_email_post_to_subs":false,"_jetpack_newsletter_tier_id":0,"_jetpack_memberships_contains_paywalled_content":false,"_jetpack_memberships_contains_paid_content":false,"footnotes":"","jetpack_publicize_message":"","jetpack_publicize_feature_enabled":true,"jetpack_social_post_already_shared":true,"jetpack_social_options":{"image_generator_settings":{"template":"highway","enabled":false},"version":2}},"categories":[1],"tags":[],"class_list":["post-33357","post","type-post","status-publish","format-standard","hentry","category-notas"],"jetpack_publicize_connections":[],"jetpack_sharing_enabled":true,"jetpack_featured_media_url":"","jetpack_shortlink":"https:\/\/wp.me\/p7wKYW-8G1","jetpack-related-posts":[],"_links":{"self":[{"href":"http:\/\/blogdalucianaoliveira.com.br\/blog\/wp-json\/wp\/v2\/posts\/33357","targetHints":{"allow":["GET"]}}],"collection":[{"href":"http:\/\/blogdalucianaoliveira.com.br\/blog\/wp-json\/wp\/v2\/posts"}],"about":[{"href":"http:\/\/blogdalucianaoliveira.com.br\/blog\/wp-json\/wp\/v2\/types\/post"}],"author":[{"embeddable":true,"href":"http:\/\/blogdalucianaoliveira.com.br\/blog\/wp-json\/wp\/v2\/users\/1"}],"replies":[{"embeddable":true,"href":"http:\/\/blogdalucianaoliveira.com.br\/blog\/wp-json\/wp\/v2\/comments?post=33357"}],"version-history":[{"count":1,"href":"http:\/\/blogdalucianaoliveira.com.br\/blog\/wp-json\/wp\/v2\/posts\/33357\/revisions"}],"predecessor-version":[{"id":33359,"href":"http:\/\/blogdalucianaoliveira.com.br\/blog\/wp-json\/wp\/v2\/posts\/33357\/revisions\/33359"}],"wp:attachment":[{"href":"http:\/\/blogdalucianaoliveira.com.br\/blog\/wp-json\/wp\/v2\/media?parent=33357"}],"wp:term":[{"taxonomy":"category","embeddable":true,"href":"http:\/\/blogdalucianaoliveira.com.br\/blog\/wp-json\/wp\/v2\/categories?post=33357"},{"taxonomy":"post_tag","embeddable":true,"href":"http:\/\/blogdalucianaoliveira.com.br\/blog\/wp-json\/wp\/v2\/tags?post=33357"}],"curies":[{"name":"wp","href":"https:\/\/api.w.org\/{rel}","templated":true}]}}