{"id":33364,"date":"2022-03-04T11:31:07","date_gmt":"2022-03-04T15:31:07","guid":{"rendered":"http:\/\/blogdalucianaoliveira.com.br\/blog\/?p=33364"},"modified":"2022-03-04T11:31:12","modified_gmt":"2022-03-04T15:31:12","slug":"mais-um-8-de-marco-se-aproxima-os-dados-acerca-da-violencia-contra-a-mulher-sao-assustadores","status":"publish","type":"post","link":"http:\/\/blogdalucianaoliveira.com.br\/blog\/2022\/03\/04\/mais-um-8-de-marco-se-aproxima-os-dados-acerca-da-violencia-contra-a-mulher-sao-assustadores\/","title":{"rendered":"Mais um 8 de mar\u00e7o se aproxima: os dados acerca da viol\u00eancia contra a mulher s\u00e3o assustadores"},"content":{"rendered":"\n<figure class=\"wp-block-image\"><img data-recalc-dims=\"1\" decoding=\"async\" src=\"https:\/\/i0.wp.com\/www.cartacapital.com.br\/wp-content\/uploads\/2020\/01\/viol%25C3%25AAncia-mulher.jpg?w=600&#038;ssl=1\" alt=\"Foto: M\u00eddia Ninja Foto: M\u00eddia Ninja\"\/><\/figure>\n\n\n\n<p><strong><em>\u201cBasta uma crise pol\u00edtica, econ\u00f4mica e religiosa para que os direitos das mulheres sejam questionados\u201d.<\/em><\/strong><\/p>\n\n\n\n<p><strong><em>Simone de Beauvoir<\/em><\/strong><\/p>\n\n\n\n<!--more-->\n\n\n\n<p>Carta Capital, por Luana Tolentino &#8211; Mais um\u00a0<a class=\"\" href=\"https:\/\/www.cartacapital.com.br\/tag\/8-de-marco\/\">8 de mar\u00e7o<\/a>\u00a0se aproxima. Na minha caixa de e-mails e no meu WhatsApp, n\u00e3o param de chegar informa\u00e7\u00f5es a respeito de atos em defesa dos direitos das mulheres espalhados por todo o Pa\u00eds. Em uma sociedade que odeia as mulheres, a luta n\u00e3o pode parar.<\/p>\n\n\n\n<p>Olhando para tr\u00e1s, n\u00e3o d\u00e1 para negar que avan\u00e7amos. H\u00e1 uma semana, completaram-se 90 anos da conquista do direito de votarmos e de sermos votadas. Se no in\u00edcio do s\u00e9culo passado o acesso \u00e0s salas de aula nos era vetado sob a justificativa de que cabia ao \u201cbelo sexo\u201d somente cuidar dos filhos e do marido, hoje j\u00e1 somos maioria nos cursos de ensino superior.<\/p>\n\n\n\n<p>\u00c9 importante celebrar nossas conquistas, como tamb\u00e9m olhar para frente. O horizonte que por ora se apresenta \u00e9 terr\u00edvel, assustador. \u00c9 o que mostram dados recentes acerca da viol\u00eancia contra as mulheres.<\/p>\n\n\n\n<p>De acordo com pesquisa realizada em 2020 pelo Instituto Patr\u00edcia Galv\u00e3o, 76% das mulheres j\u00e1 sofreram viol\u00eancia no local de trabalho.<\/p>\n\n\n\n<p>Em outro estudo, o Instituto Igarap\u00e9 chama a aten\u00e7\u00e3o para os dados que raramente aparecem nos jornais: a viol\u00eancia de g\u00eanero que ocorre nas cidades do interior. A partir de entrevistas com 125 defensoras de terra na Amaz\u00f4nia Legal, constatou-se que oito em cada dez ativistas foram v\u00edtimas de amea\u00e7as e agress\u00f5es f\u00edsicas, que muitas vezes partiram do pr\u00f3prio companheiro. Segundo a Pastoral da Terra, entre 2012 e 2020, 48 acabaram assassinadas na regi\u00e3o.<\/p>\n\n\n\n<p>Voltando aos grandes centros, um levantamento feito pela Rede Nossa S\u00e3o Paulo apontou que um a cada tr\u00eas moradores da capital paulista presenciou ou tomou conhecimento de casos em que mulheres foram violentadas nos \u00faltimos dois anos.<\/p>\n\n\n\n<p>O Atlas da Viol\u00eancia de 2021, documento importante para medir os impactos da viol\u00eancia contra o sexo feminino, apresentou dados estarrecedores, de tirar o f\u00f4lego. Somente em 2019, 3.737 foram v\u00edtimas de&nbsp;<a href=\"https:\/\/www.cartacapital.com.br\/tag\/feminicidio\/\">feminic\u00eddio<\/a>. Desse total, 66% eram negras.<\/p>\n\n\n\n<p>Esses n\u00fameros saltam aos nossos olhos num contexto de total destrui\u00e7\u00e3o das pol\u00edticas p\u00fablicas que visam a assegurar os direitos das mulheres.<\/p>\n\n\n\n<p>Durante a pandemia, per\u00edodo em que houve um crescimento de agress\u00f5es e abusos contra a popula\u00e7\u00e3o feminina, o governo federal registrou o menor investimento em programas destinados a esse grupo social desde 2015. Permitir que as mulheres ficassem \u00e0 pr\u00f3pria sorte, sem qualquer tipo de prote\u00e7\u00e3o, foi uma escolha da Secretaria de Pol\u00edticas Nacionais para as Mulheres, comandada pela ministra&nbsp;<a href=\"https:\/\/www.cartacapital.com.br\/tag\/damares-alves\/\">Damares Alves<\/a>. Somente 2,6% da verba autorizada para o combate \u00e0 viol\u00eancia de g\u00eanero foi utilizada em 2021.<\/p>\n\n\n\n<p>Este \u00e9 o cen\u00e1rio no qual estamos imersas em mais um 8 de mar\u00e7o. Ser mulher no Brasil \u00e9 viver com medo. A viol\u00eancia nos persegue, atravessa os nossos corpos. Lutar \u00e9 a nossa \u00fanica alternativa.<\/p>\n","protected":false},"excerpt":{"rendered":"<p>\u201cBasta uma crise pol\u00edtica, econ\u00f4mica e religiosa para que os direitos das mulheres sejam questionados\u201d. Simone de Beauvoir<\/p>\n","protected":false},"author":1,"featured_media":0,"comment_status":"closed","ping_status":"open","sticky":false,"template":"","format":"standard","meta":{"_exactmetrics_skip_tracking":false,"_exactmetrics_sitenote_active":false,"_exactmetrics_sitenote_note":"","_exactmetrics_sitenote_category":0,"jetpack_post_was_ever_published":false,"_jetpack_newsletter_access":"","_jetpack_dont_email_post_to_subs":false,"_jetpack_newsletter_tier_id":0,"_jetpack_memberships_contains_paywalled_content":false,"_jetpack_memberships_contains_paid_content":false,"footnotes":"","jetpack_publicize_message":"","jetpack_publicize_feature_enabled":true,"jetpack_social_post_already_shared":true,"jetpack_social_options":{"image_generator_settings":{"template":"highway","enabled":false},"version":2}},"categories":[1],"tags":[],"class_list":["post-33364","post","type-post","status-publish","format-standard","hentry","category-notas"],"jetpack_publicize_connections":[],"jetpack_sharing_enabled":true,"jetpack_featured_media_url":"","jetpack_shortlink":"https:\/\/wp.me\/p7wKYW-8G8","jetpack-related-posts":[],"_links":{"self":[{"href":"http:\/\/blogdalucianaoliveira.com.br\/blog\/wp-json\/wp\/v2\/posts\/33364","targetHints":{"allow":["GET"]}}],"collection":[{"href":"http:\/\/blogdalucianaoliveira.com.br\/blog\/wp-json\/wp\/v2\/posts"}],"about":[{"href":"http:\/\/blogdalucianaoliveira.com.br\/blog\/wp-json\/wp\/v2\/types\/post"}],"author":[{"embeddable":true,"href":"http:\/\/blogdalucianaoliveira.com.br\/blog\/wp-json\/wp\/v2\/users\/1"}],"replies":[{"embeddable":true,"href":"http:\/\/blogdalucianaoliveira.com.br\/blog\/wp-json\/wp\/v2\/comments?post=33364"}],"version-history":[{"count":1,"href":"http:\/\/blogdalucianaoliveira.com.br\/blog\/wp-json\/wp\/v2\/posts\/33364\/revisions"}],"predecessor-version":[{"id":33365,"href":"http:\/\/blogdalucianaoliveira.com.br\/blog\/wp-json\/wp\/v2\/posts\/33364\/revisions\/33365"}],"wp:attachment":[{"href":"http:\/\/blogdalucianaoliveira.com.br\/blog\/wp-json\/wp\/v2\/media?parent=33364"}],"wp:term":[{"taxonomy":"category","embeddable":true,"href":"http:\/\/blogdalucianaoliveira.com.br\/blog\/wp-json\/wp\/v2\/categories?post=33364"},{"taxonomy":"post_tag","embeddable":true,"href":"http:\/\/blogdalucianaoliveira.com.br\/blog\/wp-json\/wp\/v2\/tags?post=33364"}],"curies":[{"name":"wp","href":"https:\/\/api.w.org\/{rel}","templated":true}]}}