{"id":33366,"date":"2022-03-04T16:34:32","date_gmt":"2022-03-04T20:34:32","guid":{"rendered":"http:\/\/blogdalucianaoliveira.com.br\/blog\/?p=33366"},"modified":"2022-03-04T16:34:38","modified_gmt":"2022-03-04T20:34:38","slug":"alok-anuncia-meu-amor-com-jovem-ixa-que-o-artista-conheceu-durante-ritual-indigena","status":"publish","type":"post","link":"http:\/\/blogdalucianaoliveira.com.br\/blog\/2022\/03\/04\/alok-anuncia-meu-amor-com-jovem-ixa-que-o-artista-conheceu-durante-ritual-indigena\/","title":{"rendered":"Alok anuncia &#8220;Meu Amor&#8221; com jovem Ix\u00e3, que o artista conheceu durante ritual ind\u00edgena"},"content":{"rendered":"\n<figure class=\"wp-block-image size-large\"><img data-recalc-dims=\"1\" loading=\"lazy\" decoding=\"async\" width=\"565\" height=\"400\" data-attachment-id=\"33367\" data-permalink=\"http:\/\/blogdalucianaoliveira.com.br\/blog\/2022\/03\/04\/alok-anuncia-meu-amor-com-jovem-ixa-que-o-artista-conheceu-durante-ritual-indigena\/2ebd13e3-e918-423a-a0a0-6fe237004b33\/\" data-orig-file=\"https:\/\/i0.wp.com\/blogdalucianaoliveira.com.br\/blog\/wp-content\/uploads\/2022\/03\/2EBD13E3-E918-423A-A0A0-6FE237004B33.jpeg?fit=565%2C400\" data-orig-size=\"565,400\" data-comments-opened=\"0\" data-image-meta=\"{&quot;aperture&quot;:&quot;0&quot;,&quot;credit&quot;:&quot;&quot;,&quot;camera&quot;:&quot;&quot;,&quot;caption&quot;:&quot;&quot;,&quot;created_timestamp&quot;:&quot;0&quot;,&quot;copyright&quot;:&quot;&quot;,&quot;focal_length&quot;:&quot;0&quot;,&quot;iso&quot;:&quot;0&quot;,&quot;shutter_speed&quot;:&quot;0&quot;,&quot;title&quot;:&quot;&quot;,&quot;orientation&quot;:&quot;0&quot;}\" data-image-title=\"2EBD13E3-E918-423A-A0A0-6FE237004B33\" data-image-description=\"\" data-image-caption=\"\" data-medium-file=\"https:\/\/i0.wp.com\/blogdalucianaoliveira.com.br\/blog\/wp-content\/uploads\/2022\/03\/2EBD13E3-E918-423A-A0A0-6FE237004B33.jpeg?fit=300%2C212\" data-large-file=\"https:\/\/i0.wp.com\/blogdalucianaoliveira.com.br\/blog\/wp-content\/uploads\/2022\/03\/2EBD13E3-E918-423A-A0A0-6FE237004B33.jpeg?fit=565%2C400\" src=\"https:\/\/i0.wp.com\/blogdalucianaoliveira.com.br\/blog\/wp-content\/uploads\/2022\/03\/2EBD13E3-E918-423A-A0A0-6FE237004B33.jpeg?resize=565%2C400\" alt=\"\" class=\"wp-image-33367\" srcset=\"https:\/\/i0.wp.com\/blogdalucianaoliveira.com.br\/blog\/wp-content\/uploads\/2022\/03\/2EBD13E3-E918-423A-A0A0-6FE237004B33.jpeg?w=565 565w, https:\/\/i0.wp.com\/blogdalucianaoliveira.com.br\/blog\/wp-content\/uploads\/2022\/03\/2EBD13E3-E918-423A-A0A0-6FE237004B33.jpeg?resize=300%2C212 300w, https:\/\/i0.wp.com\/blogdalucianaoliveira.com.br\/blog\/wp-content\/uploads\/2022\/03\/2EBD13E3-E918-423A-A0A0-6FE237004B33.jpeg?resize=424%2C300 424w\" sizes=\"auto, (max-width: 565px) 100vw, 565px\" \/><\/figure>\n\n\n\n<p>Terra &#8211; O DJ e produtor\u00a0<strong>Alok<\/strong>, em seu \u00faltimo dia de grava\u00e7\u00f5es do \u00e1lbum autoral que ser\u00e1 lan\u00e7ado ainda neste ano, participou de uma cerim\u00f4nia espiritual foi organizada pelo cacique\u00a0<strong>Mapu Ku\u00ee<\/strong>, importante lideran\u00e7a ind\u00edgena do povo\u00a0<strong>Huni Ku\u00ee,<\/strong>\u00a0em forma de agradecimento aos trabalhos desenvolvidos ali no Sonast\u00e9rio, esp\u00e9cie de\u00a0<em>QG musical<\/em>\u00a0onde o DJ e sua equipe produziram as faixas.<\/p>\n\n\n\n<!--more-->\n\n\n\n<p>No meio da celebra\u00e7\u00e3o,&nbsp;<strong>Mapu<\/strong>&nbsp;pediu para que algumas das pessoas presentes compartilhassem rezas e cantos tradicionais. Foi nesse momento que<strong>&nbsp;Ix\u00e3<\/strong>fechou os olhos e come\u00e7ou a cantar. Ao abrir os olhos, o jovem de&nbsp;<strong>19 anos<\/strong>&nbsp;de idade viu&nbsp;<strong>Alok<\/strong>&nbsp;emocionado. O DJ extasiado pela voz de Ix\u00e3 fez o convite:<em>&nbsp;&#8220;voc\u00ea aceita gravar comigo?&#8221;.<\/em><\/p>\n\n\n\n<p><em><strong>Meu Amor<\/strong><\/em>\u00a0\u00e9 o resultado desse encontro m\u00e1gico entre os artistas e chega \u00e0s plataformas de streaming nesta\u00a0<strong>sexta-feira<\/strong>(4) com direito a\u00a0<strong>videoclipe<\/strong>\u00a0disponibilizado na mesma data pelo canal oficial de\u00a0<strong>Alok<\/strong>no\u00a0<strong>YouTube.<\/strong><\/p>\n\n\n\n<p><em>&#8220;Eu estava t\u00e3o entregue \u00e0 cerim\u00f4nia, tocando de olhos fechados, que cantei por volta de quatro m\u00fasicas. Quando abri os olhos, o Alok e a esposa dele, Romana, estavam na minha frente. Para mim, foi surreal, as pessoas olhando para mim muito felizes. Sou muito agradecido ao Alok, a sua equipe e ao meu Ep\u00e3 (pai) por tudo que venho vivendo e sei que ainda viverei ao lado dessas pessoas e profissionais t\u00e3o importantes para mim&#8221;<\/em>, diz&nbsp;<strong>Ix\u00e3.<\/strong><\/p>\n\n\n\n<p><strong>Hugo Gabriel Messias Pantoja<\/strong>, nasceu fora da comunidade ind\u00edgena, em&nbsp;<strong>Porto Velho<\/strong>(RO). Foi apenas mais tarde com a uni\u00e3o de sua m\u00e3e com&nbsp;<strong>Mapu Ku\u00ee<\/strong>&nbsp;que o menino passou a viver no&nbsp;<strong>Centro Huw\u00e3 Karu Yuxibu<\/strong>&nbsp;(Centro de Fortalecimento da Identidade Cultural do Povo Huni Ku\u00ee), em<strong>Rio Branco<\/strong>&nbsp;(AC), e se identificar com as tradi\u00e7\u00f5es ancestrais ind\u00edgenas.<\/p>\n\n\n\n<p>Desde cedo, ele j\u00e1 demonstrava interesse pela m\u00fasica: aos nove anos de idade, revelou-se autodidata e come\u00e7ou a tocar viol\u00e3o sozinho. Foi a partir da\u00ed que come\u00e7ou a compor. Sua av\u00f3 materna, ao perceber o talento do neto, o matriculou em uma escola de m\u00fasica. E, desde ent\u00e3o, j\u00e1 possui mais de cinquenta composi\u00e7\u00f5es pr\u00f3prias.<\/p>\n\n\n\n<p><em>&#8220;Ix\u00e3 despertou a sensibilidade de todos ali presentes quando olhamos para sua hist\u00f3ria de vida: um garoto n\u00e3o ind\u00edgena que junto da m\u00e3e passa a integrar a vida e cultura do povo Huni Kuin e ent\u00e3o, passa a se encantar com a musicalidade tradicional, integra-se ao universo ind\u00edgena, se pinta, se veste e vive como um ind\u00edgena. Ele traz a sua poesia sobre o amor \u00e0 sua m\u00fasica. Vi em Ix\u00e3 um vetor de conex\u00e3o entre os dois mundos, sua hist\u00f3ria vai na contram\u00e3o dos enredos que estamos habituados a presenciar&#8221;<\/em>, fala&nbsp;<strong>Alok.<\/strong><\/p>\n\n\n\n<p><em><strong>Meu amor<\/strong><\/em>&nbsp;\u00e9 a estreia de Ix\u00e3 no mercado fonogr\u00e1fico. Com letra em portugu\u00eas, a m\u00fasica tematiza um dos sentimentos mais caros aos humanos e tamb\u00e9m um dos mais enigm\u00e1ticos:&nbsp;<em>&#8220;Volta para c\u00e1 \/ deixa eu falar \/ que eu te amo \/ mesmo sem conhecer o amor (\u2026) Meu amor \u00e9 seu \/ se o seu amor sou eu&#8221;.<\/em><\/p>\n","protected":false},"excerpt":{"rendered":"<p>Terra &#8211; O DJ e produtor\u00a0Alok, em seu \u00faltimo dia de grava\u00e7\u00f5es do \u00e1lbum autoral que ser\u00e1 lan\u00e7ado ainda neste ano, participou de uma cerim\u00f4nia espiritual foi organizada pelo cacique\u00a0Mapu Ku\u00ee, importante lideran\u00e7a ind\u00edgena do povo\u00a0Huni Ku\u00ee,\u00a0em forma de agradecimento aos trabalhos desenvolvidos ali no Sonast\u00e9rio, esp\u00e9cie de\u00a0QG musical\u00a0onde o DJ e sua equipe produziram&#8230;<a class=\"more-link\" href=\"http:\/\/blogdalucianaoliveira.com.br\/blog\/2022\/03\/04\/alok-anuncia-meu-amor-com-jovem-ixa-que-o-artista-conheceu-durante-ritual-indigena\/\">Continue a leitura <span class=\"meta-nav\">&raquo;<\/span><\/a><\/p>\n","protected":false},"author":1,"featured_media":0,"comment_status":"closed","ping_status":"open","sticky":false,"template":"","format":"standard","meta":{"_exactmetrics_skip_tracking":false,"_exactmetrics_sitenote_active":false,"_exactmetrics_sitenote_note":"","_exactmetrics_sitenote_category":0,"jetpack_post_was_ever_published":false,"_jetpack_newsletter_access":"","_jetpack_dont_email_post_to_subs":false,"_jetpack_newsletter_tier_id":0,"_jetpack_memberships_contains_paywalled_content":false,"_jetpack_memberships_contains_paid_content":false,"footnotes":"","jetpack_publicize_message":"","jetpack_publicize_feature_enabled":true,"jetpack_social_post_already_shared":true,"jetpack_social_options":{"image_generator_settings":{"template":"highway","enabled":false},"version":2}},"categories":[1],"tags":[],"class_list":["post-33366","post","type-post","status-publish","format-standard","hentry","category-notas"],"jetpack_publicize_connections":[],"jetpack_sharing_enabled":true,"jetpack_featured_media_url":"","jetpack_shortlink":"https:\/\/wp.me\/p7wKYW-8Ga","jetpack-related-posts":[],"_links":{"self":[{"href":"http:\/\/blogdalucianaoliveira.com.br\/blog\/wp-json\/wp\/v2\/posts\/33366","targetHints":{"allow":["GET"]}}],"collection":[{"href":"http:\/\/blogdalucianaoliveira.com.br\/blog\/wp-json\/wp\/v2\/posts"}],"about":[{"href":"http:\/\/blogdalucianaoliveira.com.br\/blog\/wp-json\/wp\/v2\/types\/post"}],"author":[{"embeddable":true,"href":"http:\/\/blogdalucianaoliveira.com.br\/blog\/wp-json\/wp\/v2\/users\/1"}],"replies":[{"embeddable":true,"href":"http:\/\/blogdalucianaoliveira.com.br\/blog\/wp-json\/wp\/v2\/comments?post=33366"}],"version-history":[{"count":1,"href":"http:\/\/blogdalucianaoliveira.com.br\/blog\/wp-json\/wp\/v2\/posts\/33366\/revisions"}],"predecessor-version":[{"id":33368,"href":"http:\/\/blogdalucianaoliveira.com.br\/blog\/wp-json\/wp\/v2\/posts\/33366\/revisions\/33368"}],"wp:attachment":[{"href":"http:\/\/blogdalucianaoliveira.com.br\/blog\/wp-json\/wp\/v2\/media?parent=33366"}],"wp:term":[{"taxonomy":"category","embeddable":true,"href":"http:\/\/blogdalucianaoliveira.com.br\/blog\/wp-json\/wp\/v2\/categories?post=33366"},{"taxonomy":"post_tag","embeddable":true,"href":"http:\/\/blogdalucianaoliveira.com.br\/blog\/wp-json\/wp\/v2\/tags?post=33366"}],"curies":[{"name":"wp","href":"https:\/\/api.w.org\/{rel}","templated":true}]}}