{"id":33369,"date":"2022-03-04T18:34:42","date_gmt":"2022-03-04T22:34:42","guid":{"rendered":"http:\/\/blogdalucianaoliveira.com.br\/blog\/?p=33369"},"modified":"2022-03-04T18:34:47","modified_gmt":"2022-03-04T22:34:47","slug":"jovens-correspondem-a-um-terco-dos-brasileiros-desempregados","status":"publish","type":"post","link":"http:\/\/blogdalucianaoliveira.com.br\/blog\/2022\/03\/04\/jovens-correspondem-a-um-terco-dos-brasileiros-desempregados\/","title":{"rendered":"JOVENS CORRESPONDEM A UM TER\u00c7O DOS BRASILEIROS DESEMPREGADOS"},"content":{"rendered":"\n<figure class=\"wp-block-image\"><img data-recalc-dims=\"1\" decoding=\"async\" src=\"https:\/\/i0.wp.com\/piaui.folha.uol.com.br\/wp-content\/uploads\/2022\/02\/06.-MINIPOST-Jovens-nem-nem-scaled.jpg?w=600&#038;ssl=1\" alt=\"\"\/><\/figure>\n\n\n\n<p>Revista Piau\u00ed &#8211; O desemprego cresceu vertiginosamente no Brasil durante a pandemia. Entre os grupos et\u00e1rios, os jovens tiveram as perdas mais significativas, em parte por causa da pouca ou nenhuma experi\u00eancia profissional. No terceiro trimestre de 2021, dos 13,4 milh\u00f5es de pessoas sem emprego, um ter\u00e7o \u2014 cerca de 5 milh\u00f5es \u2014 tinha entre 14 a 24 anos. S\u00e3o jovens considerados em idade produtiva pelo IBGE, mas que n\u00e3o colaboraram de maneira alguma com o mercado de trabalho.<\/p>\n\n\n\n<p>Veja mais dados no&nbsp;<a href=\"https:\/\/piaui.folha.uol.com.br\/uma-geracao-de-bracos-cruzados\/\"><em>=igualdades<\/em><\/a>&nbsp;desta semana.&nbsp;<\/p>\n\n\n\n<p><strong>Fonte:<\/strong>&nbsp;IBGE\/PNAD Cont\u00ednua.<br><\/p>\n","protected":false},"excerpt":{"rendered":"<p>Revista Piau\u00ed &#8211; O desemprego cresceu vertiginosamente no Brasil durante a pandemia. Entre os grupos et\u00e1rios, os jovens tiveram as perdas mais significativas, em parte por causa da pouca ou nenhuma experi\u00eancia profissional. No terceiro trimestre de 2021, dos 13,4 milh\u00f5es de pessoas sem emprego, um ter\u00e7o \u2014 cerca de 5 milh\u00f5es \u2014 tinha entre&#8230;<a class=\"more-link\" href=\"http:\/\/blogdalucianaoliveira.com.br\/blog\/2022\/03\/04\/jovens-correspondem-a-um-terco-dos-brasileiros-desempregados\/\">Continue a leitura <span class=\"meta-nav\">&raquo;<\/span><\/a><\/p>\n","protected":false},"author":1,"featured_media":0,"comment_status":"closed","ping_status":"open","sticky":false,"template":"","format":"standard","meta":{"_exactmetrics_skip_tracking":false,"_exactmetrics_sitenote_active":false,"_exactmetrics_sitenote_note":"","_exactmetrics_sitenote_category":0,"jetpack_post_was_ever_published":false,"_jetpack_newsletter_access":"","_jetpack_dont_email_post_to_subs":false,"_jetpack_newsletter_tier_id":0,"_jetpack_memberships_contains_paywalled_content":false,"_jetpack_memberships_contains_paid_content":false,"footnotes":"","jetpack_publicize_message":"","jetpack_publicize_feature_enabled":true,"jetpack_social_post_already_shared":true,"jetpack_social_options":{"image_generator_settings":{"template":"highway","enabled":false},"version":2}},"categories":[1],"tags":[],"class_list":["post-33369","post","type-post","status-publish","format-standard","hentry","category-notas"],"jetpack_publicize_connections":[],"jetpack_sharing_enabled":true,"jetpack_featured_media_url":"","jetpack_shortlink":"https:\/\/wp.me\/p7wKYW-8Gd","jetpack-related-posts":[],"_links":{"self":[{"href":"http:\/\/blogdalucianaoliveira.com.br\/blog\/wp-json\/wp\/v2\/posts\/33369","targetHints":{"allow":["GET"]}}],"collection":[{"href":"http:\/\/blogdalucianaoliveira.com.br\/blog\/wp-json\/wp\/v2\/posts"}],"about":[{"href":"http:\/\/blogdalucianaoliveira.com.br\/blog\/wp-json\/wp\/v2\/types\/post"}],"author":[{"embeddable":true,"href":"http:\/\/blogdalucianaoliveira.com.br\/blog\/wp-json\/wp\/v2\/users\/1"}],"replies":[{"embeddable":true,"href":"http:\/\/blogdalucianaoliveira.com.br\/blog\/wp-json\/wp\/v2\/comments?post=33369"}],"version-history":[{"count":1,"href":"http:\/\/blogdalucianaoliveira.com.br\/blog\/wp-json\/wp\/v2\/posts\/33369\/revisions"}],"predecessor-version":[{"id":33370,"href":"http:\/\/blogdalucianaoliveira.com.br\/blog\/wp-json\/wp\/v2\/posts\/33369\/revisions\/33370"}],"wp:attachment":[{"href":"http:\/\/blogdalucianaoliveira.com.br\/blog\/wp-json\/wp\/v2\/media?parent=33369"}],"wp:term":[{"taxonomy":"category","embeddable":true,"href":"http:\/\/blogdalucianaoliveira.com.br\/blog\/wp-json\/wp\/v2\/categories?post=33369"},{"taxonomy":"post_tag","embeddable":true,"href":"http:\/\/blogdalucianaoliveira.com.br\/blog\/wp-json\/wp\/v2\/tags?post=33369"}],"curies":[{"name":"wp","href":"https:\/\/api.w.org\/{rel}","templated":true}]}}