{"id":33373,"date":"2022-03-04T19:29:58","date_gmt":"2022-03-04T23:29:58","guid":{"rendered":"http:\/\/blogdalucianaoliveira.com.br\/blog\/?p=33373"},"modified":"2022-03-04T19:30:07","modified_gmt":"2022-03-04T23:30:07","slug":"projeto-terra-cura-esta-ameacado-de-encerrar-suas-atividades-de-reflorestamento-e-preservacao-ambiental-na-jerusalem-da-amazonia","status":"publish","type":"post","link":"http:\/\/blogdalucianaoliveira.com.br\/blog\/2022\/03\/04\/projeto-terra-cura-esta-ameacado-de-encerrar-suas-atividades-de-reflorestamento-e-preservacao-ambiental-na-jerusalem-da-amazonia\/","title":{"rendered":"PROJETO TERRA CURA EST\u00c1 AMEA\u00c7ADO DE ENCERRAR SUAS ATIVIDADES DE REFLORESTAMENTO E PRESERVA\u00c7\u00c3O AMBIENTAL NA JERUSAL\u00c9M DA AMAZ\u00d4NIA"},"content":{"rendered":"\n<figure class=\"wp-block-image size-large\"><img data-recalc-dims=\"1\" loading=\"lazy\" decoding=\"async\" width=\"320\" height=\"219\" data-attachment-id=\"33374\" data-permalink=\"http:\/\/blogdalucianaoliveira.com.br\/blog\/2022\/03\/04\/projeto-terra-cura-esta-ameacado-de-encerrar-suas-atividades-de-reflorestamento-e-preservacao-ambiental-na-jerusalem-da-amazonia\/c7f6f285-f5d7-4ed7-8153-7c556eefcda6\/\" data-orig-file=\"https:\/\/i0.wp.com\/blogdalucianaoliveira.com.br\/blog\/wp-content\/uploads\/2022\/03\/C7F6F285-F5D7-4ED7-8153-7C556EEFCDA6.jpeg?fit=320%2C219\" data-orig-size=\"320,219\" data-comments-opened=\"0\" data-image-meta=\"{&quot;aperture&quot;:&quot;0&quot;,&quot;credit&quot;:&quot;&quot;,&quot;camera&quot;:&quot;&quot;,&quot;caption&quot;:&quot;&quot;,&quot;created_timestamp&quot;:&quot;0&quot;,&quot;copyright&quot;:&quot;&quot;,&quot;focal_length&quot;:&quot;0&quot;,&quot;iso&quot;:&quot;0&quot;,&quot;shutter_speed&quot;:&quot;0&quot;,&quot;title&quot;:&quot;&quot;,&quot;orientation&quot;:&quot;0&quot;}\" data-image-title=\"C7F6F285-F5D7-4ED7-8153-7C556EEFCDA6\" data-image-description=\"\" data-image-caption=\"\" data-medium-file=\"https:\/\/i0.wp.com\/blogdalucianaoliveira.com.br\/blog\/wp-content\/uploads\/2022\/03\/C7F6F285-F5D7-4ED7-8153-7C556EEFCDA6.jpeg?fit=300%2C205\" data-large-file=\"https:\/\/i0.wp.com\/blogdalucianaoliveira.com.br\/blog\/wp-content\/uploads\/2022\/03\/C7F6F285-F5D7-4ED7-8153-7C556EEFCDA6.jpeg?fit=320%2C219\" src=\"https:\/\/i0.wp.com\/blogdalucianaoliveira.com.br\/blog\/wp-content\/uploads\/2022\/03\/C7F6F285-F5D7-4ED7-8153-7C556EEFCDA6.jpeg?resize=320%2C219\" alt=\"\" class=\"wp-image-33374\" srcset=\"https:\/\/i0.wp.com\/blogdalucianaoliveira.com.br\/blog\/wp-content\/uploads\/2022\/03\/C7F6F285-F5D7-4ED7-8153-7C556EEFCDA6.jpeg?w=320 320w, https:\/\/i0.wp.com\/blogdalucianaoliveira.com.br\/blog\/wp-content\/uploads\/2022\/03\/C7F6F285-F5D7-4ED7-8153-7C556EEFCDA6.jpeg?resize=300%2C205 300w\" sizes=\"auto, (max-width: 320px) 100vw, 320px\" \/><\/figure>\n\n\n\n<p>O coletivo realizador do projeto Terra Cura, vem de p\u00fablico anunciar que a partir deste m\u00eas foi unilateralmente \u201cconvidado\u201d a encerrar suas atividades coletivas e volunt\u00e1rias de reflorestamento e permacultura no espa\u00e7o onde est\u00e1 localizado o Teatro Jerusal\u00e9m da Amaz\u00f4nia, que foi constru\u00eddo em terras da uni\u00e3o, cedidas para o Clube Teatral \u00caxodo.<\/p>\n\n\n\n<!--more-->\n\n\n\n<p>A retirada do projeto do interior da cidade cenogr\u00e1fica foi solicitada com o peso de um ultimato documentado pela Diretoria do \u00caxodo que alega apenas n\u00e3o mais ter interesse no trabalho de reflorestamento, recupera\u00e7\u00e3o de \u00e1rea degradada, implanta\u00e7\u00e3o de um sistema agroflorestal, paisagismo, jardinagem, viveiro e laborat\u00f3rio para o desenvolvimento de t\u00e9cnicas de bioconstru\u00e7\u00e3o (constru\u00e7\u00e3o com menor impacto ambiental e em harmonia com a natureza), atividades estas que o Terra Cura vinha desenvolvendo no local, primando sempre pelo cuidado com a terra e com o desenvolvimento do Ser.<\/p>\n\n\n\n<figure class=\"wp-block-image\"><a href=\"https:\/\/blogger.googleusercontent.com\/img\/a\/AVvXsEioidfA71-K_B47Eb2MNGhU1xG81-Tt0Ey3rqh_WYLbFyEdoaptbo5aQ450gAd3_M774Xs_bGh6x7ZceonICnB6njTI0fOI21LzKi2KoXHPkDi3BZ70U3rKm5qugdsUa_8Z5DdOqjby5SKFm2VrB5Hiwm_oVKed81Q8iXYKylB84WeZY1-5UmOLQTXdrQ=s1280\"><img decoding=\"async\" src=\"https:\/\/blogger.googleusercontent.com\/img\/a\/AVvXsEioidfA71-K_B47Eb2MNGhU1xG81-Tt0Ey3rqh_WYLbFyEdoaptbo5aQ450gAd3_M774Xs_bGh6x7ZceonICnB6njTI0fOI21LzKi2KoXHPkDi3BZ70U3rKm5qugdsUa_8Z5DdOqjby5SKFm2VrB5Hiwm_oVKed81Q8iXYKylB84WeZY1-5UmOLQTXdrQ=s320\" alt=\"\"\/><\/a><\/figure>\n\n\n\n<p>A decis\u00e3o unilateral da diretoria, em depor do espa\u00e7o o Projeto Terra Cura e seus feitos&nbsp;eco ambientais, diga-se de passagem, \u00e9 um fato lament\u00e1vel e prejudicial, pois aquela \u00e1rea, dada a sua extens\u00e3o, ainda sofre com as nocivas degrada\u00e7\u00f5es causadas pelo desmatamento e outras desconfigura\u00e7\u00f5es ambientais ali ainda evidentes e promovidas pela a\u00e7\u00e3o humana, o que sugere e requer interven\u00e7\u00f5es saud\u00e1veis como medidas de minora\u00e7\u00e3o e solu\u00e7\u00f5es quanto ao impacto do destrato ambiental de alguns anos, ali promovido.<\/p>\n\n\n\n<p>Como medidas de tentar manter vivo, e contributivo ao espa\u00e7o as a\u00e7\u00f5es planejadas, representantes do Projeto Terra Cura tentaram reunir com os diretores e fundadores do Clube Teatral \u00caxodo, para conversar e mostrar a import\u00e2ncia do trabalho volunt\u00e1rio que realizaram no local, por\u00e9m n\u00e3o tiveram nenhuma resposta sobre as solicita\u00e7\u00f5es encaminhadas, mostrando assim a forma arbitr\u00e1ria com que a atual diretoria se comporta, se esquivando e se eximindo ao di\u00e1logo com a sua comunidade de entorno e seus colaboradores. \u00c9 lament\u00e1vel esta postura, principalmente nos dias atuais, onde resta claro que o di\u00e1logo \u00e9 o caminho mais s\u00f3lido a se buscar para a harmonia e entendimento.<\/p>\n\n\n\n<p>No entanto, h\u00e1 de se considerar e refletir sobre a postura atrofiada assumida pelo Grupo \u00caxodo, que reside num espa\u00e7o de terra em \u00e1rea rural, cercada de produtores e agentes desse setor e que nega o di\u00e1logo franco e aberto, sobre a defesa e as saud\u00e1veis pr\u00e1ticas ambientais do seu pr\u00f3prio espa\u00e7o e entorno. Ali\u00e1s o Clube Teatral \u00caxodo, \u00e9 uma organiza\u00e7\u00e3o cultural conhecida e que, pelas suas pr\u00e1ticas vigentes se diz signat\u00e1ria da coisa e da causa cultural, mas desdiz o que carrega na sua nomenclatura e titula\u00e7\u00e3o, a saber:&nbsp;<strong>ASSOCIA\u00c7\u00c3O CULTURAL DO CLUBE TEATRAL \u00caXODO.&nbsp;<\/strong>Entretanto o que faz puir e macular a ess\u00eancia de sua nomina\u00e7\u00e3o afinal, uma institui\u00e7\u00e3o de cultura, al\u00e9m das suas pertin\u00eancias, tamb\u00e9m prega e preza pelas rela\u00e7\u00f5es diplom\u00e1ticas, pela defesa do meio ambiente e pelo enlace e fraternidade social.&nbsp;<a href=\"https:\/\/blogger.googleusercontent.com\/img\/a\/AVvXsEh6IMrVXdOCJNPl6FtAZ0vd7WdXZ6W6Ti-TnJF0dmgZa2w9X8eHh6knKa_-zfgHygd_LOfYfpVl7KoPmnX3JMA_2zdIkqBHeOXmegd0NqA8-3ieUbOcGSpQvc58diknPOddR9xRpxt1tWwuvMp9YGteEySli8FMgaZugB_xdWioajeuzAR_16NGqXn0Dw=s720\"><\/a><br>O projeto Terra Cura, enquanto coletivo busca, exercer as suas atividades agregando um voluntariado diversificado com profissionais de \u00e1reas distintas e pessoas sens\u00edveis \u00e0s quest\u00f5es e valores das causas ambientais, e \u00e9 formado por profissionais de diversas \u00e1reas de atua\u00e7\u00e3o, a saber: jornalistas, m\u00e9dicos, ambientalistas, engenheiros florestais, advogados, terapeutas, analistas de sistemas, administradores, empres\u00e1rios, publicit\u00e1rios, artistas da pluralidade cultural local, arquitetos, servidores p\u00fablicos, professores, homens e mulheres do campo, dentre outros tantos.&nbsp;<\/p>\n\n\n\n<p>Al\u00e9m de todos esses envolvimentos, o projeto Terra Cura acolhe em suas&nbsp;&nbsp;atividades estudantes de institui\u00e7\u00f5es de Ensino Superior, como&nbsp;&nbsp;os alunos de arquitetura da Faculdade S\u00e3o Lucas, de Engenharia Florestal da Universidade Federal do Amazonas (UFAM) e tamb\u00e9m do ensino t\u00e9cnico como os alunos de t\u00e9cnicas em edifica\u00e7\u00f5es do Instituto Federal de Rond\u00f4nia (IFRO) que chegam at\u00e9 o local buscando conhecimento sobre novas t\u00e9cnicas construtivas atrav\u00e9s da bioconstru\u00e7\u00e3o da Casa M\u00e3e, um projeto piloto e invovador de constru\u00e7\u00e3o sustent\u00e1vel e ecol\u00f3gica, sendo a primeira constru\u00e7\u00e3o com a t\u00e9cnica de hiperadobe na regi\u00e3o norte.&nbsp;<\/p>\n\n\n\n<figure class=\"wp-block-image\"><a href=\"https:\/\/blogger.googleusercontent.com\/img\/a\/AVvXsEjlVO7HV5PO9FHF1UIXaczEoFsZX1BTqqgOJj9urMZecPp-zm1C0KaLibfiZEBBQvyn3aGiSqUEN00M6ol40SZxmELdAFiD6RKMYDaIrGgqqzzFBgg6UZBUrD8q8yIkk-YlZ0DAhtGXmGuGqAwIhaZ1W07x-hTYWVRAL0uwOjIHhrOCIAzLDa6RvqxclA=s1024\"><img decoding=\"async\" src=\"https:\/\/blogger.googleusercontent.com\/img\/a\/AVvXsEjlVO7HV5PO9FHF1UIXaczEoFsZX1BTqqgOJj9urMZecPp-zm1C0KaLibfiZEBBQvyn3aGiSqUEN00M6ol40SZxmELdAFiD6RKMYDaIrGgqqzzFBgg6UZBUrD8q8yIkk-YlZ0DAhtGXmGuGqAwIhaZ1W07x-hTYWVRAL0uwOjIHhrOCIAzLDa6RvqxclA=s320\" alt=\"\"\/><\/a><\/figure>\n\n\n\n<p>O projeto Casa M\u00e3e \u00e9 refer\u00eancia para estudos e pr\u00e1ticas de biconstru\u00e7\u00e3o e no m\u00eas passado (fevereiro de 2022) foi apresentado no&nbsp;<strong>VIII Congresso de Arquitetura e Constru\u00e7\u00e3o com Terra no Brasil,<\/strong>&nbsp;que aconteceu na cidade de Florian\u00f3polis e resultou em um artigo publicado nos anais do&nbsp;<strong>Terra Brasil 2022.<\/strong>&nbsp;&nbsp;Enquanto arquitetos de todo o Brasil, elogiavam a iniciativa e o projeto da Casa M\u00e3e, o presidente do Clube Teatral Ex\u00f4do,&nbsp;o senhor&nbsp;Joel Limoeiro Martins, em mensagem de \u00e1udio enviada em um grupo de whatsapp da Associa\u00e7\u00e3o do Clube teatral \u00caxodo &#8211; ACTE se refere ao projeto arquitet\u00f4nico Casa M\u00e3e como&nbsp;<em>\u201cum monte de barro velho,\u201d<\/em>&nbsp;demonstrando a repulsa, a ignor\u00e2ncia, a hostilidade e a falta de respeito com que o presidente trata um projeto coletivo de biorquitetura e bioconstru\u00e7\u00e3o, que promove o avan\u00e7o de novas tecnologias sustent\u00e1veis.&nbsp;<\/p>\n\n\n\n<p>O projeto Terra Cura realiza tamb\u00e9m atividades, na Jerusal\u00e9m da Amaz\u00f4nia, com parceiros como o Instituto Lixo Zero, movimento internacional que promove educa\u00e7\u00e3o ambiental em todo o mundo. Afinal quando foi iniciado o reflorestamento na \u00e1rea o maior desafio foi sensibilizar os respons\u00e1veis pelo local a parar de jogar todo o seu lixo nas eros\u00f5es \u00e0s margens do rio das Gar\u00e7as e igarap\u00e9 e destinar os res\u00edduos de forma adequada.&nbsp;<\/p>\n\n\n\n<p>Enquanto Coletivo voltado ao meio ambiente e educa\u00e7\u00e3o ambiental, promovemos atividades de educa\u00e7\u00e3o ambiental com os alunos da Escola Jerusal\u00e9m da Amaz\u00f4nia, realizando palestras e atividades de plantio com as crian\u00e7as, visando a conscientiza\u00e7\u00e3o em rela\u00e7\u00e3o a&nbsp;preserva\u00e7\u00e3o daquela \u00e1rea e a import\u00e2ncia de manter a floresta em p\u00e9.&nbsp;<\/p>\n\n\n\n<figure class=\"wp-block-image\"><a href=\"https:\/\/blogger.googleusercontent.com\/img\/a\/AVvXsEgHMHWYSjLUdxTKwHn4z85nFBVnQw4BdKJ6zW2bLpggJMLvjPn8pSRmMPqoVogvNHdqSFNAXeTKxe0PcKu4Zcy1aaI6SM-jdEsfXf0x59ItqDN2W9k0BXdEtIUjSSFUATfd-oB4rHODSjUf48J1z-pdfj7lceUng27AqsHAjteKGh_M5YC-KLhV0XWjzQ=s720\"><img decoding=\"async\" src=\"https:\/\/blogger.googleusercontent.com\/img\/a\/AVvXsEgHMHWYSjLUdxTKwHn4z85nFBVnQw4BdKJ6zW2bLpggJMLvjPn8pSRmMPqoVogvNHdqSFNAXeTKxe0PcKu4Zcy1aaI6SM-jdEsfXf0x59ItqDN2W9k0BXdEtIUjSSFUATfd-oB4rHODSjUf48J1z-pdfj7lceUng27AqsHAjteKGh_M5YC-KLhV0XWjzQ=s320\" alt=\"\"\/><\/a><\/figure>\n\n\n\n<p>O coletivo Terra Cura foi \u201cconvidado\u201d a encerrar suas atividades na Jerusal\u00e9m da Amaz\u00f4nia (quanto ao futuro, ainda \u00e9 incerto), mas uma certeza \u00e9 que sempre estaremos atuando com o reflorestamento e propaga\u00e7\u00e3o da Permacultura em espa\u00e7os, onde a defesa e o cuidado com o meio ambiente, onde o uso equilibrado e saud\u00e1vel do solo e dos espa\u00e7os seja poss\u00edvel e compreendido e, onde a vida humana e da natureza sejam cultivadas e regadas tendo o cuidado com o outro e a partilha justa como princ\u00edpios inegoci\u00e1veis.&nbsp;<\/p>\n\n\n\n<p>Infelizmente ainda n\u00e3o conseguimos recuperar toda \u00e1rea degradada e&nbsp;&nbsp;concluir o projeto de bioconstru\u00e7\u00e3o Casa M\u00e3e, uma vez que este projeto sempre foi feito pelo coletivo e para o coletivo.&nbsp;<\/p>\n\n\n\n<p>O Terra Cura agradece o apoio e respeito dos moradores da comunidade, institui\u00e7\u00f5es p\u00fablicas e privadas, \u00e0 dire\u00e7\u00e3o e professores da Escola Municipal Jerusal\u00e9m da Amaz\u00f4nia e a diretoria anterior do Grupo \u00caxodo que sempre nos incentivou a recupera\u00e7\u00e3o da degradada no local.&nbsp;<\/p>\n\n\n\n<p>O coletivo torna p\u00fablico que segue firme, com a certeza de toda a contribui\u00e7\u00e3o que faz para aquela \u00e1rea que, de acordo com o artigo 2\u00ba do C\u00f3digo Florestal, tem como finalidade prec\u00edpua proteger a cobertura vegetal, onde encontra-se expressamente elencada como Floresta de Preserva\u00e7\u00e3o Permanente, as \u00e1reas situadas ao longo dos rios ou de qualquer curso d`\u00e1gua.<\/p>\n\n\n\n<p>O Coletivo Terra Cura refor\u00e7a sua imensa gratid\u00e3o a cada ser humano que passa por ali e se doa de cora\u00e7\u00e3o e boa vontade e compartilha com o nosso coletivo a viv\u00eancia em harmonia com a natureza, o respeito ao pr\u00f3ximo e as diferen\u00e7as, o resgate de saberes ancestrais e a cura pela natureza.&nbsp;<\/p>\n\n\n\n<p>Para darmos esclarecimentos, informes, bem como prestarmos\u00a0<strong>satisfa\u00e7\u00e3o social, ambiental, e trazer ao conhecimento p\u00fablico e, a\u00a0<\/strong>quem quiser e interessar possa, sobre todas as a\u00e7\u00f5es que realizamos desde 2016 at\u00e9 o presente momento, disponibilizamos atrav\u00e9s do link\u00a0<a rel=\"noreferrer noopener\" href=\"http:\/\/encurtador.com.br\/rtBO9\" target=\"_blank\">A\u00e7\u00f5es Terra Cura<\/a>um relat\u00f3rio descritivo com texto e fotos das atividades.<\/p>\n\n\n\n<p><\/p>\n\n\n\n<p>da assessoria <\/p>\n","protected":false},"excerpt":{"rendered":"<p>O coletivo realizador do projeto Terra Cura, vem de p\u00fablico anunciar que a partir deste m\u00eas foi unilateralmente \u201cconvidado\u201d a encerrar suas atividades coletivas e volunt\u00e1rias de reflorestamento e permacultura no espa\u00e7o onde est\u00e1 localizado o Teatro Jerusal\u00e9m da Amaz\u00f4nia, que foi constru\u00eddo em terras da uni\u00e3o, cedidas para o Clube Teatral \u00caxodo.<\/p>\n","protected":false},"author":1,"featured_media":0,"comment_status":"closed","ping_status":"open","sticky":false,"template":"","format":"standard","meta":{"_exactmetrics_skip_tracking":false,"_exactmetrics_sitenote_active":false,"_exactmetrics_sitenote_note":"","_exactmetrics_sitenote_category":0,"jetpack_post_was_ever_published":false,"_jetpack_newsletter_access":"","_jetpack_dont_email_post_to_subs":false,"_jetpack_newsletter_tier_id":0,"_jetpack_memberships_contains_paywalled_content":false,"_jetpack_memberships_contains_paid_content":false,"footnotes":"","jetpack_publicize_message":"","jetpack_publicize_feature_enabled":true,"jetpack_social_post_already_shared":true,"jetpack_social_options":{"image_generator_settings":{"template":"highway","enabled":false},"version":2}},"categories":[1],"tags":[],"class_list":["post-33373","post","type-post","status-publish","format-standard","hentry","category-notas"],"jetpack_publicize_connections":[],"jetpack_sharing_enabled":true,"jetpack_featured_media_url":"","jetpack_shortlink":"https:\/\/wp.me\/p7wKYW-8Gh","jetpack-related-posts":[],"_links":{"self":[{"href":"http:\/\/blogdalucianaoliveira.com.br\/blog\/wp-json\/wp\/v2\/posts\/33373","targetHints":{"allow":["GET"]}}],"collection":[{"href":"http:\/\/blogdalucianaoliveira.com.br\/blog\/wp-json\/wp\/v2\/posts"}],"about":[{"href":"http:\/\/blogdalucianaoliveira.com.br\/blog\/wp-json\/wp\/v2\/types\/post"}],"author":[{"embeddable":true,"href":"http:\/\/blogdalucianaoliveira.com.br\/blog\/wp-json\/wp\/v2\/users\/1"}],"replies":[{"embeddable":true,"href":"http:\/\/blogdalucianaoliveira.com.br\/blog\/wp-json\/wp\/v2\/comments?post=33373"}],"version-history":[{"count":1,"href":"http:\/\/blogdalucianaoliveira.com.br\/blog\/wp-json\/wp\/v2\/posts\/33373\/revisions"}],"predecessor-version":[{"id":33375,"href":"http:\/\/blogdalucianaoliveira.com.br\/blog\/wp-json\/wp\/v2\/posts\/33373\/revisions\/33375"}],"wp:attachment":[{"href":"http:\/\/blogdalucianaoliveira.com.br\/blog\/wp-json\/wp\/v2\/media?parent=33373"}],"wp:term":[{"taxonomy":"category","embeddable":true,"href":"http:\/\/blogdalucianaoliveira.com.br\/blog\/wp-json\/wp\/v2\/categories?post=33373"},{"taxonomy":"post_tag","embeddable":true,"href":"http:\/\/blogdalucianaoliveira.com.br\/blog\/wp-json\/wp\/v2\/tags?post=33373"}],"curies":[{"name":"wp","href":"https:\/\/api.w.org\/{rel}","templated":true}]}}