{"id":33380,"date":"2022-03-06T21:12:38","date_gmt":"2022-03-07T01:12:38","guid":{"rendered":"http:\/\/blogdalucianaoliveira.com.br\/blog\/?p=33380"},"modified":"2022-03-06T21:12:43","modified_gmt":"2022-03-07T01:12:43","slug":"o-antifenomeno-a-jornada-presidencial-de-sergio-moro","status":"publish","type":"post","link":"http:\/\/blogdalucianaoliveira.com.br\/blog\/2022\/03\/06\/o-antifenomeno-a-jornada-presidencial-de-sergio-moro\/","title":{"rendered":"O ANTIFEN\u00d4MENO; A jornada presidencial de Sergio Moro"},"content":{"rendered":"\n<figure class=\"wp-block-image size-large\"><img data-recalc-dims=\"1\" loading=\"lazy\" decoding=\"async\" width=\"600\" height=\"384\" data-attachment-id=\"33381\" data-permalink=\"http:\/\/blogdalucianaoliveira.com.br\/blog\/2022\/03\/06\/o-antifenomeno-a-jornada-presidencial-de-sergio-moro\/28760507-f99d-4525-ae05-4714dde21161\/\" data-orig-file=\"https:\/\/i0.wp.com\/blogdalucianaoliveira.com.br\/blog\/wp-content\/uploads\/2022\/03\/28760507-F99D-4525-AE05-4714DDE21161.jpeg?fit=1025%2C656\" data-orig-size=\"1025,656\" data-comments-opened=\"0\" data-image-meta=\"{&quot;aperture&quot;:&quot;0&quot;,&quot;credit&quot;:&quot;&quot;,&quot;camera&quot;:&quot;&quot;,&quot;caption&quot;:&quot;&quot;,&quot;created_timestamp&quot;:&quot;0&quot;,&quot;copyright&quot;:&quot;&quot;,&quot;focal_length&quot;:&quot;0&quot;,&quot;iso&quot;:&quot;0&quot;,&quot;shutter_speed&quot;:&quot;0&quot;,&quot;title&quot;:&quot;&quot;,&quot;orientation&quot;:&quot;1&quot;}\" data-image-title=\"28760507-F99D-4525-AE05-4714DDE21161\" data-image-description=\"\" data-image-caption=\"\" data-medium-file=\"https:\/\/i0.wp.com\/blogdalucianaoliveira.com.br\/blog\/wp-content\/uploads\/2022\/03\/28760507-F99D-4525-AE05-4714DDE21161.jpeg?fit=300%2C192\" data-large-file=\"https:\/\/i0.wp.com\/blogdalucianaoliveira.com.br\/blog\/wp-content\/uploads\/2022\/03\/28760507-F99D-4525-AE05-4714DDE21161.jpeg?fit=600%2C384\" src=\"https:\/\/i0.wp.com\/blogdalucianaoliveira.com.br\/blog\/wp-content\/uploads\/2022\/03\/28760507-F99D-4525-AE05-4714DDE21161.jpeg?resize=600%2C384\" alt=\"\" class=\"wp-image-33381\" srcset=\"https:\/\/i0.wp.com\/blogdalucianaoliveira.com.br\/blog\/wp-content\/uploads\/2022\/03\/28760507-F99D-4525-AE05-4714DDE21161.jpeg?w=1025 1025w, https:\/\/i0.wp.com\/blogdalucianaoliveira.com.br\/blog\/wp-content\/uploads\/2022\/03\/28760507-F99D-4525-AE05-4714DDE21161.jpeg?resize=300%2C192 300w, https:\/\/i0.wp.com\/blogdalucianaoliveira.com.br\/blog\/wp-content\/uploads\/2022\/03\/28760507-F99D-4525-AE05-4714DDE21161.jpeg?resize=768%2C492 768w, https:\/\/i0.wp.com\/blogdalucianaoliveira.com.br\/blog\/wp-content\/uploads\/2022\/03\/28760507-F99D-4525-AE05-4714DDE21161.jpeg?resize=469%2C300 469w\" sizes=\"auto, (max-width: 600px) 100vw, 600px\" \/><\/figure>\n\n\n\n<p>Revista Piau\u00ed &#8211; A missa de domingo na Catedral da S\u00e9 na cidade do Crato come\u00e7a pontualmente \u00e0s 19 horas. Na noite de 6 de fevereiro, cerca de 250 fi\u00e9is ocupavam os bancos enquanto aguardavam o padre Raimundo Pedro, que acabou se atrasando. Quando finalmente chegou ao altar, \u00e0s 19h11, o p\u00e1roco n\u00e3o precisou se explicar. Pouco antes do come\u00e7o da missa, um ajudante paroquial deu os primeiros recados da noite e uma pista do motivo da demora: \u201cTemos hoje aqui a presen\u00e7a do juiz Sergio Moro e do senador Eduardo Gir\u00e3o\u201d, disse. O p\u00fablico recebeu o aviso com indiferen\u00e7a. Quase ningu\u00e9m olhou ao redor tentando localizar os visitantes ilustres.<\/p>\n\n\n\n<p>O padre rezou a missa normalmente, mas, antes da b\u00ean\u00e7\u00e3o final, achou que devia justificar a presen\u00e7a de Moro e sua comitiva, que se acomodaram nos bancos intermedi\u00e1rios, nem na frente nem nos fundos da igreja. Disse que, minutos antes da missa, fora procurado na sacristia pelo filho de um \u201cnobre cidad\u00e3o cratense\u201d, que estava acompanhado do ex-juiz e de outras autoridades. Houve sil\u00eancio. \u201cNosso costume, como brasileiro, como nordestino, como cearense, \u00e9 de acolher bem a todos. Sejam bem-vindos\u201d, disse o p\u00e1roco, convocando os fi\u00e9is a bater palmas para os visitantes. O aplauso durou sete segundos.<\/p>\n","protected":false},"excerpt":{"rendered":"<p>Revista Piau\u00ed &#8211; A missa de domingo na Catedral da S\u00e9 na cidade do Crato come\u00e7a pontualmente \u00e0s 19 horas. Na noite de 6 de fevereiro, cerca de 250 fi\u00e9is ocupavam os bancos enquanto aguardavam o padre Raimundo Pedro, que acabou se atrasando. Quando finalmente chegou ao altar, \u00e0s 19h11, o p\u00e1roco n\u00e3o precisou se&#8230;<a class=\"more-link\" href=\"http:\/\/blogdalucianaoliveira.com.br\/blog\/2022\/03\/06\/o-antifenomeno-a-jornada-presidencial-de-sergio-moro\/\">Continue a leitura <span class=\"meta-nav\">&raquo;<\/span><\/a><\/p>\n","protected":false},"author":1,"featured_media":0,"comment_status":"closed","ping_status":"open","sticky":false,"template":"","format":"standard","meta":{"_exactmetrics_skip_tracking":false,"_exactmetrics_sitenote_active":false,"_exactmetrics_sitenote_note":"","_exactmetrics_sitenote_category":0,"jetpack_post_was_ever_published":false,"_jetpack_newsletter_access":"","_jetpack_dont_email_post_to_subs":false,"_jetpack_newsletter_tier_id":0,"_jetpack_memberships_contains_paywalled_content":false,"_jetpack_memberships_contains_paid_content":false,"footnotes":"","jetpack_publicize_message":"","jetpack_publicize_feature_enabled":true,"jetpack_social_post_already_shared":true,"jetpack_social_options":{"image_generator_settings":{"template":"highway","enabled":false},"version":2}},"categories":[1],"tags":[],"class_list":["post-33380","post","type-post","status-publish","format-standard","hentry","category-notas"],"jetpack_publicize_connections":[],"jetpack_sharing_enabled":true,"jetpack_featured_media_url":"","jetpack_shortlink":"https:\/\/wp.me\/p7wKYW-8Go","jetpack-related-posts":[],"_links":{"self":[{"href":"http:\/\/blogdalucianaoliveira.com.br\/blog\/wp-json\/wp\/v2\/posts\/33380","targetHints":{"allow":["GET"]}}],"collection":[{"href":"http:\/\/blogdalucianaoliveira.com.br\/blog\/wp-json\/wp\/v2\/posts"}],"about":[{"href":"http:\/\/blogdalucianaoliveira.com.br\/blog\/wp-json\/wp\/v2\/types\/post"}],"author":[{"embeddable":true,"href":"http:\/\/blogdalucianaoliveira.com.br\/blog\/wp-json\/wp\/v2\/users\/1"}],"replies":[{"embeddable":true,"href":"http:\/\/blogdalucianaoliveira.com.br\/blog\/wp-json\/wp\/v2\/comments?post=33380"}],"version-history":[{"count":1,"href":"http:\/\/blogdalucianaoliveira.com.br\/blog\/wp-json\/wp\/v2\/posts\/33380\/revisions"}],"predecessor-version":[{"id":33382,"href":"http:\/\/blogdalucianaoliveira.com.br\/blog\/wp-json\/wp\/v2\/posts\/33380\/revisions\/33382"}],"wp:attachment":[{"href":"http:\/\/blogdalucianaoliveira.com.br\/blog\/wp-json\/wp\/v2\/media?parent=33380"}],"wp:term":[{"taxonomy":"category","embeddable":true,"href":"http:\/\/blogdalucianaoliveira.com.br\/blog\/wp-json\/wp\/v2\/categories?post=33380"},{"taxonomy":"post_tag","embeddable":true,"href":"http:\/\/blogdalucianaoliveira.com.br\/blog\/wp-json\/wp\/v2\/tags?post=33380"}],"curies":[{"name":"wp","href":"https:\/\/api.w.org\/{rel}","templated":true}]}}