{"id":33389,"date":"2022-03-07T11:58:35","date_gmt":"2022-03-07T15:58:35","guid":{"rendered":"http:\/\/blogdalucianaoliveira.com.br\/blog\/?p=33389"},"modified":"2022-03-07T11:58:41","modified_gmt":"2022-03-07T15:58:41","slug":"dia-das-mulheres-sera-marcado-pela-luta-por-um-brasil-sem-machismo-e-sem-bolsonaro","status":"publish","type":"post","link":"http:\/\/blogdalucianaoliveira.com.br\/blog\/2022\/03\/07\/dia-das-mulheres-sera-marcado-pela-luta-por-um-brasil-sem-machismo-e-sem-bolsonaro\/","title":{"rendered":"Dia das Mulheres ser\u00e1 marcado pela luta por um \u2018Brasil sem machismo e sem Bolsonaro\u2019"},"content":{"rendered":"\n<figure class=\"wp-block-image\"><img data-recalc-dims=\"1\" decoding=\"async\" src=\"https:\/\/i0.wp.com\/www.redebrasilatual.com.br\/wp-content\/uploads\/2022\/03\/bolsonaro-nunca-mais-mulheres.jpg?w=600&#038;ssl=1\" alt=\"bolsonaro-nunca-mais-mulheres\"\/><\/figure>\n\n\n\n<p>Manifesta\u00e7\u00f5es para este 8 de Mar\u00e7o est\u00e3o previstas em mais de 30 cidades. Mulheres sem-terra e da \u00e1rea cient\u00edfica tamb\u00e9m preparam debates e a\u00e7\u00f5es para marcar o movimento mundial por igualdade.<\/p>\n\n\n\n<!--more-->\n\n\n\n<p>Rede Brasil Atual \u2013 No Dia Internacional da Mulher, celebrado nesta ter\u00e7a-feira (8), mulheres de todo o Brasil voltam a protagonizar manifesta\u00e7\u00f5es nacionais contra o governo Bolsonaro. Entidades e coletivos feministas pretendem ocupar as ruas e as redes para bradar \u201cPela vida das Mulheres\u201d\u00a0 e\u00a0<a rel=\"noreferrer noopener\" href=\"https:\/\/www.redebrasilatual.com.br\/tag\/bolsonaro-nunca-mais\/\" target=\"_blank\">\u201cBolsonaro nunca mais!\u201d<\/a>. As manifesta\u00e7\u00f5es est\u00e3o confirmadas em 30 cidades, em pelo menos 15 estados e no Distrito Federal. Em pauta, as mulheres tamb\u00e9m v\u00e3o buscar \u201cum Brasil sem machismo, sem racismo e sem fome\u201d. Um lema nacional que sintetiza as diversas batalhas travadas pelas brasileiras e que abre as primeiras lutas sociais do pa\u00eds neste ano.\u00a0<\/p>\n\n\n\n<p>Em dezembro, as mulheres fecharam as&nbsp;<a href=\"https:\/\/www.redebrasilatual.com.br\/tag\/fora-bolsonaro\/\" target=\"_blank\" rel=\"noreferrer noopener\">jornadas pelo Fora Bolsonaro<\/a>, expondo especificamente a situa\u00e7\u00e3o desse segmento da popula\u00e7\u00e3o que considera o governo federal uma \u201camea\u00e7a direta \u00e0 vida das mulheres\u201d. Mas o ato nesta ter\u00e7a marca o retorno \u00e0s ruas no Dia da Mulher ap\u00f3s a mobiliza\u00e7\u00e3o virtual, no ano passado, por causa da pandemia de covid-19.&nbsp;<\/p>\n\n\n\n<p>Na prepara\u00e7\u00e3o para esta retomada, a Articula\u00e7\u00e3o Nacional de Mulheres Bolsonaro Nunca Mais divulgou um&nbsp;<a href=\"https:\/\/www.redebrasilatual.com.br\/cidadania\/2022\/02\/8m-movimento-mulheres-contra-bolsonaro\/\" target=\"_blank\" rel=\"noreferrer noopener\">manifesto de entidades<\/a>&nbsp;que denuncia que \u201co aprofundamento da crise econ\u00f4mica no Brasil e no mundo, somado \u00e0 pol\u00edtica da fome, do desemprego e da morte conduzida pelo governo Bolsonaro, que tem tornado a vida do povo ainda mais dif\u00edcil, atingindo, principalmente, as mulheres da classe trabalhadora\u201d.&nbsp;<\/p>\n\n\n\n<h2 class=\"wp-block-heading\"><strong>Mulheres na ci\u00eancia<\/strong><\/h2>\n\n\n\n<p>Segundo a Pesquisa Nacional por Amostra de Domic\u00edlios (Pnad) Cont\u00ednua, do IBGE, a taxa de desocupa\u00e7\u00e3o entre as mulheres&nbsp;foi de 13,9% no quarto trimestre de 2021, enquanto para os homens foi de 9%. Al\u00e9m disso, de acordo com boletim do Observat\u00f3rio Covid-19, da Funda\u00e7\u00e3o Oswaldo Cruz (Fiocruz), divulgado em 2021, o&nbsp;Brasil \u00e9 o pa\u00eds com o maior n\u00famero de mortes maternas causadas pela covid-19. At\u00e9 maio daquele ano, a taxa de letalidade materna era de 7,2%. Mais que o dobro da taxa de letalidade do pa\u00eds, na \u00e9poca de 2,8%.<\/p>\n\n\n\n<p>Foram elas tamb\u00e9m que&nbsp;<a href=\"https:\/\/www.redebrasilatual.com.br\/saude-e-ciencia\/2021\/12\/mulheres-sofreram-mais-danos-a-saude-mental-durante-a-pandemia-diz-fiocruz\/\" target=\"_blank\" rel=\"noreferrer noopener\">sofreram mais danos \u00e0 sa\u00fade mental<\/a>&nbsp;durante a pandemia, segundo a Fiocruz. O que abalou inclusive a produ\u00e7\u00e3o cient\u00edfica. No Dia internacional da Mulher, a Escola Superior de Agricultura Luiz de Queiroz (Esalq) e as Faculdades de Medicina Veterin\u00e1ria e Zootecnia (FMVZ)&nbsp;e Zootecnia e Engenharia de Alimentos (Fzea)&nbsp;promovem o debate&nbsp;<em>Wowen In Science<\/em>,\u2019Mulheres na Ci\u00eancia\u2019, para levantar os avan\u00e7os da igualdade de g\u00eanero na \u00e1rea e tamb\u00e9m os desafios e a supera\u00e7\u00e3o para mulheres na \u00e1rea da pesquisa. O evento ocorre das 16h \u00e0s 18h; ser\u00e1 transmitido online pelo canal da&nbsp;<a href=\"https:\/\/jornal.usp.br\/universidade\/evento-debate-avancos-da-igualdade-de-genero-na-ciencia-e-na-universidade\/\" target=\"_blank\" rel=\"noreferrer noopener\">Fzea-USP no&nbsp;<em>YouTub<\/em>e<\/a>.<\/p>\n\n\n\n<h2 class=\"wp-block-heading\"><strong>E no campo<\/strong><\/h2>\n\n\n\n<p>Os impactos da pandemia e do governo Bolsonaro sobre a&nbsp;<a href=\"https:\/\/www.brasildefato.com.br\/2022\/03\/04\/jornada-de-lutas-das-mulheres-sem-terra-do-parana-tera-atos-e-acoes-de-solidariedade\" target=\"_blank\" rel=\"noreferrer noopener\">vida das mulheres no campo<\/a>&nbsp;tamb\u00e9m mobilizam a\u00e7\u00f5es para o 8 de Mar\u00e7o. O Movimento dos Trabalhadores Rurais Sem Terra (MST) prepara a Jornada Nacional de Luta das Mulheres Sem Terra de hoje (7) at\u00e9 a pr\u00f3xima segunda (14). No Paran\u00e1, partilha de alimentos, materiais de higiene e&nbsp;marmitas,&nbsp;doa\u00e7\u00e3o de sangue e mutir\u00f5es de plantio em lavouras comunit\u00e1rias est\u00e3o entre as principais atividades previstas.<\/p>\n\n\n\n<p>No dia 14, o MST planeja o plantio de \u00e1rvores para homenagem \u00e0 vereadora e ativista social&nbsp;<a href=\"https:\/\/www.redebrasilatual.com.br\/politica\/2018\/03\/marielle-franco-vereadora-do-psol-no-rio-e-ativista-social-e-executada-rio-de-janeiro\/\" target=\"_blank\" rel=\"noreferrer noopener\">Marielle Franco<\/a>, assassinada nessa data h\u00e1 quatro anos. Com a a\u00e7\u00e3o, a proposta do movimento \u00e9 tamb\u00e9m denunciar a impunidade do crime e a falta de elucida\u00e7\u00e3o sobre seus mandantes. Segundo informa\u00e7\u00f5es do&nbsp;<em>Brasil de Fato<\/em>, tamb\u00e9m haver\u00e1 forma\u00e7\u00f5es e a\u00e7\u00f5es internas nos assentamentos, com homens e mulheres.&nbsp;<\/p>\n\n\n\n<h3 class=\"wp-block-heading\"><strong>Confira a agenda de atos para o #8M<\/strong><\/h3>\n\n\n\n<p><strong>Sul<\/strong><\/p>\n\n\n\n<ul class=\"wp-block-list\"><li>RS \u2013&nbsp;Porto Alegre, concentra\u00e7\u00e3o na Esquina Democr\u00e1tica, a partir das 18h&nbsp;<\/li><li>RS \u2013 Caxias do Sul, concentra\u00e7\u00e3o na Pra\u00e7a Dante, a partir das 18h<\/li><li>PR \u2013&nbsp;&nbsp;Curitiba,&nbsp;concentra\u00e7\u00e3o a partir das 18h30, na Pra\u00e7a Santos Andrade. A manifesta\u00e7\u00e3o passa a caminhar \u00e0s 18h30<\/li><li>PR \u2013&nbsp;Maring\u00e1, acontece a IV Caminhada\/Pedalada pelo fim da viol\u00eancia contra a mulher, no dia 12 de mar\u00e7o, \u00e0s 9h, na Pra\u00e7a da Catedral<\/li><li>PR \u2013 Guarapuava, a partir das 17h, no terminal da fonte<\/li><li>PR \u2013 Assis Chateaubriand, caf\u00e9 da manh\u00e3 e roda de conversa com as mulheres catadoras de material recicl\u00e1vel, \u00e0s 7h30. E uma roda de conversa na casa da APP-Sindicato de Assis Chateaubriand com as professoras e funcion\u00e1rias de escola da ativa e aposentadas, \u00e0s 10h<\/li><li>PR \u2013 Foz do Igua\u00e7u, concentra\u00e7\u00e3o a partir das 17h, em frente ao Bosque Guarani (TTU). \u00c0s 18h acontece a sa\u00edda em marcha que vai at\u00e9 a Pra\u00e7a da Paz<\/li><li>PR \u2013 Toledo, ato no dia 6, a partir das 17h30, no Parque Ecol\u00f3gico Diva Paim Barth<\/li><li>PR \u2013 Ponta Grossa, ato no dia 6,&nbsp;\u00e0s 15h30, na Pra\u00e7a Bar\u00e3o de Guara\u00fana<\/li><li>SC \u2013 Blumenau, lan\u00e7amento v\u00eddeo\/mosaico em homenagem \u00e0 Bell Hooks, \u00e0s 20h. Ato p\u00fablico no dia 11, \u00e0s 18h30, no Parque Ramiro Ruediger<\/li><\/ul>\n\n\n\n<p><strong>Sudeste&nbsp;<\/strong><\/p>\n\n\n\n<ul class=\"wp-block-list\"><li>SP \u2013 S\u00e3o Paulo, ato no Masp, \u00e0s 16h&nbsp;<\/li><li>SP \u2013 Ubatuba, ato de esquenta, no s\u00e1bado (5), a partir das 11h, com concentra\u00e7\u00e3o no cal\u00e7ad\u00e3o, ao lado das Casas Bahia&nbsp;<\/li><li>SP \u2013 Campinas,&nbsp;concentra\u00e7\u00e3o no Largo do Ros\u00e1rio, a partir das 16h&nbsp;<\/li><li>MG \u2013&nbsp;Belo Horizonte, concentra\u00e7\u00e3o na Pra\u00e7a da Liberdade, \u00e0s 16h30<\/li><li>MG \u2013 Juiz de Fora, manifesta\u00e7\u00e3o na Pra\u00e7a da Esta\u00e7\u00e3o,&nbsp;\u00e0s 17h<\/li><li>MG \u2013&nbsp;Uberl\u00e2ndia, na Pra\u00e7a Ismene, \u00e0s16h30<\/li><li>MG \u2013&nbsp;Divin\u00f3polis, o ato acontece \u00e0s 15h30, no quarteir\u00e3o fechado da rua S\u00e3o Paulo<\/li><li>RJ \u2013 Rio de Janeiro, concentra\u00e7\u00e3o na Candel\u00e1ria, \u00e0s 16h, e sa\u00edda \u00e0s 18h para a Cinel\u00e2ndia&nbsp;<\/li><\/ul>\n\n\n\n<p><strong>Centro-Oeste<\/strong><\/p>\n\n\n\n<ul class=\"wp-block-list\"><li>DF \u2013 Bras\u00edlia,&nbsp;concentra\u00e7\u00e3o no Museu da Rep\u00fablica, \u00e0s 17h. Reunidas, as mulheres v\u00e3o seguir em marcha at\u00e9 o Congresso Nacional<\/li><li>MS \u2013 Campo Grande,&nbsp;concentra\u00e7\u00e3o na Avenida Afonso Pena com a 14 de Julho,&nbsp;a partir das 8h<\/li><\/ul>\n\n\n\n<p><strong>Norte&nbsp;<\/strong><\/p>\n\n\n\n<ul class=\"wp-block-list\"><li>PA \u2013 Bel\u00e9m,\u00a0a partir das 17h, na Pra\u00e7a da Rep\u00fablica<\/li><li>PA \u2013\u00a0Ananindeua, o ato acontece no dia 6. A concentra\u00e7\u00e3o est\u00e1 marcada para 7h e a sa\u00edda do ato acontecer\u00e1 \u00e0s 8h. O local do encontro ser\u00e1 a Deam, que fica na Cidade Nova 5, We 31, 1112<\/li><li>RO &#8211; Porto Velho, 7 hs, na pra\u00e7a Marechal Rondon, Centro<\/li><\/ul>\n\n\n\n<p><strong>Nordeste<\/strong><\/p>\n\n\n\n<ul class=\"wp-block-list\"><li>AL \u2013 Macei\u00f3,&nbsp;\u00e0s 8h, na Pra\u00e7a dos Mart\u00edrios<\/li><li>PE \u2013 Recife,&nbsp;partir das 15h, no Parque 13 de maio<\/li><li>RN \u2013 Mossor\u00f3, pela manh\u00e3, haver\u00e1 feira de rua no Centro Feminista 8 de mar\u00e7o (CF8), com comercializa\u00e7\u00e3o de produtos das mulheres da economia solid\u00e1ria, \u201cAl\u00f4 Frida\u201d, m\u00fasica ao vivo, batucada feminista, poesia e interven\u00e7\u00f5es pol\u00edticas. \u00c0 tarde, acontece o ato unificado, \u00e0s 16h, na Pra\u00e7a da PAX<\/li><li>RN \u2013 Natal,&nbsp;concentra\u00e7\u00e3o para o ato acontece \u00e0s 14h30, na Pra\u00e7a Gentil Ferreira<\/li><li>BA \u2013 Salvador, a concentra\u00e7\u00e3o acontece \u00e0s 14h, na Pra\u00e7a do Campo Grande e a caminhada tem in\u00edcio \u00e0s 15h, indo at\u00e9 a Pra\u00e7a da Piedade<\/li><li>CE \u2013 Fortaleza ter\u00e1 feira feminista \u00e0s 13h, debate \u00e0s 14h, cortejo \u00e0s 15h e ato pol\u00edtico e cultural \u00e0s 16h<\/li><li>MA \u2013 S\u00e3o Lu\u00eds, as mulheres v\u00e3o se concentrar a partir das 15h na Pra\u00e7a Deodoro<\/li><li>SE \u2013 Aracaju, \u00e0s 9h, haver\u00e1 um ato na Reserva da Mangaba<\/li><\/ul>\n\n\n\n<p><br><\/p>\n","protected":false},"excerpt":{"rendered":"<p>Manifesta\u00e7\u00f5es para este 8 de Mar\u00e7o est\u00e3o previstas em mais de 30 cidades. Mulheres sem-terra e da \u00e1rea cient\u00edfica tamb\u00e9m preparam debates e a\u00e7\u00f5es para marcar o movimento mundial por igualdade.<\/p>\n","protected":false},"author":1,"featured_media":0,"comment_status":"closed","ping_status":"open","sticky":false,"template":"","format":"standard","meta":{"_exactmetrics_skip_tracking":false,"_exactmetrics_sitenote_active":false,"_exactmetrics_sitenote_note":"","_exactmetrics_sitenote_category":0,"jetpack_post_was_ever_published":false,"_jetpack_newsletter_access":"","_jetpack_dont_email_post_to_subs":false,"_jetpack_newsletter_tier_id":0,"_jetpack_memberships_contains_paywalled_content":false,"_jetpack_memberships_contains_paid_content":false,"footnotes":"","jetpack_publicize_message":"","jetpack_publicize_feature_enabled":true,"jetpack_social_post_already_shared":true,"jetpack_social_options":{"image_generator_settings":{"template":"highway","enabled":false},"version":2}},"categories":[1],"tags":[669,670,546],"class_list":["post-33389","post","type-post","status-publish","format-standard","hentry","category-notas","tag-8-de-marco","tag-dia-da-mulher","tag-fora-bolsonaro"],"jetpack_publicize_connections":[],"jetpack_sharing_enabled":true,"jetpack_featured_media_url":"","jetpack_shortlink":"https:\/\/wp.me\/p7wKYW-8Gx","jetpack-related-posts":[],"_links":{"self":[{"href":"http:\/\/blogdalucianaoliveira.com.br\/blog\/wp-json\/wp\/v2\/posts\/33389","targetHints":{"allow":["GET"]}}],"collection":[{"href":"http:\/\/blogdalucianaoliveira.com.br\/blog\/wp-json\/wp\/v2\/posts"}],"about":[{"href":"http:\/\/blogdalucianaoliveira.com.br\/blog\/wp-json\/wp\/v2\/types\/post"}],"author":[{"embeddable":true,"href":"http:\/\/blogdalucianaoliveira.com.br\/blog\/wp-json\/wp\/v2\/users\/1"}],"replies":[{"embeddable":true,"href":"http:\/\/blogdalucianaoliveira.com.br\/blog\/wp-json\/wp\/v2\/comments?post=33389"}],"version-history":[{"count":1,"href":"http:\/\/blogdalucianaoliveira.com.br\/blog\/wp-json\/wp\/v2\/posts\/33389\/revisions"}],"predecessor-version":[{"id":33390,"href":"http:\/\/blogdalucianaoliveira.com.br\/blog\/wp-json\/wp\/v2\/posts\/33389\/revisions\/33390"}],"wp:attachment":[{"href":"http:\/\/blogdalucianaoliveira.com.br\/blog\/wp-json\/wp\/v2\/media?parent=33389"}],"wp:term":[{"taxonomy":"category","embeddable":true,"href":"http:\/\/blogdalucianaoliveira.com.br\/blog\/wp-json\/wp\/v2\/categories?post=33389"},{"taxonomy":"post_tag","embeddable":true,"href":"http:\/\/blogdalucianaoliveira.com.br\/blog\/wp-json\/wp\/v2\/tags?post=33389"}],"curies":[{"name":"wp","href":"https:\/\/api.w.org\/{rel}","templated":true}]}}