{"id":33391,"date":"2022-03-07T13:37:38","date_gmt":"2022-03-07T17:37:38","guid":{"rendered":"http:\/\/blogdalucianaoliveira.com.br\/blog\/?p=33391"},"modified":"2022-03-07T13:37:45","modified_gmt":"2022-03-07T17:37:45","slug":"abi-e-entidades-convocam-ato-em-defesa-da-terra-e-contra-o-pacote-da-destruicao","status":"publish","type":"post","link":"http:\/\/blogdalucianaoliveira.com.br\/blog\/2022\/03\/07\/abi-e-entidades-convocam-ato-em-defesa-da-terra-e-contra-o-pacote-da-destruicao\/","title":{"rendered":"ABI e entidades convocam Ato em defesa da Terra e contra o pacote da destrui\u00e7\u00e3o"},"content":{"rendered":"\n<figure class=\"wp-block-image size-large\"><img loading=\"lazy\" decoding=\"async\" width=\"960\" height=\"1280\" data-attachment-id=\"33392\" data-permalink=\"http:\/\/blogdalucianaoliveira.com.br\/blog\/2022\/03\/07\/abi-e-entidades-convocam-ato-em-defesa-da-terra-e-contra-o-pacote-da-destruicao\/7fde05bd-965d-4996-9272-4b9011be2e87\/\" data-orig-file=\"https:\/\/i0.wp.com\/blogdalucianaoliveira.com.br\/blog\/wp-content\/uploads\/2022\/03\/7FDE05BD-965D-4996-9272-4B9011BE2E87.jpeg?fit=960%2C1280\" data-orig-size=\"960,1280\" data-comments-opened=\"0\" data-image-meta=\"{&quot;aperture&quot;:&quot;0&quot;,&quot;credit&quot;:&quot;&quot;,&quot;camera&quot;:&quot;&quot;,&quot;caption&quot;:&quot;&quot;,&quot;created_timestamp&quot;:&quot;0&quot;,&quot;copyright&quot;:&quot;&quot;,&quot;focal_length&quot;:&quot;0&quot;,&quot;iso&quot;:&quot;0&quot;,&quot;shutter_speed&quot;:&quot;0&quot;,&quot;title&quot;:&quot;&quot;,&quot;orientation&quot;:&quot;0&quot;}\" data-image-title=\"7FDE05BD-965D-4996-9272-4B9011BE2E87\" data-image-description=\"\" data-image-caption=\"\" data-medium-file=\"https:\/\/i0.wp.com\/blogdalucianaoliveira.com.br\/blog\/wp-content\/uploads\/2022\/03\/7FDE05BD-965D-4996-9272-4B9011BE2E87.jpeg?fit=225%2C300\" data-large-file=\"https:\/\/i0.wp.com\/blogdalucianaoliveira.com.br\/blog\/wp-content\/uploads\/2022\/03\/7FDE05BD-965D-4996-9272-4B9011BE2E87.jpeg?fit=600%2C800\" src=\"https:\/\/i0.wp.com\/blogdalucianaoliveira.com.br\/blog\/wp-content\/uploads\/2022\/03\/7FDE05BD-965D-4996-9272-4B9011BE2E87.jpeg?fit=600%2C800\" alt=\"\" class=\"wp-image-33392\" srcset=\"https:\/\/i0.wp.com\/blogdalucianaoliveira.com.br\/blog\/wp-content\/uploads\/2022\/03\/7FDE05BD-965D-4996-9272-4B9011BE2E87.jpeg?w=960 960w, https:\/\/i0.wp.com\/blogdalucianaoliveira.com.br\/blog\/wp-content\/uploads\/2022\/03\/7FDE05BD-965D-4996-9272-4B9011BE2E87.jpeg?resize=225%2C300 225w, https:\/\/i0.wp.com\/blogdalucianaoliveira.com.br\/blog\/wp-content\/uploads\/2022\/03\/7FDE05BD-965D-4996-9272-4B9011BE2E87.jpeg?resize=768%2C1024 768w\" sizes=\"auto, (max-width: 600px) 100vw, 600px\" \/><\/figure>\n\n\n\n<p>A democracia, os direitos humanos, o meio ambiente e a sa\u00fade da popula\u00e7\u00e3o brasileira, entre diversas outras agendas, est\u00e3o sob ataque incessante desde que Jair Bolsonaro assumiu a Presid\u00eancia da Rep\u00fablica. Hoje o Brasil \u00e9 um pa\u00eds mais pobre, mais violento e mais desigual, cujo governo atenta contra a vida dos cidad\u00e3os e contra o patrim\u00f4nio socioambiental do pa\u00eds.<\/p>\n\n\n\n<!--more-->\n\n\n\n<p>Todos os indicadores s\u00e3o de tr\u00e1gico retrocesso: desmatamento, emiss\u00f5es de gases de efeito estufa, perda da sociobiodiversidade, grilagem de terra, degrada\u00e7\u00e3o de \u00e1reas protegidas, invas\u00f5es a territ\u00f3rios ind\u00edgenas e quilombolas, envenenamento dos alimentos, viol\u00eancia e criminaliza\u00e7\u00e3o contra popula\u00e7\u00f5es tradicionais e camponesas, especialmente mulheres e negros. A Amaz\u00f4nia e outros biomas nacionais est\u00e3o sendo destru\u00eddos. Tudo isso decorre dos atos e dos discursos de Bolsonaro e de seus apoiadores. Mas esse quadro pode n\u00e3o apenas piorar, como se eternizar, caso o Congresso Nacional resolva se aliar definitivamente ao presidente em sua cruzada contra o pa\u00eds e o planeta.<\/p>\n\n\n\n<p>O Parlamento se prepara para votar nos pr\u00f3ximos dias o Pacote da Destrui\u00e7\u00e3o, um conjunto de projetos de lei que ir\u00e3o legalizar o crime ambiental e transformar a devasta\u00e7\u00e3o e o esbulho do patrim\u00f4nio p\u00fablico em direito adquirido. Entre os v\u00e1rios desastres que poder\u00e3o ser aprovados est\u00e3o&nbsp;&nbsp;a&nbsp;&nbsp;anistia&nbsp;&nbsp;permanente&nbsp;&nbsp;ao&nbsp;&nbsp;roubo&nbsp;&nbsp;de terras p\u00fablicas, o fim do licenciamento ambiental, a libera\u00e7\u00e3o irrestrita de agrot\u00f3xicos e a oficializa\u00e7\u00e3o do saque \u00e0s terras ind\u00edgenas. Veja a descri\u00e7\u00e3o detalhada dos projetos&nbsp;<a href=\"https:\/\/www.oc.eco.br\/pacote-da-destruicao-o-que-dizem-os-principais-pls\/\">aqui.<\/a><\/p>\n\n\n\n<p>Cada um desses projetos retira dos brasileiros um peda\u00e7o de seu futuro. Para premiar um punhado de criminosos, eles condenam os ecossistemas, os assentamentos rurais, os ind\u00edgenas e os quilombolas. Ampliam o abismo da desigualdade. Mergulham nossa economia no atraso e no descr\u00e9dito externo e tornam o Brasil um risco clim\u00e1tico global.<\/p>\n\n\n\n<p><strong>\u00c9 diante deste&nbsp;<\/strong><strong>cen\u00e1rio de crise e urg\u00eancia que os movimentos abaixo-<\/strong><strong>&nbsp;<\/strong><strong>assinados e dezenas de artistas brasileiros convocam uma ampla<\/strong><strong>&nbsp;<\/strong><strong>manifesta\u00e7\u00e3o no dia 9 de mar\u00e7o de 2022, a partir das 15h, em frente ao<\/strong><strong>Congresso<\/strong><strong>&nbsp;<\/strong><strong>Nacional,<\/strong><strong>&nbsp;<\/strong><strong>pela<\/strong><strong>&nbsp;<\/strong><strong>Terra,<\/strong><strong>&nbsp;<\/strong><strong>pela<\/strong><strong>&nbsp;<\/strong><strong>vida<\/strong><strong>&nbsp;<\/strong><strong>e<\/strong><strong>&nbsp;<\/strong><strong>em<\/strong><strong>&nbsp;<\/strong><strong>defesa<\/strong><strong>do<\/strong><strong>&nbsp;<\/strong><strong>meio<\/strong><strong>&nbsp;<\/strong><strong>ambiente.<\/strong><\/p>\n\n\n\n<p>Exigimos que os projetos de lei que afetam negativamente o ambiente, o clima e os direitos humanos n\u00e3o sejam aprovados. Os parlamentares, e em especial o presidente do Senado, Rodrigo Pacheco, devem garantir que nenhuma proposta seja colocada em vota\u00e7\u00e3o at\u00e9 que esteja alinhada com o que diz a ci\u00eancia, com as demandas e necessidades das popula\u00e7\u00f5es tradicionais e do campo e \u00e0 luz da emerg\u00eancia clim\u00e1tica que vivemos.<\/p>\n\n\n\n<p>Assinam (<em>lista<\/em><em>&nbsp;<\/em><em>provis\u00f3ria,<\/em><em>&nbsp;<\/em><em>em<\/em><em>&nbsp;<\/em><em>processo<\/em><em>&nbsp;<\/em><em>de<\/em><em>&nbsp;<\/em><em>coleta<\/em><em>&nbsp;<\/em><em>de<\/em><em>ades\u00f5es<\/em>):<\/p>\n\n\n\n<p>ASSOCIA\u00c7\u00c3O BRASILEIRA DE IMPRENSA \u2013 ABI<\/p>\n\n\n\n<p>342 AMAZ\u00d4NIA<\/p>\n\n\n\n<p>350.org<\/p>\n\n\n\n<p>AAB- ARTICULA\u00c7\u00c3O ANTINUCLEAR BRASILEIRA AMIGOS DA TERRA \u2013 AMAZ\u00d4NIA BRASILEIRA<\/p>\n\n\n\n<p>ANPG (ASSOCIA\u00c7\u00c3O NACIONAL DE P\u00d3S GRADUANDOS) APIB (ARTICULA\u00c7\u00c3O DOS POVOS IND\u00cdGENAS DO BRASIL) APREMAVI<\/p>\n\n\n\n<p>ASSOCIA\u00c7\u00c3O ALTERNATIVA TERRAZUL A\u00c7\u00c3O DA CIDADANIA<\/p>\n\n\n\n<p>CAMPANHA PERMANENTE CONTRA OS AGROT\u00d3XICOS E PELA VIDA CASA GALILEIA<\/p>\n\n\n\n<p>CIMI (CONSELHO INDIGENISTA MISSION\u00c1RIO)<\/p>\n\n\n\n<p>CIUPOA \u2013 CENTRO DE INTELIG\u00caNCIA URBANA DE PORTO ALEGRE CLIMAINFO<\/p>\n\n\n\n<p>CNS (Conselho Nacional das Popula\u00e7\u00f5es Extrativistas) COALIZ\u00c3O EVANG\u00c9LICOS PELO CLIMA<\/p>\n\n\n\n<p>COALIZ\u00c3O NEGRA POR DIREITOS<\/p>\n\n\n\n<p>CONAQ (COORDENA\u00c7\u00c3O NACIONAL DE ARTICULA\u00c7\u00c3O DAS COMUNIDADES NEGRAS RURAIS QUILOMBOLAS)<\/p>\n\n\n\n<p>CTI<\/p>\n\n\n\n<p>CUT (CENTAL \u00daNICA DOS TRABALHADORES) FASE \u2013 SOLIDARIEDADE E EDUCA\u00c7\u00c3O<\/p>\n\n\n\n<p>FBOMS \u2013 F\u00d3RUM BRASILEIRO DE ONGS E MOVIMENTOS SOCIAIS PARA O MEIO AMBIENTE E O DESENVOLVIMENTO<\/p>\n\n\n\n<p>FRENTE NACIONAL ANTI-RACISTA FRIDAYS FOR FUTURE BRASIL FUNDA\u00c7\u00c3O VERDE HERBERT DANIEL<\/p>\n\n\n\n<p>GAMB\u00c1 \u2013 GRUPO AMBIENTALISTA DA BAHIA GREENPEACE BRASIL<\/p>\n\n\n\n<p>IDEC \u2013 INSTITUTO BRASILEIRO DE DEFESA DO CONSUMIDOR IDS \u2013 INSTITUTO DEMOCRACIA E SUSTENTABILIDADE<\/p>\n\n\n\n<p>IEB \u2013 INSTITUTO DE ESTUDOS BRASILEIROS<\/p>\n\n\n\n<p>IEMA \u2013 INSTITUTO DE MEIO AMBIENTE E RECURSOS H\u00cdDRICOS IEP\u00c9 \u2013 INSTITUTO DE PESQUISA E FORMA\u00c7\u00c3O IND\u00cdGENA IMAFLORA<\/p>\n\n\n\n<p>INSTITUTO ECOLOGICA PALMAS INSTITUTO LINHA D\u2019\u00c1GUA INSTITUTO TALANOA<\/p>\n\n\n\n<p>ISA \u2013 INSTITUTO SOCIOAMBIENTAL<\/p>\n\n\n\n<p>ISPN \u2013 INSTITUTO SOCIEDADE, POPULA\u00c7\u00c3O E NATUREZA JOVENS PELO CLIMA BRAS\u00cdLIA<\/p>\n\n\n\n<p>LEVANTE POPULAR DA JUVENTUDE<\/p>\n\n\n\n<p>MARCHA MUNDIAL POR JUSTI\u00c7A CLIM\u00c1TICA\/ MARCHA MUNDIAL DO CLIMA M\u00cdDIA NINJA<\/p>\n\n\n\n<p>MPA \u2013 MOVIMENTO DOS PEQUENOS AGRICULTORES MST (MOVIMENTO DOS TRABALHADORES SEM-TERRA) MTST (MOVIMENTO DOS TRABALHADORES SEM-TETO) NOSSAS<\/p>\n\n\n\n<p>OBSERVAT\u00d3RIO DO CLIMA<\/p>\n\n\n\n<p>PROJETO SA\u00daDE E ALEGRIA<\/p>\n\n\n\n<p>RCA \u2013 REDE DE COOPERA\u00c7\u00c3O AMAZ\u00d4NICA REDE GTA (GRUPO DE TRABALHO AMAZ\u00d4NICO) RMA \u2013 REDE DE ONGS DA MATA ATLANTICA SOS MATA ATL NTICA<\/p>\n\n\n\n<p>SOS PANTANAL SPVS<\/p>\n\n\n\n<p>UBES (UNI\u00c3O BRASILEIRA DOS ESTUDANTES SECUNDARISTAS) UJS (UNI\u00c3O DA JUVENTUDE SOCIALISTA)<\/p>\n\n\n\n<p>UNE (UNI\u00c3O NACIONAL DOS ESTUDANTES) UNEAFRO BRASIL<\/p>\n\n\n\n<p>VIA CAMPESINA WWF<\/p>\n","protected":false},"excerpt":{"rendered":"<p>A democracia, os direitos humanos, o meio ambiente e a sa\u00fade da popula\u00e7\u00e3o brasileira, entre diversas outras agendas, est\u00e3o sob ataque incessante desde que Jair Bolsonaro assumiu a Presid\u00eancia da Rep\u00fablica. Hoje o Brasil \u00e9 um pa\u00eds mais pobre, mais violento e mais desigual, cujo governo atenta contra a vida dos cidad\u00e3os e contra o&#8230;<a class=\"more-link\" href=\"http:\/\/blogdalucianaoliveira.com.br\/blog\/2022\/03\/07\/abi-e-entidades-convocam-ato-em-defesa-da-terra-e-contra-o-pacote-da-destruicao\/\">Continue a leitura <span class=\"meta-nav\">&raquo;<\/span><\/a><\/p>\n","protected":false},"author":1,"featured_media":0,"comment_status":"closed","ping_status":"open","sticky":false,"template":"","format":"standard","meta":{"_exactmetrics_skip_tracking":false,"_exactmetrics_sitenote_active":false,"_exactmetrics_sitenote_note":"","_exactmetrics_sitenote_category":0,"jetpack_post_was_ever_published":false,"_jetpack_newsletter_access":"","_jetpack_dont_email_post_to_subs":false,"_jetpack_newsletter_tier_id":0,"_jetpack_memberships_contains_paywalled_content":false,"_jetpack_memberships_contains_paid_content":false,"footnotes":"","jetpack_publicize_message":"","jetpack_publicize_feature_enabled":true,"jetpack_social_post_already_shared":true,"jetpack_social_options":{"image_generator_settings":{"template":"highway","enabled":false},"version":2}},"categories":[1],"tags":[],"class_list":["post-33391","post","type-post","status-publish","format-standard","hentry","category-notas"],"jetpack_publicize_connections":[],"jetpack_sharing_enabled":true,"jetpack_featured_media_url":"","jetpack_shortlink":"https:\/\/wp.me\/p7wKYW-8Gz","jetpack-related-posts":[],"_links":{"self":[{"href":"http:\/\/blogdalucianaoliveira.com.br\/blog\/wp-json\/wp\/v2\/posts\/33391","targetHints":{"allow":["GET"]}}],"collection":[{"href":"http:\/\/blogdalucianaoliveira.com.br\/blog\/wp-json\/wp\/v2\/posts"}],"about":[{"href":"http:\/\/blogdalucianaoliveira.com.br\/blog\/wp-json\/wp\/v2\/types\/post"}],"author":[{"embeddable":true,"href":"http:\/\/blogdalucianaoliveira.com.br\/blog\/wp-json\/wp\/v2\/users\/1"}],"replies":[{"embeddable":true,"href":"http:\/\/blogdalucianaoliveira.com.br\/blog\/wp-json\/wp\/v2\/comments?post=33391"}],"version-history":[{"count":1,"href":"http:\/\/blogdalucianaoliveira.com.br\/blog\/wp-json\/wp\/v2\/posts\/33391\/revisions"}],"predecessor-version":[{"id":33393,"href":"http:\/\/blogdalucianaoliveira.com.br\/blog\/wp-json\/wp\/v2\/posts\/33391\/revisions\/33393"}],"wp:attachment":[{"href":"http:\/\/blogdalucianaoliveira.com.br\/blog\/wp-json\/wp\/v2\/media?parent=33391"}],"wp:term":[{"taxonomy":"category","embeddable":true,"href":"http:\/\/blogdalucianaoliveira.com.br\/blog\/wp-json\/wp\/v2\/categories?post=33391"},{"taxonomy":"post_tag","embeddable":true,"href":"http:\/\/blogdalucianaoliveira.com.br\/blog\/wp-json\/wp\/v2\/tags?post=33391"}],"curies":[{"name":"wp","href":"https:\/\/api.w.org\/{rel}","templated":true}]}}