{"id":33399,"date":"2022-03-09T13:26:39","date_gmt":"2022-03-09T17:26:39","guid":{"rendered":"http:\/\/blogdalucianaoliveira.com.br\/blog\/?p=33399"},"modified":"2022-03-09T13:26:46","modified_gmt":"2022-03-09T17:26:46","slug":"moro-e-um-dos-autores-de-projeto-de-lei-que-quer-autorizar-garimpo-em-terras-indigenas","status":"publish","type":"post","link":"http:\/\/blogdalucianaoliveira.com.br\/blog\/2022\/03\/09\/moro-e-um-dos-autores-de-projeto-de-lei-que-quer-autorizar-garimpo-em-terras-indigenas\/","title":{"rendered":"Moro \u00e9 um dos autores de projeto de lei que quer autorizar garimpo em terras ind\u00edgenas"},"content":{"rendered":"\n<figure class=\"wp-block-image size-large\"><img data-recalc-dims=\"1\" loading=\"lazy\" decoding=\"async\" width=\"600\" height=\"400\" data-attachment-id=\"33400\" data-permalink=\"http:\/\/blogdalucianaoliveira.com.br\/blog\/2022\/03\/09\/moro-e-um-dos-autores-de-projeto-de-lei-que-quer-autorizar-garimpo-em-terras-indigenas\/d9dd117e-878c-46b8-96b1-efabfa4294a6\/\" data-orig-file=\"https:\/\/i0.wp.com\/blogdalucianaoliveira.com.br\/blog\/wp-content\/uploads\/2022\/03\/D9DD117E-878C-46B8-96B1-EFABFA4294A6.jpeg?fit=800%2C533\" data-orig-size=\"800,533\" data-comments-opened=\"0\" data-image-meta=\"{&quot;aperture&quot;:&quot;0&quot;,&quot;credit&quot;:&quot;IsaacAmorim\\\/AG.MJ&quot;,&quot;camera&quot;:&quot;NIKON D800E&quot;,&quot;caption&quot;:&quot;&quot;,&quot;created_timestamp&quot;:&quot;1546422482&quot;,&quot;copyright&quot;:&quot;IsaacAmorim&quot;,&quot;focal_length&quot;:&quot;125&quot;,&quot;iso&quot;:&quot;2800&quot;,&quot;shutter_speed&quot;:&quot;0.008&quot;,&quot;title&quot;:&quot;&quot;,&quot;orientation&quot;:&quot;0&quot;}\" data-image-title=\"D9DD117E-878C-46B8-96B1-EFABFA4294A6\" data-image-description=\"\" data-image-caption=\"\" data-medium-file=\"https:\/\/i0.wp.com\/blogdalucianaoliveira.com.br\/blog\/wp-content\/uploads\/2022\/03\/D9DD117E-878C-46B8-96B1-EFABFA4294A6.jpeg?fit=300%2C200\" data-large-file=\"https:\/\/i0.wp.com\/blogdalucianaoliveira.com.br\/blog\/wp-content\/uploads\/2022\/03\/D9DD117E-878C-46B8-96B1-EFABFA4294A6.jpeg?fit=600%2C400\" src=\"https:\/\/i0.wp.com\/blogdalucianaoliveira.com.br\/blog\/wp-content\/uploads\/2022\/03\/D9DD117E-878C-46B8-96B1-EFABFA4294A6.jpeg?resize=600%2C400\" alt=\"\" class=\"wp-image-33400\" srcset=\"https:\/\/i0.wp.com\/blogdalucianaoliveira.com.br\/blog\/wp-content\/uploads\/2022\/03\/D9DD117E-878C-46B8-96B1-EFABFA4294A6.jpeg?w=800 800w, https:\/\/i0.wp.com\/blogdalucianaoliveira.com.br\/blog\/wp-content\/uploads\/2022\/03\/D9DD117E-878C-46B8-96B1-EFABFA4294A6.jpeg?resize=300%2C200 300w, https:\/\/i0.wp.com\/blogdalucianaoliveira.com.br\/blog\/wp-content\/uploads\/2022\/03\/D9DD117E-878C-46B8-96B1-EFABFA4294A6.jpeg?resize=768%2C512 768w, https:\/\/i0.wp.com\/blogdalucianaoliveira.com.br\/blog\/wp-content\/uploads\/2022\/03\/D9DD117E-878C-46B8-96B1-EFABFA4294A6.jpeg?resize=450%2C300 450w\" sizes=\"auto, (max-width: 600px) 100vw, 600px\" \/><\/figure>\n\n\n\n<p><br><\/p>\n\n\n\n<h2 class=\"wp-block-heading\">Ex-juiz assinou texto enquanto chefiava Minist\u00e9rio da Justi\u00e7a no governo Bolsonaro<\/h2>\n\n\n\n<!--more-->\n\n\n\n<p>Paulo Motoryn &#8211; Brasil de Fato\u00a0<\/p>\n\n\n\n<p><\/p>\n\n\n\n<p>O ex-juiz Sergio Moro (Podemos) \u00e9 um dos autores do texto do\u00a0<a rel=\"noreferrer noopener\" href=\"https:\/\/www.camara.leg.br\/proposicoesWeb\/fichadetramitacao?idProposicao=2236765\" target=\"_blank\">Projeto de Lei 191\/2020<\/a>, que autoriza\u00a0o garimpo e a realiza\u00e7\u00e3o de pesquisas de recursos minerais em terras ind\u00edgenas. O tema\u00a0pode ser levado ao Plen\u00e1rio da C\u00e2mara dos Deputados nesta semana, com o apoio do governo federal.<\/p>\n\n\n\n<p><strong><a href=\"https:\/\/www.brasildefato.com.br\/2022\/03\/08\/bolsonaro-ve-guerra-como-oportunidade-e-lira-quer-votar-pl-da-mineracao-em-reservas\" target=\"_blank\" rel=\"noreferrer noopener\">::&nbsp;Bolsonaro v\u00ea guerra como oportunidade, e Lira quer votar PL da minera\u00e7\u00e3o em reservas ::<\/a><\/strong><\/p>\n\n\n\n<p>Enquanto ocupou o cargo de ministro da Justi\u00e7a na gest\u00e3o do presidente Jair Bolsonaro (PL), Moro apoiou a aprova\u00e7\u00e3o do texto. Seu nome consta na assinatura do projeto encaminhado \u00e0 C\u00e2mara pelo Executivo.&nbsp;<a href=\"https:\/\/cdn.brasildefato.com.br\/documents\/a1ab79e5c25598b94c5f63a11ceeb47c.pdf\" target=\"_blank\" rel=\"noreferrer noopener\">Clique aqui<\/a>&nbsp;para fazer o download da \u00edntegra da proposta.<\/p>\n\n\n\n<p>O PL tamb\u00e9m foi assinado pelo ministro de Minas e Energia, Bento Albuquerque, que segue no cargo. O almirante da reserva da Marinha&nbsp;\u00e9 um dos entusiastas da mat\u00e9ria, que conta com o apoio de Bolsonaro e outros ministros do governo.<\/p>\n\n\n\n<figure class=\"wp-block-image\"><img data-recalc-dims=\"1\" decoding=\"async\" src=\"https:\/\/i0.wp.com\/images03.brasildefato.com.br\/5a63808967ac798246cbe2381b660886.jpeg?w=600&#038;ssl=1\" alt=\"\"\/><\/figure>\n\n\n\n<p><br>Assinatura do PL 191\/2020, enviado pelo governo federal \u00e0 C\u00e2mara \/ Reprodu\u00e7\u00e3o\/C\u00e2mara dos Deputados<\/p>\n\n\n\n<p>Segundo a justificativa do projeto, \u201cbusca-se alcan\u00e7ar a viabiliza\u00e7\u00e3o da explora\u00e7\u00e3o de recursos minerais e h\u00eddricos, em terras ind\u00edgenas, a partir de solu\u00e7\u00f5es que contribuam para o desenvolvimento econ\u00f4mico de atividades, participa\u00e7\u00e3o nos resultados e indeniza\u00e7\u00e3o pela restri\u00e7\u00e3o do usufruto dos povos ind\u00edgenas\u201d.<\/p>\n\n\n\n<p>O texto \u00e9 criticado por movimentos ind\u00edgenas, ambientalistas e organiza\u00e7\u00f5es. O PL \u00e9 um dos alvos do&nbsp;<a href=\"https:\/\/www.brasildefato.com.br\/2022\/03\/09\/por-que-caetano-veloso-classe-artistica-e-ambientalistas-estao-contra-o-pacote-da-destruicao\" target=\"_blank\" rel=\"noreferrer noopener\">Ato pela Terra, manifesta\u00e7\u00e3o convocada por artistas e organiza\u00e7\u00f5es<\/a>&nbsp;que aponta um &#8220;pacote de destrui\u00e7\u00e3o ambiental&#8221; em tr\u00e2mite no Congresso Nacional.<\/p>\n\n\n\n<p><a href=\"https:\/\/www.brasildefato.com.br\/2022\/02\/22\/saiba-quem-financia-as-gigantes-da-mineracao-que-querem-atuar-em-terras-indigenas-no-brasil#:~:text=O%20l%C3%ADder%20de%20investimento%20em,Funcion%C3%A1rios%20do%20Banco%20do%20Brasil).\" target=\"_blank\" rel=\"noreferrer noopener\"><strong>::&nbsp;Saiba quem financia as gigantes da minera\u00e7\u00e3o que querem atuar em terras ind\u00edgenas no Brasil ::<\/strong><\/a><\/p>\n\n\n\n<p>O que determina o PL?&nbsp;<\/p>\n\n\n\n<p>Autoriza a minera\u00e7\u00e3o e constru\u00e7\u00e3o de hidrel\u00e9tricas em terras ind\u00edgenas, inclusive naquelas&nbsp;em que h\u00e1 ind\u00edgenas isolados. Valida todos os requerimentos de explora\u00e7\u00e3o de min\u00e9rios que tenham sido&nbsp;solicitados ou protocolados antes da Lei. Funciona como um &#8220;libera geral&#8221; para&nbsp;grandes&nbsp;empreendimentos e para&nbsp;garimpo em terras ind\u00edgenas, aumentando riscos de vida, ambientais,&nbsp;sanit\u00e1rios e viol\u00eancia contra povos ind\u00edgenas. Legaliza garimpos, atividade que, segundo a&nbsp;Constitui\u00e7\u00e3o brasileira, n\u00e3o pode ser regulamentada em TIs.&nbsp;<\/p>\n\n\n\n<p><a href=\"https:\/\/www.brasildefato.com.br\/2022\/03\/09\/por-que-caetano-veloso-classe-artistica-e-ambientalistas-estao-contra-o-pacote-da-destruicao\" target=\"_blank\" rel=\"noreferrer noopener\"><strong>::&nbsp;Por que Caetano Veloso, classe art\u00edstica e ambientalistas est\u00e3o contra o Pacote da Destrui\u00e7\u00e3o? ::<\/strong><\/a><\/p>\n\n\n\n<p>O PL tamb\u00e9m autoriza hidrel\u00e9tricas, pesquisa e lavra mineral em TIs n\u00e3o homologadas, sem a&nbsp;autoriza\u00e7\u00e3o do Congresso Nacional e a consulta pr\u00e9via dos ind\u00edgenas,&nbsp;prevista na Constitui\u00e7\u00e3o. O PL n\u00e3o&nbsp;considera a necessidade de consentimento dos povos ind\u00edgenas para as atividades&nbsp;previstas em suas terras, sendo todas essas atividades altamente impactantes. Foi apresentado pelo Executivo e aguarda cria\u00e7\u00e3o de Comiss\u00e3o Especial na C\u00e2mara de Deputados.&nbsp;<\/p>\n\n\n\n<p>Edi\u00e7\u00e3o: Vivian Virissimo<\/p>\n","protected":false},"excerpt":{"rendered":"<p>Ex-juiz assinou texto enquanto chefiava Minist\u00e9rio da Justi\u00e7a no governo Bolsonaro<\/p>\n","protected":false},"author":1,"featured_media":0,"comment_status":"closed","ping_status":"open","sticky":false,"template":"","format":"standard","meta":{"_exactmetrics_skip_tracking":false,"_exactmetrics_sitenote_active":false,"_exactmetrics_sitenote_note":"","_exactmetrics_sitenote_category":0,"jetpack_post_was_ever_published":false,"_jetpack_newsletter_access":"","_jetpack_dont_email_post_to_subs":false,"_jetpack_newsletter_tier_id":0,"_jetpack_memberships_contains_paywalled_content":false,"_jetpack_memberships_contains_paid_content":false,"footnotes":"","jetpack_publicize_message":"","jetpack_publicize_feature_enabled":true,"jetpack_social_post_already_shared":true,"jetpack_social_options":{"image_generator_settings":{"template":"highway","enabled":false},"version":2}},"categories":[1],"tags":[],"class_list":["post-33399","post","type-post","status-publish","format-standard","hentry","category-notas"],"jetpack_publicize_connections":[],"jetpack_sharing_enabled":true,"jetpack_featured_media_url":"","jetpack_shortlink":"https:\/\/wp.me\/p7wKYW-8GH","jetpack-related-posts":[],"_links":{"self":[{"href":"http:\/\/blogdalucianaoliveira.com.br\/blog\/wp-json\/wp\/v2\/posts\/33399","targetHints":{"allow":["GET"]}}],"collection":[{"href":"http:\/\/blogdalucianaoliveira.com.br\/blog\/wp-json\/wp\/v2\/posts"}],"about":[{"href":"http:\/\/blogdalucianaoliveira.com.br\/blog\/wp-json\/wp\/v2\/types\/post"}],"author":[{"embeddable":true,"href":"http:\/\/blogdalucianaoliveira.com.br\/blog\/wp-json\/wp\/v2\/users\/1"}],"replies":[{"embeddable":true,"href":"http:\/\/blogdalucianaoliveira.com.br\/blog\/wp-json\/wp\/v2\/comments?post=33399"}],"version-history":[{"count":1,"href":"http:\/\/blogdalucianaoliveira.com.br\/blog\/wp-json\/wp\/v2\/posts\/33399\/revisions"}],"predecessor-version":[{"id":33401,"href":"http:\/\/blogdalucianaoliveira.com.br\/blog\/wp-json\/wp\/v2\/posts\/33399\/revisions\/33401"}],"wp:attachment":[{"href":"http:\/\/blogdalucianaoliveira.com.br\/blog\/wp-json\/wp\/v2\/media?parent=33399"}],"wp:term":[{"taxonomy":"category","embeddable":true,"href":"http:\/\/blogdalucianaoliveira.com.br\/blog\/wp-json\/wp\/v2\/categories?post=33399"},{"taxonomy":"post_tag","embeddable":true,"href":"http:\/\/blogdalucianaoliveira.com.br\/blog\/wp-json\/wp\/v2\/tags?post=33399"}],"curies":[{"name":"wp","href":"https:\/\/api.w.org\/{rel}","templated":true}]}}