{"id":33402,"date":"2022-03-09T16:20:29","date_gmt":"2022-03-09T20:20:29","guid":{"rendered":"http:\/\/blogdalucianaoliveira.com.br\/blog\/?p=33402"},"modified":"2022-03-09T16:20:32","modified_gmt":"2022-03-09T20:20:32","slug":"medico-cubano-apos-fim-do-mais-medicos-trilhou-vida-nova-no-brasil","status":"publish","type":"post","link":"http:\/\/blogdalucianaoliveira.com.br\/blog\/2022\/03\/09\/medico-cubano-apos-fim-do-mais-medicos-trilhou-vida-nova-no-brasil\/","title":{"rendered":"M\u00e9dico cubano, ap\u00f3s fim do Mais M\u00e9dicos, trilhou vida nova no Brasil"},"content":{"rendered":"\n<figure class=\"wp-block-image size-large\"><img data-recalc-dims=\"1\" loading=\"lazy\" decoding=\"async\" width=\"600\" height=\"338\" data-attachment-id=\"33403\" data-permalink=\"http:\/\/blogdalucianaoliveira.com.br\/blog\/2022\/03\/09\/medico-cubano-apos-fim-do-mais-medicos-trilhou-vida-nova-no-brasil\/93e508b7-5d9d-4389-baaf-fdd4af351200\/\" data-orig-file=\"https:\/\/i0.wp.com\/blogdalucianaoliveira.com.br\/blog\/wp-content\/uploads\/2022\/03\/93E508B7-5D9D-4389-BAAF-FDD4AF351200.jpeg?fit=768%2C432\" data-orig-size=\"768,432\" data-comments-opened=\"0\" data-image-meta=\"{&quot;aperture&quot;:&quot;0&quot;,&quot;credit&quot;:&quot;&quot;,&quot;camera&quot;:&quot;&quot;,&quot;caption&quot;:&quot;&quot;,&quot;created_timestamp&quot;:&quot;0&quot;,&quot;copyright&quot;:&quot;&quot;,&quot;focal_length&quot;:&quot;0&quot;,&quot;iso&quot;:&quot;0&quot;,&quot;shutter_speed&quot;:&quot;0&quot;,&quot;title&quot;:&quot;&quot;,&quot;orientation&quot;:&quot;0&quot;}\" data-image-title=\"93E508B7-5D9D-4389-BAAF-FDD4AF351200\" data-image-description=\"\" data-image-caption=\"\" data-medium-file=\"https:\/\/i0.wp.com\/blogdalucianaoliveira.com.br\/blog\/wp-content\/uploads\/2022\/03\/93E508B7-5D9D-4389-BAAF-FDD4AF351200.jpeg?fit=300%2C169\" data-large-file=\"https:\/\/i0.wp.com\/blogdalucianaoliveira.com.br\/blog\/wp-content\/uploads\/2022\/03\/93E508B7-5D9D-4389-BAAF-FDD4AF351200.jpeg?fit=600%2C338\" src=\"https:\/\/i0.wp.com\/blogdalucianaoliveira.com.br\/blog\/wp-content\/uploads\/2022\/03\/93E508B7-5D9D-4389-BAAF-FDD4AF351200.jpeg?resize=600%2C338\" alt=\"\" class=\"wp-image-33403\" srcset=\"https:\/\/i0.wp.com\/blogdalucianaoliveira.com.br\/blog\/wp-content\/uploads\/2022\/03\/93E508B7-5D9D-4389-BAAF-FDD4AF351200.jpeg?w=768 768w, https:\/\/i0.wp.com\/blogdalucianaoliveira.com.br\/blog\/wp-content\/uploads\/2022\/03\/93E508B7-5D9D-4389-BAAF-FDD4AF351200.jpeg?resize=300%2C169 300w, https:\/\/i0.wp.com\/blogdalucianaoliveira.com.br\/blog\/wp-content\/uploads\/2022\/03\/93E508B7-5D9D-4389-BAAF-FDD4AF351200.jpeg?resize=533%2C300 533w\" sizes=\"auto, (max-width: 600px) 100vw, 600px\" \/><\/figure>\n\n\n\n<p>Na FSP &#8211; Negro alto e forte, Jos\u00e9 nasceu em Havana 34 anos atr\u00e1s. Estudou enfermagem em Cuba e fez est\u00e1gio obrigat\u00f3rio na Miss\u00e3o Milagres, conv\u00eanio de assist\u00eancia m\u00e9dica\u00a0<a href=\"https:\/\/www1.folha.uol.com.br\/mundo\/2018\/12\/o-que-mudou-na-venezuela-20-anos-apos-triunfo-de-hugo-chavez.shtml\">assinado entre Hugo Ch\u00e1vez, ent\u00e3o presidente da Venezuela<\/a>, e o governo cubano.<\/p>\n\n\n\n<!--more-->\n\n\n\n<p>Quando voltou para casa prestou&nbsp;<a href=\"https:\/\/www1.folha.uol.com.br\/folha\/dimenstein\/cbn\/capital_061108.shtml\">exame para a faculdade de medicina<\/a>. Completou seis anos de curso mais tr\u00eas de resid\u00eancia em medicina geral, h\u00e1 cinco anos. Em retribui\u00e7\u00e3o ao investimento do Estado em sua forma\u00e7\u00e3o precisou fazer novo est\u00e1gio. Escolheu o&nbsp;<a href=\"https:\/\/www1.folha.uol.com.br\/cotidiano\/2019\/08\/governo-lanca-medicos-pelo-brasil-em-substituicao-ao-mais-medicos.shtml\">programa Mais M\u00e9dicos<\/a>, no Brasil. Foi alocado para o munic\u00edpio de Prainha,&nbsp;<a href=\"https:\/\/www1.folha.uol.com.br\/empreendedorsocial\/2019\/09\/medicos-que-devolvem-visao-a-ribeirinhos-na-amazonia-vencem-premio-de-r-46-milhoes.shtml\">\u00e0s margens do rio Amazonas<\/a>, a 555 quil\u00f4metros de Bel\u00e9m.<\/p>\n\n\n\n<p>Quando se apresentou na prefeitura soube que havia sido designado para a comunidade Pacoval, a oito horas de barco.<\/p>\n\n\n\n<p>Em Pacoval recebeu uma casa despojada: quarto, sala, cozinha e banheiro; tudo pequeno, nenhum m\u00f3vel. Com o sal\u00e1rio de R$ 3.800, comprou fog\u00e3o, geladeira, cama, colch\u00e3o, mesa e duas cadeiras de pl\u00e1stico para sentar e pendurar as roupas.<\/p>\n\n\n\n<p>A comunidade dependia dele e de uma enfermeira para todos os problemas de sa\u00fade: gravidez, partos, pediatria, hipertens\u00e3o arterial, diabetes,&nbsp;<a href=\"https:\/\/agora.folha.uol.com.br\/sao-paulo\/2019\/11\/saber-controlar-fatores-de-risco-previne-as-doencas-do-coracao.shtml\">doen\u00e7as cardiovasculares<\/a>, picadas de cobra, escorpi\u00e3o e arraia, peixe trai\u00e7oeiro que lacera o p\u00e9 dos incautos nas praias de rio.<\/p>\n\n\n\n<p>Estava \u00e0 disposi\u00e7\u00e3o as 24 horas do dia. As chamadas eram t\u00e3o frequentes que ao ir para a cama perguntava a si mesmo: &#8220;Quantas horas me deixar\u00e3o dormir esta noite&#8221;. At\u00e9 cirurgias foi obrigado a realizar, embora os m\u00e9dicos do programa n\u00e3o fossem autorizados: &#8220;Fazer o qu\u00ea, deixar a pessoa morrer num parto ou de apendicite \u00e0&nbsp;<a href=\"https:\/\/agora.folha.uol.com.br\/sao-paulo\/2020\/03\/funcionarios-do-samu-reclamam-de-falta-de-material-de-protecao-contra-o-coronavirus.shtml\">espera de uma ambul\u00e2ncia que podia n\u00e3o chegar<\/a>?&#8221;.<\/p>\n\n\n\n<p>Era venerado pelos habitantes de Pacoval,&nbsp;<a href=\"https:\/\/www1.folha.uol.com.br\/cotidiano\/2018\/11\/saude-indigena-perdera-301-de-seus-372-medicos-com-a-saida-de-cubanos.shtml\">comunidade que nunca tivera m\u00e9dico<\/a>. Um dia fez o parto de uma de uma paciente que morava em outra cidade. A acompanhante era uma sobrinha que vivia com ela e o marido, ambos pastores evang\u00e9licos. Jos\u00e9 notou o interesse da mo\u00e7a, mas n\u00e3o se aproximou porque ela parecia menor de idade. S\u00f3 quando soube que j\u00e1 completara 21 anos, tomou coragem.<\/p>\n\n\n\n<figure class=\"wp-block-image\"><a href=\"https:\/\/fotografia.folha.uol.com.br\/galerias\/nova\/1618432772993104-impacto-da-saida-de-medicos-cubanos\"><img data-recalc-dims=\"1\" decoding=\"async\" src=\"https:\/\/i0.wp.com\/f.i.uol.com.br\/fotografia\/2018\/11\/29\/15434578225bff4c1ecce86_1543457822_3x2_md.jpg?w=600&#038;ssl=1\" alt=\"Impacto da sa\u00edda de m\u00e9dicos cubanos\"\/><\/a><figcaption><a href=\"https:\/\/fotografia.folha.uol.com.br\/galerias\/nova\/1618432772993104-impacto-da-saida-de-medicos-cubanos\">Impacto da sa\u00edda de m\u00e9dicos cubanos<\/a><\/figcaption><\/figure>\n\n\n\n<p>Encontravam-se todos os fins de semana, embora vivessem em cidades diferentes. Uma noite ela telefonou: estava gr\u00e1vida. Ele respondeu: &#8220;Avisa seus tios que no fim de semana vou conversar com eles. N\u00e3o sou homem de fugir das responsabilidades&#8221;.<\/p>\n\n\n\n<p>A rea\u00e7\u00e3o do casal de pastores n\u00e3o foi amig\u00e1vel: &#8220;Disseram que&nbsp;<a href=\"https:\/\/m.folha.uol.com.br\/cotidiano\/2013\/08\/1332669-ministerio-da-saude-chama-de-xenofobia-protesto-contra-medicos-no-ce.shtml\">todos os cubanos eram bruxos e macumbeiros<\/a>. N\u00e3o me ofereceram um copo d\u2019\u00e1gua&#8221;. Viam-se \u00e0s escondidas. Ele estava apaixonado: &#8220;Pensava nela e na crian\u00e7a o tempo todo.&#8221;<\/p>\n\n\n\n<p>Quando a namorada avisou que entrara em trabalho de parto, ele solicitou uma semana de&nbsp;<a href=\"https:\/\/www1.folha.uol.com.br\/sobretudo\/carreiras\/2021\/11\/licenca-paternidade-estendida-ainda-e-rara-e-motivo-de-piadas.shtml\">licen\u00e7a-paternidade<\/a>&nbsp;e viajou no mesmo dia. Procurou a maternidade da cidade, mas os pastores tinham deixado uma atendente na recep\u00e7\u00e3o encarregada de dizer que a sobrinha n\u00e3o estava internada, caso ele aparecesse. Jos\u00e9 andou a cidade inteira \u00e0 procura em todas as unidades de sa\u00fade.<\/p>\n\n\n\n<p>Quatro meses depois, ela fugiu da casa dos tios com a crian\u00e7a. A vida mudou: &#8220;Aluguei uma casa maior, comprei m\u00f3veis, eletrodom\u00e9sticos, lou\u00e7a e tudo o que uma mulher e um beb\u00ea precisam para viver bem&#8221;.<\/p>\n\n\n\n<figure class=\"wp-block-image\"><a href=\"https:\/\/fotografia.folha.uol.com.br\/galerias\/1671523613512542-ribeirinhos-na-amazonia\"><img data-recalc-dims=\"1\" decoding=\"async\" src=\"https:\/\/i0.wp.com\/f.i.uol.com.br\/fotografia\/2020\/07\/06\/15940891905f03dee6cfb09_1594089190_3x2_md.jpg?w=600&#038;ssl=1\" alt=\"Ribeirinhos na Amazonia\"\/><\/a><figcaption><a href=\"https:\/\/fotografia.folha.uol.com.br\/galerias\/1671523613512542-ribeirinhos-na-amazonia\">Ribeirinhos na Amazonia<\/a><\/figcaption><\/figure>\n\n\n\n<p>Em novembro de 2019 o governo de Cuba enviou uma mensagem&nbsp;<a href=\"https:\/\/www1.folha.uol.com.br\/cotidiano\/2018\/11\/com-eleicao-de-bolsonaro-cuba-anuncia-fim-da-parceria-com-brasil-no-mais-medicos.shtml\">avisando que o Mais M\u00e9dicos tinha sido encerrado<\/a>, por diverg\u00eancias com o governo brasileiro. Quem n\u00e3o retornasse seria considerado desertor.<\/p>\n\n\n\n<p>Ele decidiu ficar, como abandonaria mulher e filha sem saber se voltaria a v\u00ea-las?<\/p>\n\n\n\n<p>Mudaram para Santar\u00e9m, \u00e0s margens do Tapaj\u00f3s. Sem autoriza\u00e7\u00e3o para exercer medicina, trabalhou como caixa de uma discoteca que fechou depois de tr\u00eas meses. Foi estivador no porto da cidade, vigia de uma serraria e carregador numa loja de material de constru\u00e7\u00e3o para ganhar R$ 40 por dia. Trabalho bruto que&nbsp;<a href=\"https:\/\/www1.folha.uol.com.br\/colunas\/painelsa\/2022\/01\/fiscalizacao-de-trabalho-escravo-registrou-quase-2000-vitimas-no-ano-passado.shtml\">o obrigava a sair de casa \u00e0s cinco da manh\u00e3, para voltar \u00e0s dez da noite<\/a>, de segunda a s\u00e1bado. Via a filha apenas aos domingos.<\/p>\n\n\n\n<p>Em agosto de 2020, foi salvo pela pandemia que obrigou o governo do Par\u00e1 a contratar os cubanos que permaneceram no pa\u00eds. Atendia de 80 a cem pacientes todos os dias, mas recebia um sal\u00e1rio decente, pela primeira vez.<\/p>\n\n\n\n<p>Acompanhei Jos\u00e9 nas visitas m\u00e9dicas que realiza no barco Abar\u00e9 que leva atendimento m\u00e9dico \u00e0s popula\u00e7\u00f5es ribeirinhas do Tapaj\u00f3s. Quando chega nas comunidades todos o tratam com o respeito e a admira\u00e7\u00e3o que ele merece.<\/p>\n","protected":false},"excerpt":{"rendered":"<p>Na FSP &#8211; Negro alto e forte, Jos\u00e9 nasceu em Havana 34 anos atr\u00e1s. Estudou enfermagem em Cuba e fez est\u00e1gio obrigat\u00f3rio na Miss\u00e3o Milagres, conv\u00eanio de assist\u00eancia m\u00e9dica\u00a0assinado entre Hugo Ch\u00e1vez, ent\u00e3o presidente da Venezuela, e o governo cubano.<\/p>\n","protected":false},"author":1,"featured_media":0,"comment_status":"closed","ping_status":"open","sticky":false,"template":"","format":"standard","meta":{"_exactmetrics_skip_tracking":false,"_exactmetrics_sitenote_active":false,"_exactmetrics_sitenote_note":"","_exactmetrics_sitenote_category":0,"jetpack_post_was_ever_published":false,"_jetpack_newsletter_access":"","_jetpack_dont_email_post_to_subs":false,"_jetpack_newsletter_tier_id":0,"_jetpack_memberships_contains_paywalled_content":false,"_jetpack_memberships_contains_paid_content":false,"footnotes":"","jetpack_publicize_message":"","jetpack_publicize_feature_enabled":true,"jetpack_social_post_already_shared":true,"jetpack_social_options":{"image_generator_settings":{"template":"highway","enabled":false},"version":2}},"categories":[1],"tags":[],"class_list":["post-33402","post","type-post","status-publish","format-standard","hentry","category-notas"],"jetpack_publicize_connections":[],"jetpack_sharing_enabled":true,"jetpack_featured_media_url":"","jetpack_shortlink":"https:\/\/wp.me\/p7wKYW-8GK","jetpack-related-posts":[],"_links":{"self":[{"href":"http:\/\/blogdalucianaoliveira.com.br\/blog\/wp-json\/wp\/v2\/posts\/33402","targetHints":{"allow":["GET"]}}],"collection":[{"href":"http:\/\/blogdalucianaoliveira.com.br\/blog\/wp-json\/wp\/v2\/posts"}],"about":[{"href":"http:\/\/blogdalucianaoliveira.com.br\/blog\/wp-json\/wp\/v2\/types\/post"}],"author":[{"embeddable":true,"href":"http:\/\/blogdalucianaoliveira.com.br\/blog\/wp-json\/wp\/v2\/users\/1"}],"replies":[{"embeddable":true,"href":"http:\/\/blogdalucianaoliveira.com.br\/blog\/wp-json\/wp\/v2\/comments?post=33402"}],"version-history":[{"count":1,"href":"http:\/\/blogdalucianaoliveira.com.br\/blog\/wp-json\/wp\/v2\/posts\/33402\/revisions"}],"predecessor-version":[{"id":33404,"href":"http:\/\/blogdalucianaoliveira.com.br\/blog\/wp-json\/wp\/v2\/posts\/33402\/revisions\/33404"}],"wp:attachment":[{"href":"http:\/\/blogdalucianaoliveira.com.br\/blog\/wp-json\/wp\/v2\/media?parent=33402"}],"wp:term":[{"taxonomy":"category","embeddable":true,"href":"http:\/\/blogdalucianaoliveira.com.br\/blog\/wp-json\/wp\/v2\/categories?post=33402"},{"taxonomy":"post_tag","embeddable":true,"href":"http:\/\/blogdalucianaoliveira.com.br\/blog\/wp-json\/wp\/v2\/tags?post=33402"}],"curies":[{"name":"wp","href":"https:\/\/api.w.org\/{rel}","templated":true}]}}