{"id":33408,"date":"2022-03-10T09:22:04","date_gmt":"2022-03-10T13:22:04","guid":{"rendered":"http:\/\/blogdalucianaoliveira.com.br\/blog\/?p=33408"},"modified":"2022-03-10T09:22:08","modified_gmt":"2022-03-10T13:22:08","slug":"oms-pandemia-nao-vai-acabar-em-lugar-nenhum-se-nao-acabar-em-todos-os-lugares","status":"publish","type":"post","link":"http:\/\/blogdalucianaoliveira.com.br\/blog\/2022\/03\/10\/oms-pandemia-nao-vai-acabar-em-lugar-nenhum-se-nao-acabar-em-todos-os-lugares\/","title":{"rendered":"OMS: pandemia n\u00e3o vai acabar em lugar nenhum se n\u00e3o acabar em todos os lugares"},"content":{"rendered":"\n<figure class=\"wp-block-image\"><img data-recalc-dims=\"1\" decoding=\"async\" src=\"https:\/\/i0.wp.com\/www.redebrasilatual.com.br\/wp-content\/uploads\/2022\/03\/hong-kong.jpg?w=600&#038;ssl=1\" alt=\"hong-kong\"\/><\/figure>\n\n\n\n<p>\u201cEst\u00e1 longe de terminar\u201d, diz diretor Tedros Adhanom sobre a pandemia, decretada pela OMS h\u00e1 dois anos. \u201cO v\u00edrus da covid-19 continua evoluindo\u201d<br><\/p>\n\n\n\n<!--more-->\n\n\n\n<p>Rede Brasil Atual  \u2013 \u201cEsta pandemia est\u00e1 longe de acabar\u201d, afirmou nesta quarta-feira (9) o diretor-geral da Organiza\u00e7\u00e3o Mundial de Sa\u00fade (OMS), Tedros Adhanom. \u201cE n\u00e3o terminar\u00e1 em lugar algum se n\u00e3o conseguirmos em todos os lugares\u201d, enfatizou. Durante entrevista coletiva, em Genebra, ele destacou que na pr\u00f3xima sexta (11), far\u00e1 dois anos que a entidade declarou a covid-19 como\u00a0<a rel=\"noreferrer noopener\" href=\"https:\/\/www.redebrasilatual.com.br\/saude-e-ciencia\/2020\/03\/oms-pandemia-coronavirus\/\" target=\"_blank\">emerg\u00eancia de sa\u00fade internacional<\/a>.<\/p>\n\n\n\n<p>Tedros lembrou que, seis semanas antes de anunciar a pandemia, a OMS j\u00e1 havia declarado o mais alto n\u00edvel de alerta sanit\u00e1rio da institui\u00e7\u00e3o. Naquele momento, a China registrava cerca de 100 casos da doen\u00e7a, sem nenhuma morte. Mas os avisos n\u00e3o surtiram o \u201cefeitos imediatos\u201d, segundo ele. Em vez disso, Tedros reclamou que entidade foi criticada por uma suposta demora em reagir \u00e0 situa\u00e7\u00e3o. \u201cDois anos depois, mais de 6 milh\u00f5es de pessoas morreram\u201d, ressaltou.<ins><br><\/ins><\/p>\n\n\n\n<p>Atualmente, em todo o mundo, n\u00famero de novas infec\u00e7\u00f5es e mortes tenham ca\u00eddo 5% e 8%, respectivamente, de acordo com a OMS. Por outro lado, a entidade alerta para \u201ccrescimento muito forte\u201d da covid-19 na regi\u00e3o do Pac\u00edfico Ocidental. Honk Kong, por exemplo, registrou pico de mais de 50 mil casos na semana passada. A regi\u00e3o tamb\u00e9m computou recorde de mortes \u2013 291 \u2013 ontem (8), de acordo com a plataforma&nbsp;<em><a href=\"https:\/\/ourworldindata.org\/coronavirus\/country\/hong-kong\">Our World in Data<\/a><\/em>.<\/p>\n\n\n\n<p>\u201cO v\u00edrus continua evoluindo\u201d, disse Tedros. Ele tamb\u00e9m demonstrou preocupa\u00e7\u00e3o com a redu\u00e7\u00e3o dr\u00e1stica no n\u00edvel de testagem em diversos pa\u00edses. \u201cIsso nos impede de ver onde est\u00e1 o v\u00edrus, como ele se espalha e como evolui\u201d, alertou.<\/p>\n\n\n\n<h2 class=\"wp-block-heading\">Novas variantes<\/h2>\n\n\n\n<p>A epidemiologista s\u00eanior da OMS,&nbsp;Maria Van Kerkhove, disse que a entidade continua monitorando poss\u00edveis novas muta\u00e7\u00f5es do novo coronav\u00edrus. Assim, ela afirmou que a principal preocupa\u00e7\u00e3o \u00e9 com a&nbsp;<a href=\"https:\/\/www.redebrasilatual.com.br\/saude-e-ciencia\/2022\/01\/com-apagao-de-dados-brasil-enfrenta-variante-omicron-as-escuras\/\" target=\"_blank\" rel=\"noreferrer noopener\">combina\u00e7\u00e3o<\/a>&nbsp;entre as variantes delta e \u00f4micron. \u201cFoi detectada em alguns pa\u00edses, mas continua em n\u00edveis baixos de transmiss\u00e3o. N\u00e3o vimos mudan\u00e7as em termos epidemiol\u00f3gicos e de severidade ainda. Mais estudos ainda v\u00e3o sair\u201d.<\/p>\n\n\n\n<p>Da mesma maneira, ela destacou que, longe de acabar, \u201ca pandemia continua\u201d, em fun\u00e7\u00e3o da&nbsp;<a href=\"https:\/\/www.redebrasilatual.com.br\/saude-e-ciencia\/2022\/01\/mundo-subestimou-a-covid-19-e-a-desigualdade-piora-o-cenario\/\" target=\"_blank\" rel=\"noreferrer noopener\">desigualdade vacinal<\/a>&nbsp;entre os pa\u00eds. \u201cInfelizmente, esse v\u00edrus tem e ter\u00e1 oportunidades de continuar se espalhando\u201d, lamentou.<\/p>\n","protected":false},"excerpt":{"rendered":"<p>\u201cEst\u00e1 longe de terminar\u201d, diz diretor Tedros Adhanom sobre a pandemia, decretada pela OMS h\u00e1 dois anos. \u201cO v\u00edrus da covid-19 continua evoluindo\u201d<\/p>\n","protected":false},"author":1,"featured_media":0,"comment_status":"closed","ping_status":"open","sticky":false,"template":"","format":"standard","meta":{"_exactmetrics_skip_tracking":false,"_exactmetrics_sitenote_active":false,"_exactmetrics_sitenote_note":"","_exactmetrics_sitenote_category":0,"jetpack_post_was_ever_published":false,"_jetpack_newsletter_access":"","_jetpack_dont_email_post_to_subs":false,"_jetpack_newsletter_tier_id":0,"_jetpack_memberships_contains_paywalled_content":false,"_jetpack_memberships_contains_paid_content":false,"footnotes":"","jetpack_publicize_message":"","jetpack_publicize_feature_enabled":true,"jetpack_social_post_already_shared":true,"jetpack_social_options":{"image_generator_settings":{"template":"highway","enabled":false},"version":2}},"categories":[1],"tags":[363,671],"class_list":["post-33408","post","type-post","status-publish","format-standard","hentry","category-notas","tag-covid","tag-oms"],"jetpack_publicize_connections":[],"jetpack_sharing_enabled":true,"jetpack_featured_media_url":"","jetpack_shortlink":"https:\/\/wp.me\/p7wKYW-8GQ","jetpack-related-posts":[],"_links":{"self":[{"href":"http:\/\/blogdalucianaoliveira.com.br\/blog\/wp-json\/wp\/v2\/posts\/33408","targetHints":{"allow":["GET"]}}],"collection":[{"href":"http:\/\/blogdalucianaoliveira.com.br\/blog\/wp-json\/wp\/v2\/posts"}],"about":[{"href":"http:\/\/blogdalucianaoliveira.com.br\/blog\/wp-json\/wp\/v2\/types\/post"}],"author":[{"embeddable":true,"href":"http:\/\/blogdalucianaoliveira.com.br\/blog\/wp-json\/wp\/v2\/users\/1"}],"replies":[{"embeddable":true,"href":"http:\/\/blogdalucianaoliveira.com.br\/blog\/wp-json\/wp\/v2\/comments?post=33408"}],"version-history":[{"count":1,"href":"http:\/\/blogdalucianaoliveira.com.br\/blog\/wp-json\/wp\/v2\/posts\/33408\/revisions"}],"predecessor-version":[{"id":33409,"href":"http:\/\/blogdalucianaoliveira.com.br\/blog\/wp-json\/wp\/v2\/posts\/33408\/revisions\/33409"}],"wp:attachment":[{"href":"http:\/\/blogdalucianaoliveira.com.br\/blog\/wp-json\/wp\/v2\/media?parent=33408"}],"wp:term":[{"taxonomy":"category","embeddable":true,"href":"http:\/\/blogdalucianaoliveira.com.br\/blog\/wp-json\/wp\/v2\/categories?post=33408"},{"taxonomy":"post_tag","embeddable":true,"href":"http:\/\/blogdalucianaoliveira.com.br\/blog\/wp-json\/wp\/v2\/tags?post=33408"}],"curies":[{"name":"wp","href":"https:\/\/api.w.org\/{rel}","templated":true}]}}