{"id":33414,"date":"2022-03-10T11:22:36","date_gmt":"2022-03-10T15:22:36","guid":{"rendered":"http:\/\/blogdalucianaoliveira.com.br\/blog\/?p=33414"},"modified":"2022-03-10T11:22:40","modified_gmt":"2022-03-10T15:22:40","slug":"quem-e-o-arrecadador-de-campanha-de-bolsonaro-que-conquistou-michelle-e-carlos-e-irritou-ruralistas","status":"publish","type":"post","link":"http:\/\/blogdalucianaoliveira.com.br\/blog\/2022\/03\/10\/quem-e-o-arrecadador-de-campanha-de-bolsonaro-que-conquistou-michelle-e-carlos-e-irritou-ruralistas\/","title":{"rendered":"Quem \u00e9 o arrecadador de campanha de Bolsonaro que conquistou Michelle e Carlos e irritou ruralistas"},"content":{"rendered":"\n<figure class=\"wp-block-image size-large\"><img loading=\"lazy\" decoding=\"async\" width=\"932\" height=\"1029\" data-attachment-id=\"33415\" data-permalink=\"http:\/\/blogdalucianaoliveira.com.br\/blog\/2022\/03\/10\/quem-e-o-arrecadador-de-campanha-de-bolsonaro-que-conquistou-michelle-e-carlos-e-irritou-ruralistas\/untitled\/\" data-orig-file=\"https:\/\/i0.wp.com\/blogdalucianaoliveira.com.br\/blog\/wp-content\/uploads\/2022\/03\/untitled.png?fit=932%2C1029\" data-orig-size=\"932,1029\" data-comments-opened=\"0\" data-image-meta=\"{&quot;aperture&quot;:&quot;0&quot;,&quot;credit&quot;:&quot;&quot;,&quot;camera&quot;:&quot;&quot;,&quot;caption&quot;:&quot;&quot;,&quot;created_timestamp&quot;:&quot;0&quot;,&quot;copyright&quot;:&quot;&quot;,&quot;focal_length&quot;:&quot;0&quot;,&quot;iso&quot;:&quot;0&quot;,&quot;shutter_speed&quot;:&quot;0&quot;,&quot;title&quot;:&quot;&quot;,&quot;orientation&quot;:&quot;0&quot;}\" data-image-title=\"untitled\" data-image-description=\"\" data-image-caption=\"\" data-medium-file=\"https:\/\/i0.wp.com\/blogdalucianaoliveira.com.br\/blog\/wp-content\/uploads\/2022\/03\/untitled.png?fit=272%2C300\" data-large-file=\"https:\/\/i0.wp.com\/blogdalucianaoliveira.com.br\/blog\/wp-content\/uploads\/2022\/03\/untitled.png?fit=600%2C663\" src=\"https:\/\/i1.wp.com\/blogdalucianaoliveira.com.br\/blog\/wp-content\/uploads\/2022\/03\/untitled.png?fit=600%2C663&amp;ssl=1\" alt=\"\" class=\"wp-image-33415\" srcset=\"https:\/\/i0.wp.com\/blogdalucianaoliveira.com.br\/blog\/wp-content\/uploads\/2022\/03\/untitled.png?w=932 932w, https:\/\/i0.wp.com\/blogdalucianaoliveira.com.br\/blog\/wp-content\/uploads\/2022\/03\/untitled.png?resize=272%2C300 272w, https:\/\/i0.wp.com\/blogdalucianaoliveira.com.br\/blog\/wp-content\/uploads\/2022\/03\/untitled.png?resize=927%2C1024 927w, https:\/\/i0.wp.com\/blogdalucianaoliveira.com.br\/blog\/wp-content\/uploads\/2022\/03\/untitled.png?resize=768%2C848 768w\" sizes=\"auto, (max-width: 600px) 100vw, 600px\" \/><\/figure>\n\n\n\n<p><strong>Felipe Fraz\u00e3o, O Estado de S. Paulo<\/strong> &#8211; Um personagem desconhecido da pol\u00edtica ganhou destaque na rotina de <a href=\"https:\/\/tudo-sobre.estadao.com.br\/jair-bolsonaro\">Jair Bolsonaro<\/a> e no c\u00edrculo restrito da fam\u00edlia do presidente. O pecuarista <a href=\"https:\/\/tudo-sobre.estadao.com.br\/Bruno-Scheid\">Bruno Scheid<\/a>, de Ji-Paran\u00e1 (RO), apontado como principal respons\u00e1vel por uma arrecada\u00e7\u00e3o de campanha para a reelei\u00e7\u00e3o em um grupo de ruralistas, tem a porta aberta ao epicentro do poder federal. Ele surpreendeu o meio pol\u00edtico ao revelar proximidade com as duas pessoas de maior intimidade com o presidente: a primeira-dama <a href=\"https:\/\/tudo-sobre.estadao.com.br\/michelle-de-paula-bolsonaro\">Michelle Bolsonaro<\/a> e o filho e vereador <a href=\"https:\/\/tudo-sobre.estadao.com.br\/carlos-bolsonaro\">Carlos Bolsonaro<\/a> \u2013 dos quais poucos conseguiram se aproximar.\u00a0 <\/p>\n\n\n\n<!--more-->\n\n\n\n<p>Scheid tamb\u00e9m tem livre acesso ao gabinete presidencial do 3\u00ba andar do Pal\u00e1cio do Planalto. Na \u00faltima segunda-feira, quando Bolsonaro recebeu um grupo de pecuaristas fora da agenda \u2013 o encontro s\u00f3 apareceu registrado no dia seguinte \u2013, o pecuarista de Rond\u00f4nia estava sentado ao lado esquerdo do presidente \u2013 na semi\u00f3tica da pol\u00edtica, uma demonstra\u00e7\u00e3o de poder e prest\u00edgio. A reuni\u00e3o foi anunciada com anteced\u00eancia no WhatsApp pelo pr\u00f3prio Scheid a poss\u00edveis doadores de campanha.\u00a0 <\/p>\n\n\n\n<h2 class=\"wp-block-heading\">Leia Tamb\u00e9m<\/h2>\n\n\n\n<p><a href=\"https:\/\/politica.estadao.com.br\/noticias\/geral,empresarios-pedem-doacoes-para-bolsonaro-em-nome-de-flavio-e-valdemar-ruralistas-se-queixam,70004000264?utm_source=estadao:whatsapp&amp;utm_medium=link\">Empres\u00e1rios pedem doa\u00e7\u00f5es para Bolsonaro em nome de Fl\u00e1vio e Valdemar; ruralistas se queixam<\/a><\/p>\n\n\n\n<p>\u00c0 direita do presidente no encontro estavam a ministra da Agricultura, <a href=\"https:\/\/tudo-sobre.estadao.com.br\/tereza-cristina\">Tereza Cristina<\/a>, e o ministro da Economia, <a href=\"https:\/\/tudo-sobre.estadao.com.br\/paulo-guedes\">Paulo Guedes<\/a>. Segundo ruralistas declararam ao Estad\u00e3o, Scheid atua de forma incisiva e sem rodeios na busca por doa\u00e7\u00f5es para a campanha de Bolsonaro. O pedido de recursos desagradou a parte dos pecuaristas abordados. <\/p>\n\n\n\n<p><strong>Viva voz<\/strong> <\/p>\n\n\n\n<p>Aos 38 anos, o pecuarista exibe nas redes sociais uma foto abra\u00e7ado a Carlos, em geral avesso at\u00e9 a pol\u00edticos bolsonaristas que, embora aliados do pai, ele entende serem \u201caproveitadores\u201d. O filho do presidente interagiu de forma amistosa e mandou um \u201cforte abra\u00e7o\u201d. Com Michelle, a rela\u00e7\u00e3o foi al\u00e9m das redes. No interior de Rond\u00f4nia, Scheid realiza, desde o come\u00e7o deste ano, reuni\u00f5es eleitoreiras em que telefona \u00e0 primeira-dama e a coloca, com a chamada em viva voz, em di\u00e1logo com apoiadores do presidente e moradores de vilarejos rurais. Nessas chamadas, Michele enaltece a liga\u00e7\u00e3o de Scheid com Bolsonaro. <\/p>\n\n\n\n<p>Al\u00e9m de furar a bolha da fam\u00edlia presidencial, Bruno Scheid tem atropelado antigos aliados de Bolsonaro do agroneg\u00f3cio e se colocado como o interlocutor para obten\u00e7\u00e3o de dinheiro. A iniciativa assustou um setor que, na elei\u00e7\u00e3o de 2018, ajudou a eleger Bolsonaro sem centralizar a arrecada\u00e7\u00e3o. A preocupa\u00e7\u00e3o dos ruralistas tamb\u00e9m tem a ver com as suspeitas de que ele agiria como interlocutor do presidente nacional do PL, <a href=\"https:\/\/tudo-sobre.estadao.com.br\/valdemar-costa-neto\">Valdemar Costa Neto<\/a>, e do senador <a href=\"https:\/\/tudo-sobre.estadao.com.br\/Fl%C3%A1vio-Bolsonaro\">Fl\u00e1vio Bolsonaro<\/a> (PL-RJ) \u2013 os dois coordenam a prepara\u00e7\u00e3o da campanha bolsonarista. <\/p>\n\n\n\n<p>O passe livre de Scheid vai al\u00e9m. At\u00e9 as aeronaves presidenciais se abriram a ele. O pecuarista comp\u00f4s a comitiva que viajou no avi\u00e3o do presidente de Bras\u00edlia a Porto Velho (RO), em fevereiro, para um encontro com o presidente do Peru, <a href=\"https:\/\/tudo-sobre.estadao.com.br\/Pedro%20Castillo\">Pedro Castillo<\/a>. Sentou-se ao lado do ministro do Gabinete de Seguran\u00e7a Institucional, Augusto Heleno.&nbsp; <\/p>\n\n\n\n<p>Na v\u00e9spera da manifesta\u00e7\u00e3o bolsonarista de 7 de Setembro, no ano passado, Bolsonaro o convidou para sobrevoar Bras\u00edlia num helic\u00f3ptero da <a href=\"https:\/\/tudo-sobre.estadao.com.br\/fab-forca-aerea-brasileira\">For\u00e7a A\u00e9rea Brasileira<\/a>. Scheid era uma das lideran\u00e7as rurais que ocuparam a Esplanada dos Minist\u00e9rios nos dias seguintes, com palavras de vi\u00e9s autorit\u00e1rio, e que causaram temor de ruptura e invas\u00e3o do Supremo Tribunal Federal.&nbsp; <\/p>\n\n\n\n<p>Scheid nega que tenha organizado reuni\u00e3o de pecuaristas no Planalto, que atue como arrecadador de Bolsonaro e at\u00e9 mesmo que \u00e9 filiado ao PL, embora tenha compartilhado imagem de Costa Neto para anunciar sua entrada no partido. <\/p>\n\n\n\n<p>Ele tamb\u00e9m figurou nas p\u00e1ginas policiais de Rond\u00f4nia, como autor e v\u00edtima, em situa\u00e7\u00f5es de crimes ligados ao conflito de terras. Em 2012, Scheid teria efetuado uma s\u00e9rie de disparos com arma de fogo em dire\u00e7\u00e3o a um sem-terra, em Alvorada do Oeste (RO). Denunciado pelo <a href=\"https:\/\/tudo-sobre.estadao.com.br\/Minist%C3%A9rio-P%C3%BAblico\">Minist\u00e9rio P\u00fablico<\/a>, Scheid foi absolvido em 2015, por falta de provas. Tr\u00eas anos depois, em 2018, uma fazenda de sua fam\u00edlia teria sido assaltada por 15 homens armados, a 400 quil\u00f4metros de Porto Velho. O pecuarista, a mulher, Sueli Scheid, a m\u00e3e e a filha teriam sido feito ref\u00e9ns e abandonados na estrada. O epis\u00f3dio o fortaleceu politicamente no Estado.<\/p>\n","protected":false},"excerpt":{"rendered":"<p>Felipe Fraz\u00e3o, O Estado de S. Paulo &#8211; Um personagem desconhecido da pol\u00edtica ganhou destaque na rotina de Jair Bolsonaro e no c\u00edrculo restrito da fam\u00edlia do presidente. O pecuarista Bruno Scheid, de Ji-Paran\u00e1 (RO), apontado como principal respons\u00e1vel por uma arrecada\u00e7\u00e3o de campanha para a reelei\u00e7\u00e3o em um grupo de ruralistas, tem a porta&#8230;<a class=\"more-link\" href=\"http:\/\/blogdalucianaoliveira.com.br\/blog\/2022\/03\/10\/quem-e-o-arrecadador-de-campanha-de-bolsonaro-que-conquistou-michelle-e-carlos-e-irritou-ruralistas\/\">Continue a leitura <span class=\"meta-nav\">&raquo;<\/span><\/a><\/p>\n","protected":false},"author":1,"featured_media":0,"comment_status":"closed","ping_status":"open","sticky":false,"template":"","format":"standard","meta":{"_exactmetrics_skip_tracking":false,"_exactmetrics_sitenote_active":false,"_exactmetrics_sitenote_note":"","_exactmetrics_sitenote_category":0,"jetpack_post_was_ever_published":false,"_jetpack_newsletter_access":"","_jetpack_dont_email_post_to_subs":false,"_jetpack_newsletter_tier_id":0,"_jetpack_memberships_contains_paywalled_content":false,"_jetpack_memberships_contains_paid_content":false,"footnotes":"","jetpack_publicize_message":"","jetpack_publicize_feature_enabled":true,"jetpack_social_post_already_shared":true,"jetpack_social_options":{"image_generator_settings":{"template":"highway","enabled":false},"version":2}},"categories":[1],"tags":[675,674,7,673],"class_list":["post-33414","post","type-post","status-publish","format-standard","hentry","category-notas","tag-arrecadador","tag-felipe-frazao","tag-rondonia","tag-ruralista"],"jetpack_publicize_connections":[],"jetpack_sharing_enabled":true,"jetpack_featured_media_url":"","jetpack_shortlink":"https:\/\/wp.me\/p7wKYW-8GW","jetpack-related-posts":[],"_links":{"self":[{"href":"http:\/\/blogdalucianaoliveira.com.br\/blog\/wp-json\/wp\/v2\/posts\/33414","targetHints":{"allow":["GET"]}}],"collection":[{"href":"http:\/\/blogdalucianaoliveira.com.br\/blog\/wp-json\/wp\/v2\/posts"}],"about":[{"href":"http:\/\/blogdalucianaoliveira.com.br\/blog\/wp-json\/wp\/v2\/types\/post"}],"author":[{"embeddable":true,"href":"http:\/\/blogdalucianaoliveira.com.br\/blog\/wp-json\/wp\/v2\/users\/1"}],"replies":[{"embeddable":true,"href":"http:\/\/blogdalucianaoliveira.com.br\/blog\/wp-json\/wp\/v2\/comments?post=33414"}],"version-history":[{"count":1,"href":"http:\/\/blogdalucianaoliveira.com.br\/blog\/wp-json\/wp\/v2\/posts\/33414\/revisions"}],"predecessor-version":[{"id":33416,"href":"http:\/\/blogdalucianaoliveira.com.br\/blog\/wp-json\/wp\/v2\/posts\/33414\/revisions\/33416"}],"wp:attachment":[{"href":"http:\/\/blogdalucianaoliveira.com.br\/blog\/wp-json\/wp\/v2\/media?parent=33414"}],"wp:term":[{"taxonomy":"category","embeddable":true,"href":"http:\/\/blogdalucianaoliveira.com.br\/blog\/wp-json\/wp\/v2\/categories?post=33414"},{"taxonomy":"post_tag","embeddable":true,"href":"http:\/\/blogdalucianaoliveira.com.br\/blog\/wp-json\/wp\/v2\/tags?post=33414"}],"curies":[{"name":"wp","href":"https:\/\/api.w.org\/{rel}","templated":true}]}}