{"id":33418,"date":"2022-03-11T11:49:16","date_gmt":"2022-03-11T15:49:16","guid":{"rendered":"http:\/\/blogdalucianaoliveira.com.br\/blog\/?p=33418"},"modified":"2022-03-11T11:52:34","modified_gmt":"2022-03-11T15:52:34","slug":"amazonia-tem-recorde-de-alerta-de-desmatamento-para-um-mes-de-fevereiro-aponta-inpe","status":"publish","type":"post","link":"http:\/\/blogdalucianaoliveira.com.br\/blog\/2022\/03\/11\/amazonia-tem-recorde-de-alerta-de-desmatamento-para-um-mes-de-fevereiro-aponta-inpe\/","title":{"rendered":"Amaz\u00f4nia tem recorde de alerta de desmatamento para um m\u00eas de fevereiro, aponta Inpe"},"content":{"rendered":"\n<figure class=\"wp-block-image\"><img data-recalc-dims=\"1\" decoding=\"async\" src=\"https:\/\/i0.wp.com\/s2.glbimg.com\/9u_1V7NU2uFb218t8WFOls52d1k%3D\/0x0%3A1354x1080\/984x0\/smart\/filters%3Astrip_icc%28%29\/i.s3.glbimg.com\/v1\/AUTH_59edd422c0c84a879bd37670ae4f538a\/internal_photos\/bs\/2022\/I\/8\/vsFD0bTWunzqF4HnrJYw\/whatsapp-image-2022-03-04-at-09.24.09.jpeg?w=600&#038;ssl=1\" alt=\"Desmatamento no Acre em 2021 foi o pior em dez anos \u2014 Foto: Arquivo\/SOS Amaz\u00f4nia\"\/><\/figure>\n\n\n\n<h4 class=\"wp-block-heading\">Em 2022, foram 199 km\u00b2, os maiores alertas j\u00e1 registrados para o m\u00eas desde o come\u00e7o da s\u00e9rie hist\u00f3rica. O in\u00edcio do ano tamb\u00e9m \u00e9 o pior da s\u00e9rie hist\u00f3rica do Inpe. Somando janeiro e fevereiro s\u00e3o 629 km\u00b2, ultrapassando com folga o registrado em 2020: 470 km\u00b2 (recorde at\u00e9 ent\u00e3o).<\/h4>\n\n\n\n<!--more-->\n\n\n\n<p>Por g1<\/p>\n\n\n\n<p> Os alertas de desmatamento na Amaz\u00f4nia Legal em fevereiro foram os maiores j\u00e1 registrados para o m\u00eas desde o come\u00e7o da s\u00e9rie hist\u00f3rica, segundo dados do Instituto de Pesquisas Espaciais (<a href=\"https:\/\/g1.globo.com\/tudo-sobre\/inpe\/\">Inpe<\/a>). Foram\u00a0<strong>199 km\u00b2<\/strong>\u00a0no m\u00eas passado, conforme medi\u00e7\u00f5es do Sistema de Detec\u00e7\u00e3o de Desmatamento em Tempo Real (Deter). <br><\/p>\n\n\n\n<figure class=\"wp-block-image size-large\"><img loading=\"lazy\" decoding=\"async\" width=\"1170\" height=\"1718\" data-attachment-id=\"33420\" data-permalink=\"http:\/\/blogdalucianaoliveira.com.br\/blog\/2022\/03\/11\/amazonia-tem-recorde-de-alerta-de-desmatamento-para-um-mes-de-fevereiro-aponta-inpe\/45a503c5-46ef-494c-a360-2952188c1930\/\" data-orig-file=\"https:\/\/i0.wp.com\/blogdalucianaoliveira.com.br\/blog\/wp-content\/uploads\/2022\/03\/45A503C5-46EF-494C-A360-2952188C1930.jpeg?fit=1170%2C1718\" data-orig-size=\"1170,1718\" data-comments-opened=\"0\" data-image-meta=\"{&quot;aperture&quot;:&quot;0&quot;,&quot;credit&quot;:&quot;&quot;,&quot;camera&quot;:&quot;&quot;,&quot;caption&quot;:&quot;&quot;,&quot;created_timestamp&quot;:&quot;0&quot;,&quot;copyright&quot;:&quot;&quot;,&quot;focal_length&quot;:&quot;0&quot;,&quot;iso&quot;:&quot;0&quot;,&quot;shutter_speed&quot;:&quot;0&quot;,&quot;title&quot;:&quot;&quot;,&quot;orientation&quot;:&quot;1&quot;}\" data-image-title=\"45A503C5-46EF-494C-A360-2952188C1930\" data-image-description=\"\" data-image-caption=\"\" data-medium-file=\"https:\/\/i0.wp.com\/blogdalucianaoliveira.com.br\/blog\/wp-content\/uploads\/2022\/03\/45A503C5-46EF-494C-A360-2952188C1930.jpeg?fit=204%2C300\" data-large-file=\"https:\/\/i0.wp.com\/blogdalucianaoliveira.com.br\/blog\/wp-content\/uploads\/2022\/03\/45A503C5-46EF-494C-A360-2952188C1930.jpeg?fit=600%2C881\" src=\"https:\/\/i0.wp.com\/blogdalucianaoliveira.com.br\/blog\/wp-content\/uploads\/2022\/03\/45A503C5-46EF-494C-A360-2952188C1930.jpeg?fit=600%2C881\" alt=\"\" class=\"wp-image-33420\" srcset=\"https:\/\/i0.wp.com\/blogdalucianaoliveira.com.br\/blog\/wp-content\/uploads\/2022\/03\/45A503C5-46EF-494C-A360-2952188C1930.jpeg?w=1170 1170w, https:\/\/i0.wp.com\/blogdalucianaoliveira.com.br\/blog\/wp-content\/uploads\/2022\/03\/45A503C5-46EF-494C-A360-2952188C1930.jpeg?resize=204%2C300 204w, https:\/\/i0.wp.com\/blogdalucianaoliveira.com.br\/blog\/wp-content\/uploads\/2022\/03\/45A503C5-46EF-494C-A360-2952188C1930.jpeg?resize=697%2C1024 697w, https:\/\/i0.wp.com\/blogdalucianaoliveira.com.br\/blog\/wp-content\/uploads\/2022\/03\/45A503C5-46EF-494C-A360-2952188C1930.jpeg?resize=768%2C1128 768w, https:\/\/i0.wp.com\/blogdalucianaoliveira.com.br\/blog\/wp-content\/uploads\/2022\/03\/45A503C5-46EF-494C-A360-2952188C1930.jpeg?resize=1046%2C1536 1046w\" sizes=\"auto, (max-width: 600px) 100vw, 600px\" \/><\/figure>\n\n\n\n<p>Fevereiro seguiu a tend\u00eancia de janeiro. O primeiro m\u00eas de ano tamb\u00e9m teve&nbsp;<a href=\"https:\/\/g1.globo.com\/meio-ambiente\/noticia\/2022\/02\/02\/sem-dados-completos-amazonia-tem-recorde-de-alerta-de-desmate-para-um-mes-de-janeiro-aponta-inpe.ghtml\">recorde de alertas de desmatamento desde 2016<\/a>, quando come\u00e7ou o monitoramento.<\/p>\n\n\n\n<p>O in\u00edcio do ano tamb\u00e9m \u00e9 o pior da s\u00e9rie hist\u00f3rica do&nbsp;<a href=\"https:\/\/g1.globo.com\/tudo-sobre\/inpe\/\">Inpe<\/a>. Somando janeiro e fevereiro s\u00e3o 629 km\u00b2, ultrapassando com folga o registrado em 2020: 470 km\u00b2 (recorde at\u00e9 ent\u00e3o).<\/p>\n\n\n\n<p>Para R\u00f4mulo Batista, porta-voz de Amaz\u00f4nia do Greenpeace Brasil, os recordes batidos em janeiro e fevereiro demonstram que o desmatamento na Amaz\u00f4nia est\u00e1 fora de controle. Ele lembra que este \u00e9 um per\u00edodo no qual o desmatamento costuma ser mais baixo por conta do per\u00edodo chuvoso na regi\u00e3o.<\/p>\n\n\n\n<p>&#8220;Entre as principais causas que a gente pode ter para esse aumento cont\u00ednuo \u00e9 a falta de uma pol\u00edtica ambiental do Governo Federal, que deixou de investir em a\u00e7\u00f5es de fiscaliza\u00e7\u00e3o e controle, e tamb\u00e9m o Congresso Nacional, que tem aprovado, ou tentado aprovar, leis que v\u00e3o abrir ainda mais a floresta pra destrui\u00e7\u00e3o&#8221;, diz Batista.<\/p>\n\n\n\n<p>O Deter produz sinais di\u00e1rios de altera\u00e7\u00e3o na cobertura florestal para \u00e1reas maiores que 3 hectares (0,03 km\u00b2) \u2013 tanto para \u00e1reas totalmente desmatadas como para aquelas em processo de degrada\u00e7\u00e3o florestal (por explora\u00e7\u00e3o de madeira, minera\u00e7\u00e3o, queimadas e outras).<\/p>\n\n\n\n<h2 class=\"wp-block-heading\">&#8216;Campe\u00f5es&#8217; do desmatamento<\/h2>\n\n\n\n<p>A Amaz\u00f4nia Legal corresponde a 59% do territ\u00f3rio brasileiro, e engloba a \u00e1rea de 8 estados (Acre, Amap\u00e1, Amazonas, Mato Grosso,&nbsp;<a href=\"https:\/\/g1.globo.com\/pa\/para\/\">Par\u00e1<\/a>, Rond\u00f4nia, Roraima e Tocantins) e parte do&nbsp;<a href=\"https:\/\/g1.globo.com\/ma\/maranhao\/\">Maranh\u00e3o<\/a>.<\/p>\n\n\n\n<p>O Mato Grosso foi o estado com maior \u00e1rea sob alerta de desmatamento: 78 km\u00b2. Em seguida vieram Par\u00e1, com 49 km\u00b2, Amazonas, com 40 km\u00b2 e Rond\u00f4nia, com 23 km\u00b2.<\/p>\n\n\n\n<p>Roraima registrou 5 km\u00b2 e Maranh\u00e3o ficou com 3 km\u00b2. Acre, Amap\u00e1 e Tocantins n\u00e3o tiveram alertas de desmatamento em fevereiro.<br><\/p>\n\n\n\n<p><br><\/p>\n","protected":false},"excerpt":{"rendered":"<p>Em 2022, foram 199 km\u00b2, os maiores alertas j\u00e1 registrados para o m\u00eas desde o come\u00e7o da s\u00e9rie hist\u00f3rica. O in\u00edcio do ano tamb\u00e9m \u00e9 o pior da s\u00e9rie hist\u00f3rica do Inpe. Somando janeiro e fevereiro s\u00e3o 629 km\u00b2, ultrapassando com folga o registrado em 2020: 470 km\u00b2 (recorde at\u00e9 ent\u00e3o).<\/p>\n","protected":false},"author":1,"featured_media":0,"comment_status":"closed","ping_status":"open","sticky":false,"template":"","format":"standard","meta":{"_exactmetrics_skip_tracking":false,"_exactmetrics_sitenote_active":false,"_exactmetrics_sitenote_note":"","_exactmetrics_sitenote_category":0,"jetpack_post_was_ever_published":false,"_jetpack_newsletter_access":"","_jetpack_dont_email_post_to_subs":false,"_jetpack_newsletter_tier_id":0,"_jetpack_memberships_contains_paywalled_content":false,"_jetpack_memberships_contains_paid_content":false,"footnotes":"","jetpack_publicize_message":"","jetpack_publicize_feature_enabled":true,"jetpack_social_post_already_shared":true,"jetpack_social_options":{"image_generator_settings":{"template":"highway","enabled":false},"version":2}},"categories":[1],"tags":[387,7],"class_list":["post-33418","post","type-post","status-publish","format-standard","hentry","category-notas","tag-desmatamento","tag-rondonia"],"jetpack_publicize_connections":[],"jetpack_sharing_enabled":true,"jetpack_featured_media_url":"","jetpack_shortlink":"https:\/\/wp.me\/p7wKYW-8H0","jetpack-related-posts":[],"_links":{"self":[{"href":"http:\/\/blogdalucianaoliveira.com.br\/blog\/wp-json\/wp\/v2\/posts\/33418","targetHints":{"allow":["GET"]}}],"collection":[{"href":"http:\/\/blogdalucianaoliveira.com.br\/blog\/wp-json\/wp\/v2\/posts"}],"about":[{"href":"http:\/\/blogdalucianaoliveira.com.br\/blog\/wp-json\/wp\/v2\/types\/post"}],"author":[{"embeddable":true,"href":"http:\/\/blogdalucianaoliveira.com.br\/blog\/wp-json\/wp\/v2\/users\/1"}],"replies":[{"embeddable":true,"href":"http:\/\/blogdalucianaoliveira.com.br\/blog\/wp-json\/wp\/v2\/comments?post=33418"}],"version-history":[{"count":2,"href":"http:\/\/blogdalucianaoliveira.com.br\/blog\/wp-json\/wp\/v2\/posts\/33418\/revisions"}],"predecessor-version":[{"id":33421,"href":"http:\/\/blogdalucianaoliveira.com.br\/blog\/wp-json\/wp\/v2\/posts\/33418\/revisions\/33421"}],"wp:attachment":[{"href":"http:\/\/blogdalucianaoliveira.com.br\/blog\/wp-json\/wp\/v2\/media?parent=33418"}],"wp:term":[{"taxonomy":"category","embeddable":true,"href":"http:\/\/blogdalucianaoliveira.com.br\/blog\/wp-json\/wp\/v2\/categories?post=33418"},{"taxonomy":"post_tag","embeddable":true,"href":"http:\/\/blogdalucianaoliveira.com.br\/blog\/wp-json\/wp\/v2\/tags?post=33418"}],"curies":[{"name":"wp","href":"https:\/\/api.w.org\/{rel}","templated":true}]}}