{"id":33422,"date":"2022-03-11T17:56:55","date_gmt":"2022-03-11T21:56:55","guid":{"rendered":"http:\/\/blogdalucianaoliveira.com.br\/blog\/?p=33422"},"modified":"2022-03-11T17:56:58","modified_gmt":"2022-03-11T21:56:58","slug":"ruralistas-deram-54-dos-votos-que-aprovaram-urgencia-na-mineracao-em-terras-indigenas","status":"publish","type":"post","link":"http:\/\/blogdalucianaoliveira.com.br\/blog\/2022\/03\/11\/ruralistas-deram-54-dos-votos-que-aprovaram-urgencia-na-mineracao-em-terras-indigenas\/","title":{"rendered":"Ruralistas deram 54% dos votos que aprovaram urg\u00eancia na minera\u00e7\u00e3o em terras ind\u00edgenas"},"content":{"rendered":"\n<figure class=\"wp-block-image size-large\"><img data-recalc-dims=\"1\" loading=\"lazy\" decoding=\"async\" width=\"600\" height=\"415\" data-attachment-id=\"33423\" data-permalink=\"http:\/\/blogdalucianaoliveira.com.br\/blog\/2022\/03\/11\/ruralistas-deram-54-dos-votos-que-aprovaram-urgencia-na-mineracao-em-terras-indigenas\/cd6eb61f-16a6-4415-a904-b9bd0a0193c1\/\" data-orig-file=\"https:\/\/i0.wp.com\/blogdalucianaoliveira.com.br\/blog\/wp-content\/uploads\/2022\/03\/CD6EB61F-16A6-4415-A904-B9BD0A0193C1.jpeg?fit=1013%2C700\" data-orig-size=\"1013,700\" data-comments-opened=\"0\" data-image-meta=\"{&quot;aperture&quot;:&quot;0&quot;,&quot;credit&quot;:&quot;&quot;,&quot;camera&quot;:&quot;&quot;,&quot;caption&quot;:&quot;&quot;,&quot;created_timestamp&quot;:&quot;0&quot;,&quot;copyright&quot;:&quot;&quot;,&quot;focal_length&quot;:&quot;0&quot;,&quot;iso&quot;:&quot;0&quot;,&quot;shutter_speed&quot;:&quot;0&quot;,&quot;title&quot;:&quot;&quot;,&quot;orientation&quot;:&quot;0&quot;}\" data-image-title=\"CD6EB61F-16A6-4415-A904-B9BD0A0193C1\" data-image-description=\"\" data-image-caption=\"\" data-medium-file=\"https:\/\/i0.wp.com\/blogdalucianaoliveira.com.br\/blog\/wp-content\/uploads\/2022\/03\/CD6EB61F-16A6-4415-A904-B9BD0A0193C1.jpeg?fit=300%2C207\" data-large-file=\"https:\/\/i0.wp.com\/blogdalucianaoliveira.com.br\/blog\/wp-content\/uploads\/2022\/03\/CD6EB61F-16A6-4415-A904-B9BD0A0193C1.jpeg?fit=600%2C415\" src=\"https:\/\/i0.wp.com\/blogdalucianaoliveira.com.br\/blog\/wp-content\/uploads\/2022\/03\/CD6EB61F-16A6-4415-A904-B9BD0A0193C1.jpeg?resize=600%2C415\" alt=\"\" class=\"wp-image-33423\" srcset=\"https:\/\/i0.wp.com\/blogdalucianaoliveira.com.br\/blog\/wp-content\/uploads\/2022\/03\/CD6EB61F-16A6-4415-A904-B9BD0A0193C1.jpeg?w=1013 1013w, https:\/\/i0.wp.com\/blogdalucianaoliveira.com.br\/blog\/wp-content\/uploads\/2022\/03\/CD6EB61F-16A6-4415-A904-B9BD0A0193C1.jpeg?resize=300%2C207 300w, https:\/\/i0.wp.com\/blogdalucianaoliveira.com.br\/blog\/wp-content\/uploads\/2022\/03\/CD6EB61F-16A6-4415-A904-B9BD0A0193C1.jpeg?resize=768%2C531 768w, https:\/\/i0.wp.com\/blogdalucianaoliveira.com.br\/blog\/wp-content\/uploads\/2022\/03\/CD6EB61F-16A6-4415-A904-B9BD0A0193C1.jpeg?resize=434%2C300 434w\" sizes=\"auto, (max-width: 600px) 100vw, 600px\" \/><\/figure>\n\n\n\n<p><strong><em>Frente Parlamentar da Agropecu\u00e1ria deu 152 dos 279 votos favor\u00e1veis \u00e0 tramita\u00e7\u00e3o em urg\u00eancia do PL 191\/2020, considerado inconstitucional pelo MPF; l\u00edderes partid\u00e1rios que assinaram requerimento tamb\u00e9m comp\u00f5em a bancada do agroneg\u00f3cio<\/em><br><\/strong><\/p>\n\n\n\n<!--more-->\n\n\n\n<p>Por\u00a0<strong>Bruno Stankevicius Bassi<\/strong>, no De Olho Nos Ruralistas <\/p>\n\n\n\n<p>A Frente Parlamentar da Agropecu\u00e1ria (FPA), face mais organizada da bancada ruralista, contribuiu com 54,5% dos votos que aprovaram na quarta-feira (09) o requerimento de urg\u00eancia para a tramita\u00e7\u00e3o do Projeto de Lei (PL) 191\/2020, que autoriza a minera\u00e7\u00e3o em terras ind\u00edgenas. Dos&nbsp;<a href=\"https:\/\/congressoemfoco.uol.com.br\/temas\/meio-ambiente\/como-cada-deputado-votou-urgencia-para-mineracao-em-terras-indigenas\/\">279 deputados<\/a>&nbsp;que apoiaram a pauta, 152 s\u00e3o membros do grupo, que emitiu&nbsp;<a href=\"https:\/\/fpagropecuaria.org.br\/2020\/02\/07\/cd-pl-191-2020\/\">parecer<\/a>&nbsp;favor\u00e1vel \u00e0 medida.<\/p>\n\n\n\n<p>De autoria do governo federal, o projeto altera os crit\u00e9rios de realiza\u00e7\u00e3o de pesquisa e lavra de recursos minerais e h\u00eddricos em terras ind\u00edgenas e \u00e9 considerado inconstitucional pelo Minist\u00e9rio P\u00fablico Federal (<a href=\"http:\/\/www.mpf.mp.br\/pgr\/noticias-pgr\/pl-191-2020-mpf-reitera-manifestacao-contraria-a-proposta-que-regulamenta-mineracao-em-terras-indigenas\">MPF<\/a>). Com a aprova\u00e7\u00e3o do regime de urg\u00eancia, o presidente da C\u00e2mara, Arthur Lira (PP-AL), determinou a cria\u00e7\u00e3o de um grupo de trabalho para analisar a proposta, que deve ir a plen\u00e1rio ainda em abril.<\/p>\n\n\n\n<p>Apesar de usar como pretexto a escassez de fertilizantes no mercado brasileiro em decorr\u00eancia da guerra entre R\u00fassia e Ucr\u00e2nia, o PL 191\/2020 j\u00e1 figurava entre as prioridades legislativas de Jair Bolsonaro para 2022, conforme mostrou reportagem do observat\u00f3rio: \u201c<a href=\"https:\/\/deolhonosruralistas.com.br\/2022\/02\/10\/passando-a-boiada-12-das-45-prioridades-do-governo-no-congresso-sao-no-campo\/\">Passando a Boiada: 12 das 45 prioridades do governo no Congresso s\u00e3o no campo<\/a>\u201c.<\/p>\n\n\n\n<p>Pautada \u00e0s pressas por Lira, a vota\u00e7\u00e3o ocorreu enquanto cerca de 17 mil pessoas se mobilizavam em frente ao Congresso no&nbsp;<a href=\"https:\/\/www.correiobraziliense.com.br\/cidades-df\/2022\/03\/4991730-ato-pela-terra-brasilienses-se-unem-a-protesto-contra-pacote-da-destruicao.html\">Ato pela Terra<\/a>, convocado pelo cantor Caetano Veloso e outros quarenta artistas, al\u00e9m de l\u00edderes ind\u00edgenas, camponeses e quilombolas.<\/p>\n\n\n\n<h3 class=\"wp-block-heading\">LUIS MIRANDA, QUE DELATOU RICARDO BARROS, ASSINOU COM ELE REQUERIMENTO DE URG\u00caNCIA<\/h3>\n\n\n\n<figure class=\"wp-block-image\"><img decoding=\"async\" data-attachment-id=\"24144\" data-permalink=\"http:\/\/blogdalucianaoliveira.com.br\/blog\/2019\/09\/30\/cnj-publica-manual-sobre-indigenas-processados-criminalmente\/a1c5d1c1-707a-4c57-af8c-e4b815ac69d3\/\" data-orig-file=\"https:\/\/i0.wp.com\/blogdalucianaoliveira.com.br\/blog\/wp-content\/uploads\/2019\/09\/A1C5D1C1-707A-4C57-AF8C-E4B815AC69D3.jpeg?fit=1024%2C649\" data-orig-size=\"1024,649\" data-comments-opened=\"0\" data-image-meta=\"{&quot;aperture&quot;:&quot;0&quot;,&quot;credit&quot;:&quot;&quot;,&quot;camera&quot;:&quot;&quot;,&quot;caption&quot;:&quot;&quot;,&quot;created_timestamp&quot;:&quot;0&quot;,&quot;copyright&quot;:&quot;&quot;,&quot;focal_length&quot;:&quot;0&quot;,&quot;iso&quot;:&quot;0&quot;,&quot;shutter_speed&quot;:&quot;0&quot;,&quot;title&quot;:&quot;&quot;,&quot;orientation&quot;:&quot;0&quot;}\" data-image-title=\"A1C5D1C1-707A-4C57-AF8C-E4B815AC69D3\" data-image-description=\"\" data-image-caption=\"\" data-medium-file=\"https:\/\/i0.wp.com\/blogdalucianaoliveira.com.br\/blog\/wp-content\/uploads\/2019\/09\/A1C5D1C1-707A-4C57-AF8C-E4B815AC69D3.jpeg?fit=300%2C190\" data-large-file=\"https:\/\/i0.wp.com\/blogdalucianaoliveira.com.br\/blog\/wp-content\/uploads\/2019\/09\/A1C5D1C1-707A-4C57-AF8C-E4B815AC69D3.jpeg?fit=600%2C380\" src=\"https:\/\/i0.wp.com\/deolhonosruralistas.com.br\/wp-content\/uploads\/2022\/02\/bolsonaro-e-barros.jpg?resize=300%2C180&amp;ssl=1\" alt=\"\" class=\"wp-image-24144\"\/><figcaption>Bolsonaro e seu l\u00edder na C\u00e2mara, Ricardo Barros (PP-PR). (Foto: Facebook)<\/figcaption><\/figure>\n\n\n\n<p>Fruto de uma articula\u00e7\u00e3o direta entre o presidente Jair Bolsonaro, o ministro de Minas e Energia, Bento Albuquerque, e o l\u00edder do governo, Ricardo Barros (PP-PR), o requerimento de urg\u00eancia relativo ao PL 191\/2020 contou com a assinatura de outros nove deputados, dos quais cinco s\u00e3o membros da Frente Parlamentar da Agropecu\u00e1ria.<\/p>\n\n\n\n<p>Ao lado de Barros, assinam sete l\u00edderes de partido: Andr\u00e9 Fufuca (PP-MA), Altineu C\u00f4rtes (PL-RJ), Vinicius Carvalho (Republicanos-SP), Euclydes Pettersen (PSC-MG), Adolfo Viana (PSDB-BA), Elmar Nascimento (Uni\u00e3o-BA) e Sebasti\u00e3o Oliveira (Avante-PE). Tamb\u00e9m figuram no documento os deputados Marcelo Moraes (PTB-RS) e Luis Miranda (Uni\u00e3o-DF).<\/p>\n\n\n\n<p>Este \u00faltimo ganhou destaque no ano passado ap\u00f3s delatar o pr\u00f3prio Ricardo Barros em depoimento \u00e0 CPI da Covid. Nele, Luis Miranda acusou o l\u00edder do governo de liderar um esquema de venda superfaturada da vacina indiana Covaxin. Na \u00e9poca, o observat\u00f3rio relembrou o hist\u00f3rico fundi\u00e1rio do paranaense, que inclui um latif\u00fandio no Piau\u00ed em \u00e1rea de conflito: \u201c<a href=\"https:\/\/deolhonosruralistas.com.br\/2021\/06\/30\/ricardo-barros-do-feudo-no-parana-as-rotas-da-corrupcao\/\">Ricardo Barros: do feudo no Paran\u00e1 \u00e0s rotas da corrup\u00e7\u00e3o<\/a>\u201c.<\/p>\n\n\n\n<p>Confira v\u00eddeo da s\u00e9rie De Olho no Congresso sobre Arthur Lira:<\/p>\n\n\n\n<figure class=\"wp-block-embed-youtube wp-block-embed is-type-video is-provider-youtube wp-embed-aspect-16-9 wp-has-aspect-ratio\"><div class=\"wp-block-embed__wrapper\">\n<div class=\"jetpack-video-wrapper\"><iframe loading=\"lazy\" title=\"Primos de Arthur Lira comandam Incra e Codevasf em Alagoas\" width=\"600\" height=\"338\" src=\"https:\/\/www.youtube.com\/embed\/eo7nFsncG1A?feature=oembed\" frameborder=\"0\" allow=\"accelerometer; autoplay; clipboard-write; encrypted-media; gyroscope; picture-in-picture; web-share\" referrerpolicy=\"strict-origin-when-cross-origin\" allowfullscreen><\/iframe><\/div>\n<\/div><\/figure>\n\n\n\n<h3 class=\"wp-block-heading\">MAIORIA DA FPA \u00c9 FAVOR\u00c1VEL \u00c0 PROPOSTA<\/h3>\n\n\n\n<p>Dona da maior bancada da C\u00e2mara, com 241 deputados, a FPA conseguiu a ades\u00e3o de boa parte de sua base na vota\u00e7\u00e3o da urg\u00eancia do PL 191\/2020.<\/p>\n\n\n\n<p>Ao todo, 63% dos ruralistas votaram a favor do requerimento. Outros 24 deputados (10%) n\u00e3o estiveram presentes \u00e0 sess\u00e3o ou n\u00e3o puderam votar por comandarem a mesa diretora.<\/p>\n\n\n\n<p>Confira abaixo como votou cada um dos membros da FPA na C\u00e2mara:<\/p>\n\n\n\n<p><strong>AJ Albuquerque (PP-CE) \u2013 votou Sim<\/strong><br><strong>Adriana Ventura (Novo-SP) \u2013 votou Sim<\/strong><br><strong>Adriano do Baldy (PP-GO) \u2013 votou Sim<\/strong><br>A\u00e9cio Neves (PSDB-MG)&nbsp;<em>\u2013 n\u00e3o compareceu<\/em><br><strong>Afonso Hamm (PP-RS) \u2013 votou Sim<\/strong><br>Afonso Motta (PDT-RS)&nbsp;<em>\u2013 n\u00e3o compareceu<\/em><br><strong>Aguinaldo Ribeiro (PP-PB) \u2013 votou Sim<\/strong><br><strong>Alan Rick (Uni\u00e3o-AC) \u2013 votou Sim<\/strong><br><strong>Alceu Moreira (MDB-RS) \u2013 votou Sim<\/strong><br><strong>Alcides Rodrigues (Patriota-GO) \u2013 votou Sim<\/strong><br>Alexandre Frota (PSDB-SP) \u2013 votou N\u00e3o<br><strong>Alexandre Leite (Uni\u00e3o-SP) \u2013 votou Sim<\/strong><br><strong>Alexis Fonteyne (Novo-SP) \u2013 votou Sim<\/strong><br><strong>Aline Sleutjes (Uni\u00e3o-PR) \u2013 votou Sim<\/strong><br><strong>Altineu C\u00f4rtes (PL-RJ) \u2013 votou Sim<\/strong><br><strong>Andr\u00e9 Abdon (PP-AP) \u2013 votou Sim<\/strong><br><strong>Andr\u00e9 Fufuca (PP-MA) \u2013 votou Sim<\/strong><br><strong>Angela Amin (PP-SC) \u2013 votou Sim<\/strong><br><strong>Antonio Brito (PSD-BA) \u2013 votou Sim<\/strong><br>Arnaldo Jardim (Cidadania-SP) \u2013 votou N\u00e3o<br><strong>Aroldo Martins (Republicanos-PR) \u2013 votou Sim<\/strong><br>Arthur Lira (PP-AL)&nbsp;<em>\u2013 n\u00e3o votou (Art. 17)<\/em><br><strong>Arthur O. Maia (Uni\u00e3o-BA) \u2013 votou Sim<\/strong><br>\u00c1tila Lins (PP-AM)&nbsp;<em>\u2013 n\u00e3o compareceu<\/em><br><strong>\u00c1tila Lira (PP-PI) \u2013 votou Sim<\/strong><br>Aureo Ribeiro (Solidariedade-RJ)<br>Baleia Rossi (MDB-SP) \u2013 votou N\u00e3o<br>Beto Pereira (PSDB-MS)&nbsp;<em>\u2013 n\u00e3o compareceu<\/em><br><strong>Beto Rosado (PP-RN) \u2013 votou Sim<\/strong><br><strong>Bia Cavassa (PSDB-MS) \u2013 votou Sim<\/strong><br><strong>Bia Kicis (Uni\u00e3o-DF) \u2013 votou Sim<\/strong><br><strong>Bilac Pinto (Uni\u00e3o-MG) \u2013 votou Sim<\/strong><br><strong>Bosco Saraiva (Solidariedade-AM) \u2013 votou Sim<\/strong><br><strong>Capit\u00e3o Augusto (PL-SP) \u2013 votou Sim<\/strong><br><strong>Capit\u00e3o Wagner (PROS-CE) \u2013 votou Sim<\/strong><br><strong>Carla Zambelli (Uni\u00e3o-SP) \u2013 votou Sim<\/strong><br><strong>Carlos Gaguim (Republicanos-TO) \u2013 votou Sim<\/strong><br><strong>Carlos Gomes (Republicanos-RS) \u2013 votou Sim<\/strong><br><strong>Caroline de Toni (Uni\u00e3o-SC) \u2013 votou Sim<\/strong><br><strong>Celso Maldaner (MDB-SC) \u2013 votou Sim<\/strong><br>Celso Russomanno (Republicanos-SP)&nbsp;<em>\u2013 n\u00e3o compareceu<\/em><br><strong>Celso Sabino (Uni\u00e3o-PA) \u2013 votou Sim<\/strong><br><strong>Chiquinho Braz\u00e3o (Avante-RJ) \u2013 votou Sim<\/strong><br>Christiane Yared (PL-PR)&nbsp;<em>\u2013 n\u00e3o compareceu<\/em><br><strong>Christino Aureo (PP-RJ) \u2013 votou Sim<\/strong><br><strong>Claudio Cajado (PP-BA) \u2013 votou Sim<\/strong><br><strong>Cleber Verde (Republicanos-MA) \u2013 votou Sim<\/strong><br><strong>Coronel Armando (Uni\u00e3o-SC) \u2013 votou Sim<\/strong><br><strong>CoronelChris\u00f3stom (Uni\u00e3o-RO) \u2013 votou Sim<\/strong><br>Dagoberto Nogueira (PDT-MS)&nbsp;<em>\u2013 n\u00e3o compareceu<\/em><br>Daniel Almeida (PCdoB-BA) \u2013 votou N\u00e3o<br><strong>Daniel Freitas (Uni\u00e3o-SC) \u2013 votou Sim<\/strong><br><strong>Daniel Silveira (Uni\u00e3o-RJ) \u2013 votou Sim<\/strong><br>Darci de Matos (PSD-SC)&nbsp;<em>\u2013 n\u00e3o compareceu<\/em><br><strong>\u00c9der Mauro (PSD-PA) \u2013 votou Sim<\/strong><br><strong>Delegado Waldir (Uni\u00e3o-GO) \u2013 votou Sim<\/strong><br><strong>Diego Andrade (PSD-MG) \u2013 votou Sim<\/strong><br><strong>Diego Garcia (Republicanos-PR) \u2013 votou Sim<\/strong><br><strong>Domingos Neto (PSD-CE) \u2013 votou Sim<\/strong><br><strong>Domingos S\u00e1vio (PSDB-MG) \u2013 votou Sim<\/strong><br>Dr. Frederico (Patriota-MG)&nbsp;<em>\u2013 n\u00e3o compareceu<\/em><br><strong>Dr. Leonardo (Solidariedade-MT) \u2013 votou Sim<\/strong><br><strong>Dr. Luiz Ovando (Uni\u00e3o-MS) \u2013 votou Sim<\/strong><br><strong>Dra. Vanda Milani (Solidariedade-AC) \u2013 votou Sim<\/strong><br><strong>Dra. Soraya Manato (Uni\u00e3o-ES) \u2013 votou Sim<\/strong><br><strong>Edilazio Junior (PSD-MA) \u2013 votou Sim<\/strong><br>Edio Lopes (PL-RR)&nbsp;<em>\u2013 n\u00e3o compareceu<\/em><br>Eduardo Barbosa (PSDB-MG) \u2013 votou N\u00e3o<br>Eduardo Costa (PTB-PA) \u2013 votou N\u00e3o<br><strong>Eduardo Bolsonaro (Uni\u00e3o-SP) \u2013 votou Sim<\/strong><br>Efraim Filho (Uni\u00e3o-PB)&nbsp;<em>\u2013 n\u00e3o compareceu<\/em><br>Elcione Barbalho (MDB-PA) \u2013 votou N\u00e3o<br><strong>Emanuel Pinheiro N (PTB-MT) \u2013 votou Sim<\/strong><br>Emidinho Madeira (PSB-MG)&nbsp;<em>\u2013 n\u00e3o compareceu<\/em><br>Enrico Misasi (PV-SP) \u2013 votou N\u00e3o<br><strong>Evair de Melo (PP-ES) \u2013 votou Sim<\/strong><br>F\u00e1bio Henrique (PDT-SE) \u2013 votou N\u00e3o<br>F\u00e1bio Ramalho (MDB-MG) \u2013 votou N\u00e3o<br><strong>Fabio Reis (MDB-SE) \u2013 votou Sim<\/strong><br>Fabio Schiochet (Uni\u00e3o-SC)&nbsp;<em>\u2013 n\u00e3o compareceu<\/em><br>F\u00e1bio Trad (PSD-MS) \u2013 votou N\u00e3o<br><strong>Fausto Pinato (PP-SP) \u2013 votou Sim<\/strong><br><strong>Fel\u00edcio Later\u00e7a (Uni\u00e3o-RJ) \u2013 votou Sim<\/strong><br>F\u00e9lix Mendon\u00e7a Jr (PDT-BA) \u2013 votou N\u00e3o<br><strong>Fernando Coelho (Uni\u00e3o-PE) \u2013 votou Sim<\/strong><br><strong>Fernando Monteiro (PP-PE) \u2013 votou Sim<\/strong><br>Franco Cartafina (PP-MG) \u2013 votou N\u00e3o<br><strong>Genecias Noronha (Solidariedade-CE) \u2013 votou Sim<\/strong><br><strong>General Gir\u00e3o (Uni\u00e3o-RN) \u2013 votou Sim<\/strong><br><strong>Geninho Zuliani (Uni\u00e3o-SP) \u2013 votou Sim<\/strong><br>Giacobo (PL-PR) \u2013 votou Sim<br><strong>Gil Cutrim (Republicanos-MA) \u2013 votou Sim<\/strong><br>GilbertoNasciment (PSC-SP)&nbsp;<em>\u2013 n\u00e3o compareceu<\/em><br><strong>Giovani Cherini (PL-RS) \u2013 votou Sim<\/strong><br><strong>Glaustin da Fokus (PSC-GO) \u2013 votou Sim<\/strong><br>Gonzaga Patriota (PSB-PE) \u2013 votou N\u00e3o<br><strong>Greyce Elias (Avante-MG) \u2013 votou Sim<\/strong><br><strong>Guilherme Mussi (PP-SP) \u2013 votou Sim<\/strong><br><strong>Gurgel (Uni\u00e3o-RJ) \u2013 votou Sim<\/strong><br>Gustavo Fruet (PDT-PR) \u2013 votou N\u00e3o<br><strong>Gustinho Ribeiro (Solidariedade-SE) \u2013 votou Sim<\/strong><br>Haroldo Cathedral (PSD-RR) \u2013 votou N\u00e3o<br><strong>Heitor Freire (Uni\u00e3o-CE) \u2013 votou Sim<\/strong><br>Heitor Schuch (PSB-RS) \u2013 votou N\u00e3o<br>Helder Salom\u00e3o (PT-ES) \u2013 votou N\u00e3o<br>Herc\u00edlio Diniz (MDB-MG) \u2013 votou N\u00e3o<br>Herculano Passos (MDB-SP) \u2013 votou N\u00e3o<br><strong>Hermes Parcianello (MDB-PR) \u2013 votou Sim<\/strong><br><strong>Hildo Rocha (MDB-MA) \u2013 votou Sim<\/strong><br><strong>Hiran Gon\u00e7alves (PP-RR) \u2013 votou Sim<\/strong><br><strong>Hugo Leal (PSD-RJ) \u2013 votou Sim<\/strong><br>Igor Timo (Podemos-MG)&nbsp;<em>\u2013 n\u00e3o compareceu<\/em><br>Isnaldo Bulh\u00f5es Jr (MDB-AL)&nbsp;<em>\u2013 n\u00e3o compareceu<\/em><br>Israel Batista (PV-DF) \u2013 votou N\u00e3o<br>Jaqueline Cassol (PP-RO) \u2013 votou N\u00e3o<br><strong>Jefferson Campos (PSB-SP) \u2013 votou Sim<\/strong><br>Jer\u00f4nimo Goergen (PP-RS)&nbsp;<em>\u2013 n\u00e3o compareceu<\/em><br>J\u00e9ssica Sales (MDB-AC) \u2013 votou N\u00e3o<br>Jesus S\u00e9rgio (PDT-AC) \u2013 votou N\u00e3o<br><strong>Jhonatan de Jesus (Republicanos-RR) \u2013 votou Sim<\/strong><br><strong>Jo\u00e3o C. Bacelar (PL-BA) \u2013 votou Sim<\/strong><br><strong>Jo\u00e3o Campos (Republicanos-GO) \u2013 votou Sim<\/strong><br>Jo\u00e3o Maia (PL-RN)&nbsp;<em>\u2013 n\u00e3o compareceu<\/em><br><strong>Joaquim Passarinho (PSD-PA) \u2013 votou Sim<\/strong><br>Joice Hasselmann (Uni\u00e3o-SP) \u2013 votou N\u00e3o<br><strong>Jose Mario Schrein (Uni\u00e3o-GO) \u2013 votou Sim<\/strong><br><strong>Jos\u00e9 Medeiros (Podemos-MT) \u2013 votou Sim<\/strong><br><strong>Jos\u00e9 Rocha (PL-BA) \u2013 votou Sim<\/strong><br><strong>Juarez Costa (MDB-MT) \u2013 votou Sim<\/strong><br>J\u00falio Cesar (PSD-PI)&nbsp;<em>\u2013 n\u00e3o compareceu<\/em><br><strong>J\u00fanior Ferrari (PSD-PA) \u2013 votou Sim<\/strong><br>Junior Louren\u00e7o (PL-MA)&nbsp;<em>\u2013 n\u00e3o compareceu<\/em><br><strong>J\u00fanior Mano (PL-CE) \u2013 votou Sim<\/strong><br><strong>Juscelino Filho (Uni\u00e3o-MA) \u2013 votou Sim<\/strong><br><strong>Kim Kataguiri (Uni\u00e3o-SP) \u2013 votou Sim<\/strong><br><strong>Laercio Oliveira (PP-SE) \u2013 votou Sim<\/strong><br><strong>Lafayette Andrada (Republicanos-MG) \u2013 votou Sim<\/strong><br>Leonardo Monteiro (PT-MG) \u2013 votou N\u00e3o<br><strong>Leur Lomanto Jr. (Uni\u00e3o-BA) \u2013 votou Sim<\/strong><br><strong>Lincoln Portela (PL-MG) \u2013 votou Sim<\/strong><br><strong>Loester Trutis (Uni\u00e3o-MS) \u2013 votou Sim<\/strong><br><strong>Lourival Gomes (Uni\u00e3o-RJ) \u2013 votou Sim<\/strong><br><strong>Lucas Gonzalez (Novo-MG) \u2013 votou Sim<\/strong><br><strong>Lucas Redecker (PSDB-RS) \u2013 votou Sim<\/strong><br>Luciano Ducci (PSB-PR)&nbsp;<em>\u2013 n\u00e3o compareceu<\/em><br><strong>Lucio Mosquini (MDB-RO) \u2013 votou Sim<\/strong><br><strong>Luis Miranda (Republicanos-DF) \u2013 votou Sim<\/strong><br><strong>Luiz Nishimori (PL-PR) \u2013 votou Sim<\/strong><br><strong>Luiz P. O. Bragan\u00e7a (Uni\u00e3o-SP) \u2013 votou Sim<\/strong><br><strong>Magda Mofatto (PL-GO) \u2013 votou Sim<\/strong><br><strong>Mara Rocha (PSDB-AC) \u2013 votou Sim<\/strong><br><strong>Marcel van Hattem (Novo-RS) \u2013 votou Sim<\/strong><br><strong>Marcelo Aro (PP-MG) \u2013 votou Sim<\/strong><br><strong>Marcelo Moraes (PTB-RS) \u2013 votou Sim<\/strong><br>Marcelo Ramos (PSD-AM) \u2013 n\u00e3o votou (Art. 17)<br><strong>M\u00e1rcio Biolchi (MDB-RS) \u2013 votou Sim<\/strong><br><strong>M\u00e1rcio Marinho (Republicanos-BA) \u2013 votou Sim<\/strong><br><strong>Marcos A. Sampaio (MDB-PI) \u2013 votou Sim<\/strong><br><strong>Margarete Coelho (PP-PI) \u2013 votou Sim<\/strong><br><strong>Mariana Carvalho (PSDB-RO) \u2013 votou Sim<\/strong><br>M\u00e1rio Heringer (PDT-MG) \u2013 votou N\u00e3o<br><strong>M\u00e1rio Negromonte Jr (PP-BA) \u2013 votou Sim<\/strong><br>Marreca Filho (Patriota-MA) \u2013 votou N\u00e3o<br>Marx Beltr\u00e3o (PSD-AL) \u2013 votou N\u00e3o<br><strong>Misael Varella (PSD-MG) \u2013 votou Sim<\/strong><br>Moses Rodrigues (MDB-CE)&nbsp;<em>\u2013 n\u00e3o compareceu<\/em><br><strong>Nelson Barbudo (Uni\u00e3o-MT) \u2013 votou Sim<\/strong><br>Nereu Crispim (Uni\u00e3o-RS) \u2013 votou N\u00e3o<br><strong>Neri Geller (PP-MT) \u2013 votou Sim<\/strong><br>Newton Cardoso Jr (MDB-MG) \u2013 votou N\u00e3o<br><strong>Nilson Pinto (PSDB-PA) \u2013 votou Sim<\/strong><br>Nilto Tatto (PT-SP) \u2013 votou N\u00e3o<br><strong>Nivaldo Albuquerque (PTB-AL) \u2013 votou Sim<\/strong><br>Odair Cunha (PT-MG) \u2013 votou N\u00e3o<br><strong>Osires Damaso (PSC-TO) \u2013 votou Sim<\/strong><br><strong>Osmar Terra (MDB-RS) \u2013 votou Sim<\/strong><br>Ottaci Nascimento (Solidariedade-RR) \u2013 votou N\u00e3o<br>Otto Alencar (PSD-BA) \u2013 votou N\u00e3o<br><strong>Pastor Eurico (Patriota-PE) \u2013 votou Sim<\/strong><br><strong>Paula Belmonte (Cidadania-DF) \u2013 votou Sim<\/strong><br><strong>Paulinho da For\u00e7a (Solidariedade-SP) \u2013 votou Sim<\/strong><br><strong>Paulo Abi-Ackel (PSDB-MG) \u2013 votou Sim<\/strong><br><strong>Paulo Azi (Uni\u00e3o-BA) \u2013 votou Sim<\/strong><br><strong>Paulo Bengtson (PTB-PA) \u2013 votou Sim<\/strong><br><strong>Paulo Freire Costa (PL-SP) \u2013 votou Sim<\/strong><br><strong>Paulo Martins (PSC-PR) \u2013 votou Sim<\/strong><br><strong>Pedro Lupion (Uni\u00e3o-PR) \u2013 votou Sim<\/strong><br>Pedro Uczai (PT-SC) \u2013 votou N\u00e3o<br><strong>Pedro Westphalen (PP-RS) \u2013 votou Sim<\/strong><br>Perp\u00e9tua Almeida (PCdoB-AC) \u2013 votou N\u00e3o<br><strong>Pinheirinho (PP-MG) \u2013 votou Sim<\/strong><br>Pompeo de Mattos (PDT-RS) \u2013 votou N\u00e3o<br>Prof\u00aa Dorinha (Uni\u00e3o-TO) \u2013 votou N\u00e3o<br>Rafael Motta (PSB-RN) \u2013 votou N\u00e3o<br>Reginaldo Lopes (PT-MG) \u2013 votou N\u00e3o<br><strong>Ricardo Barros (PP-PR) \u2013 votou Sim<\/strong><br><strong>Roberto de Lucena (Podemos-SP) \u2013 votou Sim<\/strong><br><strong>Rodrigo Coelho (Podemos-SC) \u2013 votou Sim<\/strong><br><strong>Rog\u00e9rio Peninha (MDB-SC) \u2013 votou Sim<\/strong><br><strong>Roman (Patriota-PR) \u2013 votou Sim<\/strong><br><strong>Ronaldo Carletto (PP-BA) \u2013 votou Sim<\/strong><br>Rose Modesto (PSDB-MS)<em>&nbsp;\u2013 n\u00e3o compareceu<\/em><br>Rubens Bueno (Cidadania-PR) \u2013 votou N\u00e3o<br>Rubens Otoni (PT-GO) \u2013 votou N\u00e3o<br>Ruy Carneiro (PSDB-PB) \u2013 votou N\u00e3o<br><strong>Sanderson (Uni\u00e3o-RS) \u2013 votou Sim<\/strong><br><strong>Sergio Souza (MDB-PR) \u2013 votou Sim<\/strong><br><strong>Sh\u00e9ridan (PSDB-RR) \u2013 votou Sim<\/strong><br><strong>Sidney Leite (PSD-AM) \u2013 votou Sim<\/strong><br><strong>Silas C\u00e2mara (Republicanos-AM) \u2013 votou Sim<\/strong><br><strong>S\u00f3stenes Cavalcante (Uni\u00e3o-RJ) \u2013 votou Sim<\/strong><br>Subtenente Gonzaga (PDT-MG) \u2013 votou N\u00e3o<br><strong>Tiago Dimas (Solidariedade-TO) \u2013 votou Sim<\/strong><br><strong>Tito (Avante-BA) \u2013 votou Sim<\/strong><br>Uldurico Junior (PROS-BA) \u2013 votou N\u00e3o<br><strong>Vermelho (PSD-PR) \u2013 votou Sim<\/strong><br><strong>Vicentinho J\u00fanior (PL-TO) \u2013 votou Sim<\/strong><br>Vilson da Fetaemg (PSB-MG) \u2013 votou N\u00e3o<br><strong>Vinicius Carvalho (Republicanos-SP) \u2013 votou Sim<\/strong><br><strong>Vinicius Poit (Novo-SP) \u2013 votou Sim<\/strong><br><strong>Vitor Hugo (Uni\u00e3o-GO) \u2013 votou Sim<\/strong><br>Vitor Lippi (PSDB-SP) \u2013 votou N\u00e3o<br><strong>Walter Alves (MDB-RN) \u2013 votou Sim<\/strong><br>Weliton Prado (PROS-MG) \u2013 votou N\u00e3o<br><strong>Wellington (PL-PB) \u2013 votou Sim<\/strong><br><strong>Z\u00e9 Silva (Solidariedade-MG) \u2013 votou Sim<\/strong><br><strong>Z\u00e9 Vitor (PL-MG) \u2013 votou Sim<\/strong><br>Zeca Dirceu (PT-PR) \u2013 votou N\u00e3o<\/p>\n","protected":false},"excerpt":{"rendered":"<p>Frente Parlamentar da Agropecu\u00e1ria deu 152 dos 279 votos favor\u00e1veis \u00e0 tramita\u00e7\u00e3o em urg\u00eancia do PL 191\/2020, considerado inconstitucional pelo MPF; l\u00edderes partid\u00e1rios que assinaram requerimento tamb\u00e9m comp\u00f5em a bancada do agroneg\u00f3cio<\/p>\n","protected":false},"author":1,"featured_media":0,"comment_status":"closed","ping_status":"open","sticky":false,"template":"","format":"standard","meta":{"_exactmetrics_skip_tracking":false,"_exactmetrics_sitenote_active":false,"_exactmetrics_sitenote_note":"","_exactmetrics_sitenote_category":0,"jetpack_post_was_ever_published":false,"_jetpack_newsletter_access":"","_jetpack_dont_email_post_to_subs":false,"_jetpack_newsletter_tier_id":0,"_jetpack_memberships_contains_paywalled_content":false,"_jetpack_memberships_contains_paid_content":false,"footnotes":"","jetpack_publicize_message":"","jetpack_publicize_feature_enabled":true,"jetpack_social_post_already_shared":true,"jetpack_social_options":{"image_generator_settings":{"template":"highway","enabled":false},"version":2}},"categories":[1],"tags":[],"class_list":["post-33422","post","type-post","status-publish","format-standard","hentry","category-notas"],"jetpack_publicize_connections":[],"jetpack_sharing_enabled":true,"jetpack_featured_media_url":"","jetpack_shortlink":"https:\/\/wp.me\/p7wKYW-8H4","jetpack-related-posts":[],"_links":{"self":[{"href":"http:\/\/blogdalucianaoliveira.com.br\/blog\/wp-json\/wp\/v2\/posts\/33422","targetHints":{"allow":["GET"]}}],"collection":[{"href":"http:\/\/blogdalucianaoliveira.com.br\/blog\/wp-json\/wp\/v2\/posts"}],"about":[{"href":"http:\/\/blogdalucianaoliveira.com.br\/blog\/wp-json\/wp\/v2\/types\/post"}],"author":[{"embeddable":true,"href":"http:\/\/blogdalucianaoliveira.com.br\/blog\/wp-json\/wp\/v2\/users\/1"}],"replies":[{"embeddable":true,"href":"http:\/\/blogdalucianaoliveira.com.br\/blog\/wp-json\/wp\/v2\/comments?post=33422"}],"version-history":[{"count":1,"href":"http:\/\/blogdalucianaoliveira.com.br\/blog\/wp-json\/wp\/v2\/posts\/33422\/revisions"}],"predecessor-version":[{"id":33424,"href":"http:\/\/blogdalucianaoliveira.com.br\/blog\/wp-json\/wp\/v2\/posts\/33422\/revisions\/33424"}],"wp:attachment":[{"href":"http:\/\/blogdalucianaoliveira.com.br\/blog\/wp-json\/wp\/v2\/media?parent=33422"}],"wp:term":[{"taxonomy":"category","embeddable":true,"href":"http:\/\/blogdalucianaoliveira.com.br\/blog\/wp-json\/wp\/v2\/categories?post=33422"},{"taxonomy":"post_tag","embeddable":true,"href":"http:\/\/blogdalucianaoliveira.com.br\/blog\/wp-json\/wp\/v2\/tags?post=33422"}],"curies":[{"name":"wp","href":"https:\/\/api.w.org\/{rel}","templated":true}]}}