{"id":33429,"date":"2022-03-13T08:30:28","date_gmt":"2022-03-13T12:30:28","guid":{"rendered":"http:\/\/blogdalucianaoliveira.com.br\/blog\/?p=33429"},"modified":"2022-03-13T08:30:31","modified_gmt":"2022-03-13T12:30:31","slug":"imparcialidade-da-serie-o-caso-celso-daniel-da-globo-nao-para-de-pe","status":"publish","type":"post","link":"http:\/\/blogdalucianaoliveira.com.br\/blog\/2022\/03\/13\/imparcialidade-da-serie-o-caso-celso-daniel-da-globo-nao-para-de-pe\/","title":{"rendered":"Imparcialidade da s\u00e9rie \u2018O caso Celso Daniel\u2019 da Globo n\u00e3o para de p\u00e9"},"content":{"rendered":"\n<figure class=\"wp-block-image size-large\"><img loading=\"lazy\" decoding=\"async\" width=\"1941\" height=\"1265\" data-attachment-id=\"33432\" data-permalink=\"http:\/\/blogdalucianaoliveira.com.br\/blog\/2022\/03\/13\/imparcialidade-da-serie-o-caso-celso-daniel-da-globo-nao-para-de-pe\/18c21187-1a53-4d11-b481-2f2088279449\/\" data-orig-file=\"https:\/\/i0.wp.com\/blogdalucianaoliveira.com.br\/blog\/wp-content\/uploads\/2022\/03\/18C21187-1A53-4D11-B481-2F2088279449.jpeg?fit=1941%2C1265\" data-orig-size=\"1941,1265\" data-comments-opened=\"0\" data-image-meta=\"{&quot;aperture&quot;:&quot;0&quot;,&quot;credit&quot;:&quot;&quot;,&quot;camera&quot;:&quot;&quot;,&quot;caption&quot;:&quot;&quot;,&quot;created_timestamp&quot;:&quot;0&quot;,&quot;copyright&quot;:&quot;&quot;,&quot;focal_length&quot;:&quot;0&quot;,&quot;iso&quot;:&quot;0&quot;,&quot;shutter_speed&quot;:&quot;0&quot;,&quot;title&quot;:&quot;&quot;,&quot;orientation&quot;:&quot;0&quot;}\" data-image-title=\"18C21187-1A53-4D11-B481-2F2088279449\" data-image-description=\"\" data-image-caption=\"\" data-medium-file=\"https:\/\/i0.wp.com\/blogdalucianaoliveira.com.br\/blog\/wp-content\/uploads\/2022\/03\/18C21187-1A53-4D11-B481-2F2088279449.jpeg?fit=300%2C196\" data-large-file=\"https:\/\/i0.wp.com\/blogdalucianaoliveira.com.br\/blog\/wp-content\/uploads\/2022\/03\/18C21187-1A53-4D11-B481-2F2088279449.jpeg?fit=600%2C391\" src=\"https:\/\/i0.wp.com\/blogdalucianaoliveira.com.br\/blog\/wp-content\/uploads\/2022\/03\/18C21187-1A53-4D11-B481-2F2088279449.jpeg?fit=600%2C391\" alt=\"\" class=\"wp-image-33432\" srcset=\"https:\/\/i0.wp.com\/blogdalucianaoliveira.com.br\/blog\/wp-content\/uploads\/2022\/03\/18C21187-1A53-4D11-B481-2F2088279449.jpeg?w=1941 1941w, https:\/\/i0.wp.com\/blogdalucianaoliveira.com.br\/blog\/wp-content\/uploads\/2022\/03\/18C21187-1A53-4D11-B481-2F2088279449.jpeg?resize=300%2C196 300w, https:\/\/i0.wp.com\/blogdalucianaoliveira.com.br\/blog\/wp-content\/uploads\/2022\/03\/18C21187-1A53-4D11-B481-2F2088279449.jpeg?resize=1024%2C667 1024w, https:\/\/i0.wp.com\/blogdalucianaoliveira.com.br\/blog\/wp-content\/uploads\/2022\/03\/18C21187-1A53-4D11-B481-2F2088279449.jpeg?resize=768%2C501 768w, https:\/\/i0.wp.com\/blogdalucianaoliveira.com.br\/blog\/wp-content\/uploads\/2022\/03\/18C21187-1A53-4D11-B481-2F2088279449.jpeg?resize=1536%2C1001 1536w, https:\/\/i0.wp.com\/blogdalucianaoliveira.com.br\/blog\/wp-content\/uploads\/2022\/03\/18C21187-1A53-4D11-B481-2F2088279449.jpeg?resize=460%2C300 460w, https:\/\/i0.wp.com\/blogdalucianaoliveira.com.br\/blog\/wp-content\/uploads\/2022\/03\/18C21187-1A53-4D11-B481-2F2088279449.jpeg?w=1200 1200w, https:\/\/i0.wp.com\/blogdalucianaoliveira.com.br\/blog\/wp-content\/uploads\/2022\/03\/18C21187-1A53-4D11-B481-2F2088279449.jpeg?w=1800 1800w\" sizes=\"auto, (max-width: 600px) 100vw, 600px\" \/><\/figure>\n\n\n\n<p><strong>THE INTERCEPT- <\/strong>S\u00e9rie documental apresenta vers\u00f5es conspirat\u00f3rias com a mesma credibilidade de investiga\u00e7\u00f5es s\u00e9rias que provaram que assassinato n\u00e3o teve motiva\u00e7\u00e3o pol\u00edtica.<\/p>\n\n\n\n<!--more-->\n\n\n\n<p><a href=\"https:\/\/theintercept.com\/equipe\/joao-filho-brasil\/\">Jo\u00e3o Filho<\/a><\/p>\n\n\n\n<p>EM 2002,&nbsp;o ex-prefeito Celso Daniel, de Santo Andr\u00e9, S\u00e3o Paulo, foi sequestrado e assassinado. Naquele mesmo ano, os irm\u00e3os do petista levantaram a hip\u00f3tese de que o crime teria motiva\u00e7\u00f5es pol\u00edticas. Segundo a tese, a morte teria sido queima de arquivo, j\u00e1 que Celso Daniel teria conhecimento de um esquema de propinas envolvendo o PT e empresas de \u00f4nibus da cidade.<\/p>\n\n\n\n<p>Mas todos os ind\u00edcios e provas apontaram para um crime comum. A quadrilha que matou o prefeito foi presa pela Pol\u00edcia Civil. Os integrantes j\u00e1 estavam na mira dos policiais como suspeitos de serem os respons\u00e1veis por uma onda de sequestros na regi\u00e3o. Segundo a pol\u00edcia, todos os casos seguiam o mesmo padr\u00e3o: escolhiam-se v\u00edtimas em carros de luxo para fazer o chamado sequestro-rel\u00e2mpago. Na maioria desses crimes, a v\u00edtima entregava o dinheiro e era liberada. Em outros, elas foram mortas como Celso Daniel. Com a confiss\u00e3o da quadrilha, a pol\u00edcia ent\u00e3o fechou o caso e concluiu ter sido um crime comum.<\/p>\n\n\n\n<p>Os irm\u00e3os do prefeito n\u00e3o se conformaram com a conclus\u00e3o do caso. Atendendo a um pedido deles, o Minist\u00e9rio P\u00fablico reabriu a investiga\u00e7\u00e3o ainda em 2002. Mesmo sem um m\u00edsero ind\u00edcio ou prova de crime pol\u00edtico, a linha de investiga\u00e7\u00e3o dos irm\u00e3os foi supervalorizada pelo MP e pela imprensa, deixando a opini\u00e3o p\u00fablica com muitas d\u00favidas.<\/p>\n\n\n\n<p>Ela se baseava apenas no depoimento de um irm\u00e3o de Celso Daniel, que disse ter ouvido do petista Gilberto Carvalho uma confiss\u00e3o de que entregava propinas para Jos\u00e9 Dirceu. \u00c0 \u00e9poca, o tucano Nelson Jobim, ent\u00e3o ministro da Justi\u00e7a de FHC, rejeitou levar o processo adiante por absoluta falta de provas. Afirmou o ministro no despacho: \u201cA prova com a qual o Minist\u00e9rio P\u00fablico Federal quer desencadear um inqu\u00e9rito policial contra o senhor deputado Jos\u00e9 Dirceu n\u00e3o tem fundamento legal\u201d.<\/p>\n\n\n\n<p>De l\u00e1 para c\u00e1, o caso teve muitas idas e vindas na Justi\u00e7a, mas tudo seguia apontando na dire\u00e7\u00e3o do crime comum. S\u00f3 os irm\u00e3os do prefeito e o MP, alimentados pela imprensa, insistiam na tese de crime pol\u00edtico. As suspeitas da motiva\u00e7\u00e3o pol\u00edtica foram exploradas pelos advers\u00e1rios pol\u00edticos do PT em absolutamente todas as elei\u00e7\u00f5es nestes \u00faltimos 20 anos. Virou uma poderosa arma eleitoral.<\/p>\n\n\n\n<p>A explora\u00e7\u00e3o da coisa foi longe. O caso foi parar na CPI dos Bingos sem ter nenhuma rela\u00e7\u00e3o com os bingos e chegou at\u00e9 a ser investigado pela Lava Jato. Tudo isso faz com que at\u00e9 hoje o bolsonarismo mobilize suas guerrilhas virtuais para perguntar \u201cQuem matou Celso Daniel?\u201d.<\/p>\n\n\n\n<p>Na \u00faltima elei\u00e7\u00e3o presidencial, o candidato Alvaro Dias \u2014 aquele que foi poupado pela Lava Jato e hoje \u00e9 aliado de Sergio Moro \u2014 pediu em um debate na Globo para Haddad entregar um bilhete para Lula. O conte\u00fado do bilhete foi revelado depois em suas redes sociais: \u201cQuem mandou matar Celso Daniel? Voc\u00ea sabe!\u201d<\/p>\n\n\n\n<figure class=\"wp-block-image size-large\"><img data-recalc-dims=\"1\" loading=\"lazy\" decoding=\"async\" width=\"570\" height=\"750\" data-attachment-id=\"33430\" data-permalink=\"http:\/\/blogdalucianaoliveira.com.br\/blog\/2022\/03\/13\/imparcialidade-da-serie-o-caso-celso-daniel-da-globo-nao-para-de-pe\/1b8efc17-4326-44d3-9756-4423c5c07437\/\" data-orig-file=\"https:\/\/i0.wp.com\/blogdalucianaoliveira.com.br\/blog\/wp-content\/uploads\/2022\/03\/1B8EFC17-4326-44D3-9756-4423C5C07437.jpeg?fit=570%2C750\" data-orig-size=\"570,750\" data-comments-opened=\"0\" data-image-meta=\"{&quot;aperture&quot;:&quot;0&quot;,&quot;credit&quot;:&quot;&quot;,&quot;camera&quot;:&quot;&quot;,&quot;caption&quot;:&quot;&quot;,&quot;created_timestamp&quot;:&quot;0&quot;,&quot;copyright&quot;:&quot;&quot;,&quot;focal_length&quot;:&quot;0&quot;,&quot;iso&quot;:&quot;0&quot;,&quot;shutter_speed&quot;:&quot;0&quot;,&quot;title&quot;:&quot;&quot;,&quot;orientation&quot;:&quot;0&quot;}\" data-image-title=\"1B8EFC17-4326-44D3-9756-4423C5C07437\" data-image-description=\"\" data-image-caption=\"\" data-medium-file=\"https:\/\/i0.wp.com\/blogdalucianaoliveira.com.br\/blog\/wp-content\/uploads\/2022\/03\/1B8EFC17-4326-44D3-9756-4423C5C07437.jpeg?fit=228%2C300\" data-large-file=\"https:\/\/i0.wp.com\/blogdalucianaoliveira.com.br\/blog\/wp-content\/uploads\/2022\/03\/1B8EFC17-4326-44D3-9756-4423C5C07437.jpeg?fit=570%2C750\" src=\"https:\/\/i0.wp.com\/blogdalucianaoliveira.com.br\/blog\/wp-content\/uploads\/2022\/03\/1B8EFC17-4326-44D3-9756-4423C5C07437.jpeg?resize=570%2C750\" alt=\"\" class=\"wp-image-33430\" srcset=\"https:\/\/i0.wp.com\/blogdalucianaoliveira.com.br\/blog\/wp-content\/uploads\/2022\/03\/1B8EFC17-4326-44D3-9756-4423C5C07437.jpeg?w=570 570w, https:\/\/i0.wp.com\/blogdalucianaoliveira.com.br\/blog\/wp-content\/uploads\/2022\/03\/1B8EFC17-4326-44D3-9756-4423C5C07437.jpeg?resize=228%2C300 228w\" sizes=\"auto, (max-width: 570px) 100vw, 570px\" \/><\/figure>\n\n\n\n<figure class=\"wp-block-image size-large\"><img data-recalc-dims=\"1\" loading=\"lazy\" decoding=\"async\" width=\"570\" height=\"750\" data-attachment-id=\"33431\" data-permalink=\"http:\/\/blogdalucianaoliveira.com.br\/blog\/2022\/03\/13\/imparcialidade-da-serie-o-caso-celso-daniel-da-globo-nao-para-de-pe\/48df875d-966f-4512-9c2e-121451dccbc1\/\" data-orig-file=\"https:\/\/i0.wp.com\/blogdalucianaoliveira.com.br\/blog\/wp-content\/uploads\/2022\/03\/48DF875D-966F-4512-9C2E-121451DCCBC1.jpeg?fit=570%2C750\" data-orig-size=\"570,750\" data-comments-opened=\"0\" data-image-meta=\"{&quot;aperture&quot;:&quot;0&quot;,&quot;credit&quot;:&quot;&quot;,&quot;camera&quot;:&quot;&quot;,&quot;caption&quot;:&quot;&quot;,&quot;created_timestamp&quot;:&quot;0&quot;,&quot;copyright&quot;:&quot;&quot;,&quot;focal_length&quot;:&quot;0&quot;,&quot;iso&quot;:&quot;0&quot;,&quot;shutter_speed&quot;:&quot;0&quot;,&quot;title&quot;:&quot;&quot;,&quot;orientation&quot;:&quot;0&quot;}\" data-image-title=\"48DF875D-966F-4512-9C2E-121451DCCBC1\" data-image-description=\"\" data-image-caption=\"\" data-medium-file=\"https:\/\/i0.wp.com\/blogdalucianaoliveira.com.br\/blog\/wp-content\/uploads\/2022\/03\/48DF875D-966F-4512-9C2E-121451DCCBC1.jpeg?fit=228%2C300\" data-large-file=\"https:\/\/i0.wp.com\/blogdalucianaoliveira.com.br\/blog\/wp-content\/uploads\/2022\/03\/48DF875D-966F-4512-9C2E-121451DCCBC1.jpeg?fit=570%2C750\" src=\"https:\/\/i0.wp.com\/blogdalucianaoliveira.com.br\/blog\/wp-content\/uploads\/2022\/03\/48DF875D-966F-4512-9C2E-121451DCCBC1.jpeg?resize=570%2C750\" alt=\"\" class=\"wp-image-33431\" srcset=\"https:\/\/i0.wp.com\/blogdalucianaoliveira.com.br\/blog\/wp-content\/uploads\/2022\/03\/48DF875D-966F-4512-9C2E-121451DCCBC1.jpeg?w=570 570w, https:\/\/i0.wp.com\/blogdalucianaoliveira.com.br\/blog\/wp-content\/uploads\/2022\/03\/48DF875D-966F-4512-9C2E-121451DCCBC1.jpeg?resize=228%2C300 228w\" sizes=\"auto, (max-width: 570px) 100vw, 570px\" \/><\/figure>\n\n\n\n<p>AGORA,&nbsp;20 anos depois, o Grupo Globo decidiu lan\u00e7ar uma s\u00e9rie documental \u201cO Caso Celso Daniel\u201d, com&nbsp; oito epis\u00f3dios, sobre o assassinato do petista. Apesar de colocar novamente o assunto em evid\u00eancia em um ano de elei\u00e7\u00e3o, o document\u00e1rio tem a pretens\u00e3o de ser imparcial&nbsp;ao apresentar igualmente as vers\u00f5es de crime pol\u00edtico e crime comum. Mas a imparcialidade ficou s\u00f3 na pretens\u00e3o mesmo.<\/p>\n\n\n\n<p>Apesar de n\u00e3o defender nenhuma tese,&nbsp;a s\u00e9rie&nbsp;coloca a vers\u00e3o dos irm\u00e3os de Celso Daniel, sem nenhuma prova, baseada apenas em ila\u00e7\u00f5es colhidas aqui e acol\u00e1, em p\u00e9 de igualdade com o que concluiu as profundas investiga\u00e7\u00f5es da pol\u00edcia \u2013 estas, sim, baseadas em provas e testemunhas. Ao longo dos epis\u00f3dios, a chama da d\u00favida da participa\u00e7\u00e3o do PT no crime permanece acesa.<\/p>\n\n\n\n<p>\u00c9 bastante prov\u00e1vel que um espectador menos atento termine o document\u00e1rio achando que o PT \u00e9 o mandante do crime, mesmo que os fatos que provam o contr\u00e1rio tenham sido escancarados ao longo dos epis\u00f3dios. A tentativa de se mostrar imparcial, dando a mesma credibilidade para todas as vers\u00f5es, tornou uma delas, a conspirat\u00f3ria, uma vers\u00e3o leg\u00edtima.<\/p>\n\n\n\n<div class=\"wp-block-image\"><figure class=\"aligncenter\"><img data-recalc-dims=\"1\" decoding=\"async\" src=\"https:\/\/i0.wp.com\/theintercept.imgix.net\/wp-uploads\/sites\/1\/2022\/03\/OCCD-Celso-Daniel2.jpg?w=600&#038;ssl=1\" alt=\"OCCD-Celso-Daniel2\" class=\"wp-image-389997\"\/><\/figure><\/div>\n\n\n\n<p>Celso Daniel discursando em com\u00edcio. Pol\u00edtico era uma das estrelas do PT no in\u00edcio da d\u00e9cada.<\/p>\n\n\n\n<p>Foto: Concess\u00e3o\/Globo Play<\/p>\n\n\n\n<p>Apesar de afirmar que o document\u00e1rio \u00e9 isento, Joana Henning, produtora respons\u00e1vel, j\u00e1 tentou emplacar um document\u00e1rio cr\u00edtico a Lula. Segundo uma reportagem do UOL, Henning tentou arrecadar R$ 2 5 milh\u00f5es de crowdfunding para fazer o document\u00e1rio, mas n\u00e3o chegou perto disso e o projeto foi engavetado. O roteirista que havia sido escalado para esse projeto foi Guilherme Fi\u00faza, um jornalista que defende Bolsonaro com unhas e dentes e hoje faz prega\u00e7\u00e3o antivacina no notici\u00e1rio. J\u00e1 o narrador do document\u00e1rio seria Marcelo Madureira, um humorista famoso pelo antipetismo ferrenho.<\/p>\n\n\n\n<p>Em 2016, o tucano S\u00e9rgio S\u00e1 Leit\u00e3o, que foi ministro da Cultura de Temer e hoje \u00e9 secret\u00e1rio de Cultura do governo Doria, se tornou s\u00f3cio de Henning no est\u00fadio que comandaria o projeto e ajudou Fi\u00faza a escrever o roteiro. A produtora se cercou de antipetistas para fazer um document\u00e1rio para bater em Lula. Ap\u00f3s ver esse projeto ir por \u00e1gua abaixo por falta de dinheiro, Henning agora consegue lan\u00e7ar o document\u00e1rio sobre o Celso Daniel junto com a Globo. H\u00e1 que ser muito ing\u00eanuo para acreditar que esse not\u00f3rio vi\u00e9s antipetista da produtora \u2014 e do grupo Globo \u2014 n\u00e3o tenha contaminado o document\u00e1rio de Celso Daniel.\u2018A tentativa de se mostrar imparcial, dando a mesma credibilidade para todas as vers\u00f5es, tornou uma delas, a conspirat\u00f3ria, uma vers\u00e3o leg\u00edtima.\u2019<\/p>\n\n\n\n<p>Antes do lan\u00e7amento do document\u00e1rio, tr\u00eas jornalistas da Globo, ouvidos pelo UOL sob anonimato, garantiram&nbsp;n\u00e3o ser poss\u00edvel \u201cressuscitar o tema sob o ponto de vista do interesse jornal\u00edstico\u201d, j\u00e1 que o crime foi esclarecido pela pol\u00edcia e pelo Judici\u00e1rio. Para eles, a s\u00e9rie \u201cir\u00e1 apenas resgatar teorias conspirat\u00f3rias\u201d. Um desses jornalistas disse que \u201ca sensa\u00e7\u00e3o \u00e9 que a emissora quer encontrar um jeito de barrar o candidato do PT nas elei\u00e7\u00f5es, Lula\u201d.<\/p>\n\n\n\n<p>Apesar disso, o document\u00e1rio n\u00e3o \u00e9 para se jogar fora por inteiro. Os depoimentos de Marcelo Godoy, jornalista do Estad\u00e3o que acompanhou de perto o caso \u00e0 \u00e9poca, n\u00e3o deixam d\u00favidas de que tudo o que foi investigado acabou apontando para crime comum. \u201cEu nunca vi um caso ter sido investigado como esse caso foi. O inqu\u00e9rito foi aberto mais de uma vez. O inqu\u00e9rito foi refeito por mais de um delegado\u201d.<\/p>\n\n\n\n<p>Em 2005, quando o MP reabriu o inqu\u00e9rito mais uma vez a pedido da fam\u00edlia de Celso Daniel, os promotores indicaram uma nova delegada para cuidar do caso, Elisabete Sato. O jornalista a entrevistou no dia em que foi nomeada para retomar a investiga\u00e7\u00e3o: \u201cEla disse pra mim \u2018\u00c9 um crime pol\u00edtico\u2019. Ela tinha convic\u00e7\u00e3o de que era um crime pol\u00edtico.\u201d A delegada, ent\u00e3o, fez uma nova apura\u00e7\u00e3o durante um ano inteiro. Al\u00e9m de ouvir dezenas de testemunhas, Sato ouviu tamb\u00e9m os sete sequestradores, que negaram a exist\u00eancia de um mandante ou de motiva\u00e7\u00e3o pol\u00edtica.<\/p>\n\n\n\n<div class=\"wp-block-image\"><figure class=\"aligncenter\"><img data-recalc-dims=\"1\" decoding=\"async\" src=\"https:\/\/i0.wp.com\/theintercept.imgix.net\/wp-uploads\/sites\/1\/2022\/03\/OCCD-bastidor2.jpg?w=600&#038;ssl=1\" alt=\"OCCD-bastidor2\" class=\"wp-image-389999\"\/><\/figure><\/div>\n\n\n\n<p>Grava\u00e7\u00f5es da s\u00e9rie que conta com 8 epis\u00f3dios.<\/p>\n\n\n\n<p>Foto: Concess\u00e3o\/Globo Play<\/p>\n\n\n\n<p>Ao fim do inqu\u00e9rito, mesmo tendo come\u00e7ado a investiga\u00e7\u00e3o com a convic\u00e7\u00e3o de que foi crime pol\u00edtico, a delegada chegou \u00e0 mesma conclus\u00e3o da primeira investiga\u00e7\u00e3o feita em 2002: crime comum. No despacho, a delegada afirmou que \u201ca voracidade do Gaeco de Santo Andr\u00e9 [\u00f3rg\u00e3o ligado ao Minist\u00e9rio P\u00fablico] sucumbiu diante da falta de provas\u201d.<\/p>\n\n\n\n<p>Mas nem assim o assunto saiu do notici\u00e1rio. Os irm\u00e3os de Celso Daniel passaram a cogitar a hip\u00f3tese da delegada ter sofrido amea\u00e7as, mesmo n\u00e3o havendo o m\u00edsero ind\u00edcio disso. Mesmo com o DHPP, o DEIC e a Pol\u00edcia Federal apontando para um crime comum, a d\u00favida sobre o envolvimento do PT no caso segue viva no imagin\u00e1rio do povo brasileiro. Claro, a tese inicial do MP foi comprada com unhas e dentes pela imprensa. N\u00e3o poderia ser diferente depois de duas d\u00e9cadas de notici\u00e1rio martelando essa d\u00favida na cabe\u00e7a da popula\u00e7\u00e3o.<\/p>\n\n\n\n<p>Ao fim do document\u00e1rio, a senadora tucana Mara Gabrilli afirma achar que o mandante do crime \u201cfoi o trio: Lula, Jos\u00e9 Dirceu e Gilberto Carvalho\u201d. FHC, advers\u00e1rio pol\u00edtico de Lula e presidente \u00e0 \u00e9poca do crime, aparece afirmando n\u00e3o haver nada que indique alguma motiva\u00e7\u00e3o pol\u00edtica. E assim a obra deixa para o espectador livre para acreditar em alguma das teses, mesmo que uma delas seja absolutamente fantasiosa.<\/p>\n\n\n\n<p>O crime comum foi fartamente comprovado, apesar das interroga\u00e7\u00f5es que a s\u00e9rie joga a todo tempo: 1) o MP tentou a todo custo for\u00e7ar a tese de crime pol\u00edtico, mesmo sem ind\u00edcios; 2) o amigo e seguran\u00e7a de Celso Daniel, S\u00e9rgio Gomes da Silva, conhecido como Sombra, acusado de participar do crime, foi inocentado ap\u00f3s ser tratado como assassino pelo notici\u00e1rio e pelo MP; 3) a grande imprensa, embriagada de antipetismo, alimentou a conspira\u00e7\u00e3o e atuou como porta-voz da tese do MP.<\/p>\n\n\n\n<p>O document\u00e1rio atinge um p\u00fablico que j\u00e1 vem com o olhar viciado pela cobertura desastrosa da imprensa nos \u00faltimos 20 anos. Neste contexto, apresentar todas as vers\u00f5es com a mesma credibilidade n\u00e3o torna o document\u00e1rio imparcial. Pelo contr\u00e1rio, ajuda a manter no ar as teorias fantasiosas em ano eleitoral.<\/p>\n","protected":false},"excerpt":{"rendered":"<p>THE INTERCEPT- S\u00e9rie documental apresenta vers\u00f5es conspirat\u00f3rias com a mesma credibilidade de investiga\u00e7\u00f5es s\u00e9rias que provaram que assassinato n\u00e3o teve motiva\u00e7\u00e3o pol\u00edtica.<\/p>\n","protected":false},"author":1,"featured_media":0,"comment_status":"closed","ping_status":"open","sticky":false,"template":"","format":"standard","meta":{"_exactmetrics_skip_tracking":false,"_exactmetrics_sitenote_active":false,"_exactmetrics_sitenote_note":"","_exactmetrics_sitenote_category":0,"jetpack_post_was_ever_published":false,"_jetpack_newsletter_access":"","_jetpack_dont_email_post_to_subs":false,"_jetpack_newsletter_tier_id":0,"_jetpack_memberships_contains_paywalled_content":false,"_jetpack_memberships_contains_paid_content":false,"footnotes":"","jetpack_publicize_message":"","jetpack_publicize_feature_enabled":true,"jetpack_social_post_already_shared":true,"jetpack_social_options":{"image_generator_settings":{"template":"highway","enabled":false},"version":2}},"categories":[1],"tags":[],"class_list":["post-33429","post","type-post","status-publish","format-standard","hentry","category-notas"],"jetpack_publicize_connections":[],"jetpack_sharing_enabled":true,"jetpack_featured_media_url":"","jetpack_shortlink":"https:\/\/wp.me\/p7wKYW-8Hb","jetpack-related-posts":[],"_links":{"self":[{"href":"http:\/\/blogdalucianaoliveira.com.br\/blog\/wp-json\/wp\/v2\/posts\/33429","targetHints":{"allow":["GET"]}}],"collection":[{"href":"http:\/\/blogdalucianaoliveira.com.br\/blog\/wp-json\/wp\/v2\/posts"}],"about":[{"href":"http:\/\/blogdalucianaoliveira.com.br\/blog\/wp-json\/wp\/v2\/types\/post"}],"author":[{"embeddable":true,"href":"http:\/\/blogdalucianaoliveira.com.br\/blog\/wp-json\/wp\/v2\/users\/1"}],"replies":[{"embeddable":true,"href":"http:\/\/blogdalucianaoliveira.com.br\/blog\/wp-json\/wp\/v2\/comments?post=33429"}],"version-history":[{"count":1,"href":"http:\/\/blogdalucianaoliveira.com.br\/blog\/wp-json\/wp\/v2\/posts\/33429\/revisions"}],"predecessor-version":[{"id":33433,"href":"http:\/\/blogdalucianaoliveira.com.br\/blog\/wp-json\/wp\/v2\/posts\/33429\/revisions\/33433"}],"wp:attachment":[{"href":"http:\/\/blogdalucianaoliveira.com.br\/blog\/wp-json\/wp\/v2\/media?parent=33429"}],"wp:term":[{"taxonomy":"category","embeddable":true,"href":"http:\/\/blogdalucianaoliveira.com.br\/blog\/wp-json\/wp\/v2\/categories?post=33429"},{"taxonomy":"post_tag","embeddable":true,"href":"http:\/\/blogdalucianaoliveira.com.br\/blog\/wp-json\/wp\/v2\/tags?post=33429"}],"curies":[{"name":"wp","href":"https:\/\/api.w.org\/{rel}","templated":true}]}}