{"id":33448,"date":"2022-03-15T21:26:50","date_gmt":"2022-03-16T01:26:50","guid":{"rendered":"http:\/\/blogdalucianaoliveira.com.br\/blog\/?p=33448"},"modified":"2022-03-15T21:26:55","modified_gmt":"2022-03-16T01:26:55","slug":"projeto-terra-cura-vai-doar-mudas-pelo-dever-de-reflorestar","status":"publish","type":"post","link":"http:\/\/blogdalucianaoliveira.com.br\/blog\/2022\/03\/15\/projeto-terra-cura-vai-doar-mudas-pelo-dever-de-reflorestar\/","title":{"rendered":"Projeto Terra Cura vai doar  mudas pelo dever de reflorestar"},"content":{"rendered":"\n<figure class=\"wp-block-image size-large\"><img loading=\"lazy\" decoding=\"async\" width=\"720\" height=\"1280\" data-attachment-id=\"33449\" data-permalink=\"http:\/\/blogdalucianaoliveira.com.br\/blog\/2022\/03\/15\/projeto-terra-cura-vai-doar-mudas-pelo-dever-de-reflorestar\/501ab86e-239e-4f81-ae64-94a065f15124\/\" data-orig-file=\"https:\/\/i0.wp.com\/blogdalucianaoliveira.com.br\/blog\/wp-content\/uploads\/2022\/03\/501AB86E-239E-4F81-AE64-94A065F15124.jpeg?fit=720%2C1280\" data-orig-size=\"720,1280\" data-comments-opened=\"0\" data-image-meta=\"{&quot;aperture&quot;:&quot;0&quot;,&quot;credit&quot;:&quot;&quot;,&quot;camera&quot;:&quot;&quot;,&quot;caption&quot;:&quot;&quot;,&quot;created_timestamp&quot;:&quot;0&quot;,&quot;copyright&quot;:&quot;&quot;,&quot;focal_length&quot;:&quot;0&quot;,&quot;iso&quot;:&quot;0&quot;,&quot;shutter_speed&quot;:&quot;0&quot;,&quot;title&quot;:&quot;&quot;,&quot;orientation&quot;:&quot;0&quot;}\" data-image-title=\"501AB86E-239E-4F81-AE64-94A065F15124\" data-image-description=\"\" data-image-caption=\"\" data-medium-file=\"https:\/\/i0.wp.com\/blogdalucianaoliveira.com.br\/blog\/wp-content\/uploads\/2022\/03\/501AB86E-239E-4F81-AE64-94A065F15124.jpeg?fit=169%2C300\" data-large-file=\"https:\/\/i0.wp.com\/blogdalucianaoliveira.com.br\/blog\/wp-content\/uploads\/2022\/03\/501AB86E-239E-4F81-AE64-94A065F15124.jpeg?fit=576%2C1024\" src=\"https:\/\/i1.wp.com\/blogdalucianaoliveira.com.br\/blog\/wp-content\/uploads\/2022\/03\/501AB86E-239E-4F81-AE64-94A065F15124.jpeg?fit=576%2C1024\" alt=\"\" class=\"wp-image-33449\" srcset=\"https:\/\/i0.wp.com\/blogdalucianaoliveira.com.br\/blog\/wp-content\/uploads\/2022\/03\/501AB86E-239E-4F81-AE64-94A065F15124.jpeg?w=720 720w, https:\/\/i0.wp.com\/blogdalucianaoliveira.com.br\/blog\/wp-content\/uploads\/2022\/03\/501AB86E-239E-4F81-AE64-94A065F15124.jpeg?resize=169%2C300 169w, https:\/\/i0.wp.com\/blogdalucianaoliveira.com.br\/blog\/wp-content\/uploads\/2022\/03\/501AB86E-239E-4F81-AE64-94A065F15124.jpeg?resize=576%2C1024 576w\" sizes=\"auto, (max-width: 600px) 100vw, 600px\" \/><\/figure>\n\n\n\n<p><\/p>\n\n\n\n<p>No pr\u00f3ximo s\u00e1bado (19\/mar\u00e7o) a partir das 9h o coletivo Terra Cura estar\u00e1 na Pra\u00e7a Get\u00falio Vargas (em frente ao Mercado Cultural de Porto Velho) fazendo um mutir\u00e3o de doa\u00e7\u00e3o de mudas de \u00e1rvores nativas, frut\u00edferas e plantas ornamentais. <\/p>\n\n\n\n<!--more-->\n\n\n\n<p>Esta \u00e9 uma pr\u00e1tica comum do Projeto Terra Cura, como contribui\u00e7\u00e3o e compromisso assumido, \u00e2nimo e incentivo ao exerc\u00edcio do reflorestamento, recupera\u00e7\u00e3o de \u00e1reas degradadas e em defesa do meio ambiente.<\/p>\n\n\n\n<p>As mudas que estaremos doando foram cultivadas no viveiro que construimos no interior da Cidade Cenogr\u00e1fica Jerusal\u00e9m da Amaz\u00f4nia com amor e dedica\u00e7\u00e3o para servir ao reflorestamento, jardinagem, paisagismo e agrofloresta, que tanto beneficia, al\u00e9m doutros espa\u00e7os na comunidade, o pr\u00f3prio teatro a c\u00e9u aberto da Jerusal\u00e9m da Amaz\u00f4nia, donde o nosso projeto, est\u00e1 em vias de ser descartado e desalojado, por um descabido ultimato da atual diretoria do Grupo \u00caxodo, que n\u00e3o reconhece a atividade e o Terra Cura como um importante e ben\u00e9fico parceiro para aquele local e para toda coletividade. <\/p>\n\n\n\n<p>Por todo Amor dedicado as nossas  mudas, sentimo-nos felizes em do\u00e1-las  para m\u00e3os que plantam e cuidam da M\u00e3e Terra.<\/p>\n\n\n\n<p>Em cada mudinha, vai um pedacinho do nossos cora\u00e7\u00f5es ofertados em gratid\u00e3o e com o pedido que plantem estes exemplares como singelo, por\u00e9m grande e valioso ato de cuidado e preserva\u00e7\u00e3o da vida e da natureza.<\/p>\n\n\n\n<p>Convidamos tod@s para este chamado da floresta e compartilhar essa manh\u00e3 de doa\u00e7\u00f5es como apoio e resist\u00eancia pela perman\u00eancia do Projeto Terra Cura, naquele local. <\/p>\n\n\n\n<p><em>Mudas para quem planta!<\/em><br>\n<em>Mudas de hoje, floresta do amanh\u00e3.<\/em><\/p>\n\n\n\n<p><\/p>\n","protected":false},"excerpt":{"rendered":"<p>No pr\u00f3ximo s\u00e1bado (19\/mar\u00e7o) a partir das 9h o coletivo Terra Cura estar\u00e1 na Pra\u00e7a Get\u00falio Vargas (em frente ao Mercado Cultural de Porto Velho) fazendo um mutir\u00e3o de doa\u00e7\u00e3o de mudas de \u00e1rvores nativas, frut\u00edferas e plantas ornamentais.<\/p>\n","protected":false},"author":1,"featured_media":0,"comment_status":"closed","ping_status":"open","sticky":false,"template":"","format":"standard","meta":{"_exactmetrics_skip_tracking":false,"_exactmetrics_sitenote_active":false,"_exactmetrics_sitenote_note":"","_exactmetrics_sitenote_category":0,"jetpack_post_was_ever_published":false,"_jetpack_newsletter_access":"","_jetpack_dont_email_post_to_subs":false,"_jetpack_newsletter_tier_id":0,"_jetpack_memberships_contains_paywalled_content":false,"_jetpack_memberships_contains_paid_content":false,"footnotes":"","jetpack_publicize_message":"","jetpack_publicize_feature_enabled":true,"jetpack_social_post_already_shared":true,"jetpack_social_options":{"image_generator_settings":{"template":"highway","enabled":false},"version":2}},"categories":[1],"tags":[],"class_list":["post-33448","post","type-post","status-publish","format-standard","hentry","category-notas"],"jetpack_publicize_connections":[],"jetpack_sharing_enabled":true,"jetpack_featured_media_url":"","jetpack_shortlink":"https:\/\/wp.me\/p7wKYW-8Hu","jetpack-related-posts":[],"_links":{"self":[{"href":"http:\/\/blogdalucianaoliveira.com.br\/blog\/wp-json\/wp\/v2\/posts\/33448","targetHints":{"allow":["GET"]}}],"collection":[{"href":"http:\/\/blogdalucianaoliveira.com.br\/blog\/wp-json\/wp\/v2\/posts"}],"about":[{"href":"http:\/\/blogdalucianaoliveira.com.br\/blog\/wp-json\/wp\/v2\/types\/post"}],"author":[{"embeddable":true,"href":"http:\/\/blogdalucianaoliveira.com.br\/blog\/wp-json\/wp\/v2\/users\/1"}],"replies":[{"embeddable":true,"href":"http:\/\/blogdalucianaoliveira.com.br\/blog\/wp-json\/wp\/v2\/comments?post=33448"}],"version-history":[{"count":1,"href":"http:\/\/blogdalucianaoliveira.com.br\/blog\/wp-json\/wp\/v2\/posts\/33448\/revisions"}],"predecessor-version":[{"id":33450,"href":"http:\/\/blogdalucianaoliveira.com.br\/blog\/wp-json\/wp\/v2\/posts\/33448\/revisions\/33450"}],"wp:attachment":[{"href":"http:\/\/blogdalucianaoliveira.com.br\/blog\/wp-json\/wp\/v2\/media?parent=33448"}],"wp:term":[{"taxonomy":"category","embeddable":true,"href":"http:\/\/blogdalucianaoliveira.com.br\/blog\/wp-json\/wp\/v2\/categories?post=33448"},{"taxonomy":"post_tag","embeddable":true,"href":"http:\/\/blogdalucianaoliveira.com.br\/blog\/wp-json\/wp\/v2\/tags?post=33448"}],"curies":[{"name":"wp","href":"https:\/\/api.w.org\/{rel}","templated":true}]}}