{"id":33451,"date":"2022-03-16T16:38:41","date_gmt":"2022-03-16T20:38:41","guid":{"rendered":"http:\/\/blogdalucianaoliveira.com.br\/blog\/?p=33451"},"modified":"2022-03-16T16:38:47","modified_gmt":"2022-03-16T20:38:47","slug":"ato-contra-os-despejo-de-camponeses-e-camponesas-em-rondonia","status":"publish","type":"post","link":"http:\/\/blogdalucianaoliveira.com.br\/blog\/2022\/03\/16\/ato-contra-os-despejo-de-camponeses-e-camponesas-em-rondonia\/","title":{"rendered":"ATO CONTRA OS DESPEJO DE CAMPONESES E CAMPONESAS EM ROND\u00d4NIA"},"content":{"rendered":"\n<figure class=\"wp-block-image size-large\"><img data-recalc-dims=\"1\" loading=\"lazy\" decoding=\"async\" width=\"354\" height=\"354\" data-attachment-id=\"33452\" data-permalink=\"http:\/\/blogdalucianaoliveira.com.br\/blog\/2022\/03\/16\/ato-contra-os-despejo-de-camponeses-e-camponesas-em-rondonia\/8ef36af7-69e0-4497-8ac4-53712240f0ac\/\" data-orig-file=\"https:\/\/i0.wp.com\/blogdalucianaoliveira.com.br\/blog\/wp-content\/uploads\/2022\/03\/8EF36AF7-69E0-4497-8AC4-53712240F0AC.jpeg?fit=354%2C354\" data-orig-size=\"354,354\" data-comments-opened=\"0\" data-image-meta=\"{&quot;aperture&quot;:&quot;0&quot;,&quot;credit&quot;:&quot;&quot;,&quot;camera&quot;:&quot;&quot;,&quot;caption&quot;:&quot;&quot;,&quot;created_timestamp&quot;:&quot;0&quot;,&quot;copyright&quot;:&quot;&quot;,&quot;focal_length&quot;:&quot;0&quot;,&quot;iso&quot;:&quot;0&quot;,&quot;shutter_speed&quot;:&quot;0&quot;,&quot;title&quot;:&quot;&quot;,&quot;orientation&quot;:&quot;0&quot;}\" data-image-title=\"8EF36AF7-69E0-4497-8AC4-53712240F0AC\" data-image-description=\"\" data-image-caption=\"\" data-medium-file=\"https:\/\/i0.wp.com\/blogdalucianaoliveira.com.br\/blog\/wp-content\/uploads\/2022\/03\/8EF36AF7-69E0-4497-8AC4-53712240F0AC.jpeg?fit=300%2C300\" data-large-file=\"https:\/\/i0.wp.com\/blogdalucianaoliveira.com.br\/blog\/wp-content\/uploads\/2022\/03\/8EF36AF7-69E0-4497-8AC4-53712240F0AC.jpeg?fit=354%2C354\" src=\"https:\/\/i0.wp.com\/blogdalucianaoliveira.com.br\/blog\/wp-content\/uploads\/2022\/03\/8EF36AF7-69E0-4497-8AC4-53712240F0AC.jpeg?resize=354%2C354\" alt=\"\" class=\"wp-image-33452\" srcset=\"https:\/\/i0.wp.com\/blogdalucianaoliveira.com.br\/blog\/wp-content\/uploads\/2022\/03\/8EF36AF7-69E0-4497-8AC4-53712240F0AC.jpeg?w=354 354w, https:\/\/i0.wp.com\/blogdalucianaoliveira.com.br\/blog\/wp-content\/uploads\/2022\/03\/8EF36AF7-69E0-4497-8AC4-53712240F0AC.jpeg?resize=300%2C300 300w, https:\/\/i0.wp.com\/blogdalucianaoliveira.com.br\/blog\/wp-content\/uploads\/2022\/03\/8EF36AF7-69E0-4497-8AC4-53712240F0AC.jpeg?resize=150%2C150 150w\" sizes=\"auto, (max-width: 354px) 100vw, 354px\" \/><\/figure>\n\n\n\n<p>Na manh\u00e3 do dia 17 de mar\u00e7o de 2022 a partir das 09h 30min acontecer\u00e1 o ato em prol das milhares fam\u00edlias amea\u00e7as de despejo no estado de Rond\u00f4nia. O ato ocorrer\u00e1 em frente ao Tribunal de Justi\u00e7a do Estado de Rond\u00f4nia com a presen\u00e7a de institui\u00e7\u00f5es da sociedade civil do campo e da cidade, organiza\u00e7\u00f5es sociais, movimentos populares, entidades religiosas, de ensino, organiza\u00e7\u00f5es sindicais e representantes das \u00e1reas amea\u00e7adas de despejos com o fim da ADPF 828.<\/p>\n\n\n\n<!--more-->\n\n\n\n<p>A a\u00e7\u00e3o tem como objetivo dar visibilidade a essa quest\u00e3o de extrema import\u00e2ncia relacionadas aos conflitos fundi\u00e1rios no campo e na cidade em nosso Estado. Ressalta-se que Rond\u00f4nia ocupa o segundo lugar no ranking de conflitos agr\u00e1rios com elevada taxa de \u00e1reas que sofrem com a inseguran\u00e7a jur\u00eddica da terra e da moradia por conta da morosidade dos \u00f3rg\u00e3os respons\u00e1veis em garantir o direito \u00e0 Terra, Territ\u00f3rio e moradia a milhares de fam\u00edlias em Rond\u00f4nia, assim como em todo o Brasil.<\/p>\n\n\n\n<p>O ato faz parte da Mobiliza\u00e7\u00e3o Nacional promovida pela Campanha Despejo Zero visando sensibilizar o STF para que seja prorrogada ADPF 828, do Ministro Roberto Barroso, que suspendeu a execu\u00e7\u00e3o de reintegra\u00e7\u00f5es urbanas e rurais durante o per\u00edodo de pandemia, tendo \u201cevitado\u201d que muitas fam\u00edlias sejam despejadas em todo o pa\u00eds. Em fun\u00e7\u00e3o disso, ser\u00e1 protocolado junto ao TJ-RO solicita\u00e7\u00e3o urgente de recomenda\u00e7\u00e3o em rela\u00e7\u00e3o \u00e0s a\u00e7\u00f5es de reintegra\u00e7\u00f5es de posse e conflitos fundi\u00e1rios urbanos e rurais no \u00e2mbito do estado de Rond\u00f4nia e requerido uma reuni\u00e3o com a gest\u00e3o superior do \u00f3rg\u00e3o para tratar sobre o assunto junto as organiza\u00e7\u00f5es da sociedade civil.<\/p>\n\n\n\n<p><em>Fonte: N\u00facleo Despejo Zero de Rond\u00f4nia e CPT-RO<\/em><\/p>\n","protected":false},"excerpt":{"rendered":"<p>Na manh\u00e3 do dia 17 de mar\u00e7o de 2022 a partir das 09h 30min acontecer\u00e1 o ato em prol das milhares fam\u00edlias amea\u00e7as de despejo no estado de Rond\u00f4nia. O ato ocorrer\u00e1 em frente ao Tribunal de Justi\u00e7a do Estado de Rond\u00f4nia com a presen\u00e7a de institui\u00e7\u00f5es da sociedade civil do campo e da cidade,&#8230;<a class=\"more-link\" href=\"http:\/\/blogdalucianaoliveira.com.br\/blog\/2022\/03\/16\/ato-contra-os-despejo-de-camponeses-e-camponesas-em-rondonia\/\">Continue a leitura <span class=\"meta-nav\">&raquo;<\/span><\/a><\/p>\n","protected":false},"author":1,"featured_media":0,"comment_status":"closed","ping_status":"open","sticky":false,"template":"","format":"standard","meta":{"_exactmetrics_skip_tracking":false,"_exactmetrics_sitenote_active":false,"_exactmetrics_sitenote_note":"","_exactmetrics_sitenote_category":0,"jetpack_post_was_ever_published":false,"_jetpack_newsletter_access":"","_jetpack_dont_email_post_to_subs":false,"_jetpack_newsletter_tier_id":0,"_jetpack_memberships_contains_paywalled_content":false,"_jetpack_memberships_contains_paid_content":false,"footnotes":"","jetpack_publicize_message":"","jetpack_publicize_feature_enabled":true,"jetpack_social_post_already_shared":true,"jetpack_social_options":{"image_generator_settings":{"template":"highway","enabled":false},"version":2}},"categories":[1],"tags":[],"class_list":["post-33451","post","type-post","status-publish","format-standard","hentry","category-notas"],"jetpack_publicize_connections":[],"jetpack_sharing_enabled":true,"jetpack_featured_media_url":"","jetpack_shortlink":"https:\/\/wp.me\/p7wKYW-8Hx","jetpack-related-posts":[],"_links":{"self":[{"href":"http:\/\/blogdalucianaoliveira.com.br\/blog\/wp-json\/wp\/v2\/posts\/33451","targetHints":{"allow":["GET"]}}],"collection":[{"href":"http:\/\/blogdalucianaoliveira.com.br\/blog\/wp-json\/wp\/v2\/posts"}],"about":[{"href":"http:\/\/blogdalucianaoliveira.com.br\/blog\/wp-json\/wp\/v2\/types\/post"}],"author":[{"embeddable":true,"href":"http:\/\/blogdalucianaoliveira.com.br\/blog\/wp-json\/wp\/v2\/users\/1"}],"replies":[{"embeddable":true,"href":"http:\/\/blogdalucianaoliveira.com.br\/blog\/wp-json\/wp\/v2\/comments?post=33451"}],"version-history":[{"count":1,"href":"http:\/\/blogdalucianaoliveira.com.br\/blog\/wp-json\/wp\/v2\/posts\/33451\/revisions"}],"predecessor-version":[{"id":33453,"href":"http:\/\/blogdalucianaoliveira.com.br\/blog\/wp-json\/wp\/v2\/posts\/33451\/revisions\/33453"}],"wp:attachment":[{"href":"http:\/\/blogdalucianaoliveira.com.br\/blog\/wp-json\/wp\/v2\/media?parent=33451"}],"wp:term":[{"taxonomy":"category","embeddable":true,"href":"http:\/\/blogdalucianaoliveira.com.br\/blog\/wp-json\/wp\/v2\/categories?post=33451"},{"taxonomy":"post_tag","embeddable":true,"href":"http:\/\/blogdalucianaoliveira.com.br\/blog\/wp-json\/wp\/v2\/tags?post=33451"}],"curies":[{"name":"wp","href":"https:\/\/api.w.org\/{rel}","templated":true}]}}