{"id":33454,"date":"2022-03-16T17:59:42","date_gmt":"2022-03-16T21:59:42","guid":{"rendered":"http:\/\/blogdalucianaoliveira.com.br\/blog\/?p=33454"},"modified":"2022-03-16T17:59:45","modified_gmt":"2022-03-16T21:59:45","slug":"para-51-economia-e-principal-problema-do-brasil-diz-pesquisa-e-63-rejeitam-bolsonaro","status":"publish","type":"post","link":"http:\/\/blogdalucianaoliveira.com.br\/blog\/2022\/03\/16\/para-51-economia-e-principal-problema-do-brasil-diz-pesquisa-e-63-rejeitam-bolsonaro\/","title":{"rendered":"Para 51%, economia \u00e9 principal problema do Brasil, diz pesquisa. E 63% rejeitam Bolsonaro"},"content":{"rendered":"\n<figure class=\"wp-block-image\"><img data-recalc-dims=\"1\" decoding=\"async\" src=\"https:\/\/i0.wp.com\/www.redebrasilatual.com.br\/wp-content\/uploads\/2022\/03\/agencia-brasil-paulo-guedes-jair-bolsonaro.jpeg?w=600&#038;ssl=1\" alt=\"agencia-brasil-paulo-guedes-jair-bolsonaro\"\/><\/figure>\n\n\n\n<p>Entre os que apontam a quest\u00e3o econ\u00f4mica como principal desafio, 47% v\u00e3o votar em Lula, contra 21% que preferem Bolsonaro.<\/p>\n\n\n\n<!--more-->\n\n\n\n<p>Por\u00a0<strong>Tiago Pereira, da RBA<\/strong><\/p>\n\n\n\n<p>S\u00e3o Paulo \u2013 Pesquisa&nbsp;<a href=\"https:\/\/lp.genialinvestimentos.com.br\/nas-eleicoes2022\/\" target=\"_blank\" rel=\"noreferrer noopener\">Genial\/Quaest&nbsp;<\/a>divulgada nesta&nbsp;quarta-feira (16) revela que a maioria dos entrevistados (51%) considera a economia o principal problema do Brasil. A preocupa\u00e7\u00e3o dos brasileiros com esse item, que agrega temas como desemprego, infla\u00e7\u00e3o e crescimento econ\u00f4mico, cresceu 16 pontos percentuais em um m\u00eas. E atingiu a maior taxa desde julho do ano passado, quando estava em 28%. De fevereiro para c\u00e1, caiu de 27% para 12% os que apontam a sa\u00fade como o principal problema. Quest\u00f5es sociais (11%) e corrup\u00e7\u00e3o (10%) aparecem logo atr\u00e1s.<\/p>\n\n\n\n<p>O levantamento foi feito nos tr\u00eas dias seguintes \u00e0&nbsp;<a href=\"https:\/\/www.redebrasilatual.com.br\/economia\/2022\/03\/acabar-alta-combustiveis-mudar-precos-petrobras\/\" target=\"_blank\" rel=\"noreferrer noopener\">alta nos pre\u00e7os dos combust\u00edveis<\/a>, anunciada no \u00faltimo dia 10 pelo governo. Desde o ano passado, o que tem influenciado no aumento da&nbsp;<a href=\"https:\/\/www.redebrasilatual.com.br\/economia\/2022\/03\/preco-gasolina-supera-inflacao-158-governo-bolsonaro\/\" target=\"_blank\" rel=\"noreferrer noopener\">infla\u00e7\u00e3o<\/a>&nbsp;como um todo. Por outro lado, o&nbsp;<a href=\"https:\/\/www.redebrasilatual.com.br\/cidadania\/2021\/10\/auxilio-brasil-abandona-criterios-do-bolsa-familia-e-desmonta-rede-de-protecao-social\/\">Aux\u00edlio Brasil<\/a>&nbsp;de R$ 400, pago a partir de janeiro, a cerca de a cerca de 17 milh\u00f5es de fam\u00edlias parece ter sido insuficiente para impulsionar a economia. Apesar disso,<\/p>\n\n\n\n<p>Ao mesmo tempo, ap\u00f3s pico entre o final de janeiro e in\u00edcio de fevereiro, os n\u00fameros de casos e \u00f3bitos pela covid-19 come\u00e7aram a cair, o que justifica a redu\u00e7\u00e3o na preocupa\u00e7\u00e3o com o tema da sa\u00fade.<\/p>\n\n\n\n<p>Nesse sentido, entre os que apontaram na pesquisa a economia como principal problema, 47% dizem que v\u00e3o votar no ex-presidente Luiz In\u00e1cio&nbsp;<a href=\"https:\/\/www.redebrasilatual.com.br\/politica\/2022\/03\/pesquisa-genial-lula-lidera-45-votos\/\" target=\"_blank\" rel=\"noreferrer noopener\">Lula da Silva<\/a>&nbsp;(PT) nas elei\u00e7\u00f5es deste ano. Nesse quesito, Bolsonaro (PL) aparece com 21% da prefer\u00eancia do eleitorado. Ciro Gomes (PDT) e Sergio Moro (Podemos) aparecem empatados na terceiro coloca\u00e7\u00e3o, com 7%.<\/p>\n\n\n\n<h3 class=\"wp-block-heading\">Percep\u00e7\u00f5es<\/h3>\n\n\n\n<figure class=\"wp-block-image\"><img data-recalc-dims=\"1\" decoding=\"async\" src=\"https:\/\/i0.wp.com\/www.redebrasilatual.com.br\/wp-content\/uploads\/2022\/03\/voto.jpg?w=600&#038;ssl=1\" alt=\"pesquisa economia\" class=\"wp-image-552375\"\/><figcaption>Pesquisa aponta preocupa\u00e7\u00e3o com economia em alta, o que mant\u00e9m rejei\u00e7\u00e3o a Bolsonaro (Genial\/Quaest)<\/figcaption><\/figure>\n\n\n\n<p>A situa\u00e7\u00e3o da economia e as lembran\u00e7as de legados da gest\u00e3o tornam a probabilidade de crescimento de Bolsonaro improv\u00e1vel. No momento, 58% dizem lembrar do governo Lula como \u00f3timo\/bom e apenas 18%, ruim\/p\u00e9ssimo. Desse modo, s\u00e3o 56% os que dizem que votam ou podem votar no ex-presidente, enquanto 42% dizem que n\u00e3o. J\u00e1 com rela\u00e7\u00e3o a Bolsonaro, a rejei\u00e7\u00e3o \u00e9 de 63%, enquanto sua probabilidade de voto se limita a 34%.<\/p>\n\n\n\n<p>Para 60%, a economia piorou no \u00faltimo ano. Mas esse \u00edndice vem caindo. Em janeiro, 66% apontavam essa piora. Em novembro do ano passado, 73% diziam que a situa\u00e7\u00e3o econ\u00f4mica do pa\u00eds piorou. Por outro lado, o avan\u00e7o entre os que acham que a economia melhorou \u00e9 mais recente. H\u00e1 um m\u00eas, eram 13%, contra 19% agora. Entre novembro e janeiro, tal grupo somava entre 11% e 12%. Outros 20% disseram que a situa\u00e7\u00e3o econ\u00f4mica ficou do mesmo jeito, contra 23% no m\u00eas passado.<\/p>\n\n\n\n<p>Olhando para frente, 46% dizem que a economia deve melhorar nos pr\u00f3ximos 12 meses. Em fevereiro, os otimistas somavam 44%. Entretanto, aumentou de 28% para 30% aqueles que acham que as condi\u00e7\u00f5es econ\u00f4micas devem piorar. Para outros 20%, tudo deve ficar do mesmo jeito. Eles eram 24% h\u00e1 um m\u00eas.<\/p>\n\n\n\n<h3 class=\"wp-block-heading\">Finan\u00e7as pessoais<\/h3>\n\n\n\n<p>Al\u00e9m disso, desde o in\u00edcio do ano, vem aumentando a dificuldade das pessoas de arcar com seus compromissos financeiros. Para 56%, piorou a capacidade de pagar as pr\u00f3prias contas nos \u00faltimos tr\u00eas meses. Em fevereiro, 53% apontaram essa piora, ante 51% no m\u00eas anterior. Nos dois \u00faltimos levantamentos, no entanto, 18% diziam que sua capacidade de pagar as contas havia melhorado. Agora, s\u00e3o 15%.<\/p>\n\n\n\n<figure class=\"wp-block-image\"><img data-recalc-dims=\"1\" decoding=\"async\" src=\"https:\/\/i0.wp.com\/www.redebrasilatual.com.br\/wp-content\/uploads\/2022\/03\/contas.jpg?w=600&#038;ssl=1\" alt=\"\" class=\"wp-image-552366\"\/><\/figure>\n\n\n\n<p> <\/p>\n","protected":false},"excerpt":{"rendered":"<p>Entre os que apontam a quest\u00e3o econ\u00f4mica como principal desafio, 47% v\u00e3o votar em Lula, contra 21% que preferem Bolsonaro.<\/p>\n","protected":false},"author":1,"featured_media":0,"comment_status":"closed","ping_status":"open","sticky":false,"template":"","format":"standard","meta":{"_exactmetrics_skip_tracking":false,"_exactmetrics_sitenote_active":false,"_exactmetrics_sitenote_note":"","_exactmetrics_sitenote_category":0,"jetpack_post_was_ever_published":false,"_jetpack_newsletter_access":"","_jetpack_dont_email_post_to_subs":false,"_jetpack_newsletter_tier_id":0,"_jetpack_memberships_contains_paywalled_content":false,"_jetpack_memberships_contains_paid_content":false,"footnotes":"","jetpack_publicize_message":"","jetpack_publicize_feature_enabled":true,"jetpack_social_post_already_shared":true,"jetpack_social_options":{"image_generator_settings":{"template":"highway","enabled":false},"version":2}},"categories":[1],"tags":[],"class_list":["post-33454","post","type-post","status-publish","format-standard","hentry","category-notas"],"jetpack_publicize_connections":[],"jetpack_sharing_enabled":true,"jetpack_featured_media_url":"","jetpack_shortlink":"https:\/\/wp.me\/p7wKYW-8HA","jetpack-related-posts":[],"_links":{"self":[{"href":"http:\/\/blogdalucianaoliveira.com.br\/blog\/wp-json\/wp\/v2\/posts\/33454","targetHints":{"allow":["GET"]}}],"collection":[{"href":"http:\/\/blogdalucianaoliveira.com.br\/blog\/wp-json\/wp\/v2\/posts"}],"about":[{"href":"http:\/\/blogdalucianaoliveira.com.br\/blog\/wp-json\/wp\/v2\/types\/post"}],"author":[{"embeddable":true,"href":"http:\/\/blogdalucianaoliveira.com.br\/blog\/wp-json\/wp\/v2\/users\/1"}],"replies":[{"embeddable":true,"href":"http:\/\/blogdalucianaoliveira.com.br\/blog\/wp-json\/wp\/v2\/comments?post=33454"}],"version-history":[{"count":1,"href":"http:\/\/blogdalucianaoliveira.com.br\/blog\/wp-json\/wp\/v2\/posts\/33454\/revisions"}],"predecessor-version":[{"id":33455,"href":"http:\/\/blogdalucianaoliveira.com.br\/blog\/wp-json\/wp\/v2\/posts\/33454\/revisions\/33455"}],"wp:attachment":[{"href":"http:\/\/blogdalucianaoliveira.com.br\/blog\/wp-json\/wp\/v2\/media?parent=33454"}],"wp:term":[{"taxonomy":"category","embeddable":true,"href":"http:\/\/blogdalucianaoliveira.com.br\/blog\/wp-json\/wp\/v2\/categories?post=33454"},{"taxonomy":"post_tag","embeddable":true,"href":"http:\/\/blogdalucianaoliveira.com.br\/blog\/wp-json\/wp\/v2\/tags?post=33454"}],"curies":[{"name":"wp","href":"https:\/\/api.w.org\/{rel}","templated":true}]}}