{"id":33456,"date":"2022-03-16T18:03:53","date_gmt":"2022-03-16T22:03:53","guid":{"rendered":"http:\/\/blogdalucianaoliveira.com.br\/blog\/?p=33456"},"modified":"2022-03-16T18:03:59","modified_gmt":"2022-03-16T22:03:59","slug":"pesquisa-80-defendem-uso-de-mascaras-e-18-acham-que-deve-ser-abolido","status":"publish","type":"post","link":"http:\/\/blogdalucianaoliveira.com.br\/blog\/2022\/03\/16\/pesquisa-80-defendem-uso-de-mascaras-e-18-acham-que-deve-ser-abolido\/","title":{"rendered":"Pesquisa: 80% defendem uso de m\u00e1scaras e 18% acham que deve ser abolido"},"content":{"rendered":"\n<figure class=\"wp-block-image\"><img data-recalc-dims=\"1\" decoding=\"async\" src=\"https:\/\/i0.wp.com\/www.redebrasilatual.com.br\/wp-content\/uploads\/2022\/03\/mascara-absb.jpeg?w=600&#038;ssl=1\" alt=\"mascara-absb\"\/><\/figure>\n\n\n\n<p>Maioria dos eleitores de Lula defende a utiliza\u00e7\u00e3o de m\u00e1scaras em todos os lugares, enquanto 31% dos apoiadores de Bolsonaro querem o fim do equipamento.<\/p>\n\n\n\n<!--more-->\n\n\n\n<p>Por\u00a0<strong>Tiago Pereira, da RBA<\/strong><br><\/p>\n\n\n\n<p>S\u00e3o Paulo \u2013 Pesquisa Genial\/Quaest divulgada nesta&nbsp;quarta-feira (16), que traz o ex-presidente Luiz In\u00e1cio Lula da Silva como&nbsp;<a href=\"https:\/\/www.redebrasilatual.com.br\/politica\/2022\/03\/pesquisa-genial-lula-lidera-45-votos\/\" target=\"_blank\" rel=\"noreferrer noopener\">favorito na elei\u00e7\u00e3o presidencial<\/a>, tamb\u00e9m mostra a percep\u00e7\u00e3o dos brasileiros em rela\u00e7\u00e3o \u00e0 pandemia. Como resultado, 39% dos entrevistados defendem o uso de m\u00e1scaras em todos os locais, enquanto 41% defendem somente em locais fechados. Outros 18% disseram que deveriam ser autorizadas a deixar de usar m\u00e1scaras qualquer situa\u00e7\u00e3o.<\/p>\n\n\n\n<p>Entre os eleitores de Lula, a maioria (51%) defende o uso de m\u00e1scaras em todos os lugares e outros 37%, apenas\u00a0<a rel=\"noreferrer noopener\" href=\"https:\/\/www.redebrasilatual.com.br\/saude-e-ciencia\/2022\/03\/uso-mascara-locais-abertos-sao-paulo\/\" target=\"_blank\">em locais fechados<\/a>. Os que querem o fim do uso do equipamento somam 11%. At\u00e9 mesmo entre eleitores de Bolsonaro a maioria, 45%, considera necess\u00e1rio usar m\u00e1scaras ao menos em locais fechados, enquanto outros 22% defendem o uso em todos os locais. Mas 31% dos bolsonaristas querem o fim das m\u00e1scaras em todos os locais.<\/p>\n\n\n\n<p>Entre os que dizem que n\u00e3o votar\u00e3o nem em Lula, nem em Bolsonaro, 47% defendem as m\u00e1scaras em locais fechados. 34% em todos os locais e 18% acham que seu uso deve ser abolido.<\/p>\n\n\n\n<p>No geral, 44% ainda est\u00e3o \u201cmuito preocupados\u201d com a pandemia, enquanto 43% se dizem \u201cpouco preocupados\u201d. Outros 13% n\u00e3o est\u00e3o \u201cnada preocupados\u201d. H\u00e1 um m\u00eas, os \u201cmuito preocupados\u201d somavam 67%, contra 27% \u201cpouco preocupados\u201d e 7% \u201cnada preocupados\u201d.<\/p>\n\n\n\n<figure class=\"wp-block-image\"><img data-recalc-dims=\"1\" height=\"306\" width=\"600\" decoding=\"async\" src=\"https:\/\/i0.wp.com\/www.redebrasilatual.com.br\/wp-content\/uploads\/2022\/03\/pesq-masc-1024x522.jpg?resize=600%2C306&#038;ssl=1\" alt=\"uso de m\u00e1scaras\"\/><\/figure>\n\n\n\n<figure class=\"wp-block-image\"><img data-recalc-dims=\"1\" height=\"337\" width=\"600\" decoding=\"async\" src=\"https:\/\/i0.wp.com\/www.redebrasilatual.com.br\/wp-content\/uploads\/2022\/03\/pesquisa-1-1024x575.jpg?resize=600%2C337&#038;ssl=1\" alt=\"\"\/><\/figure>\n\n\n\n<p><\/p>\n\n\n\n<h3 class=\"wp-block-heading\">Bolsonaro antivacina<\/h3>\n\n\n\n<p>Al\u00e9m disso, para 76% dos entrevistados, o Brasil tinha condi\u00e7\u00f5es de se sair melhor se Bolsonaro n\u00e3o tivesse feito&nbsp;<a href=\"https:\/\/www.redebrasilatual.com.br\/saude-e-ciencia\/2021\/02\/sete-vezes-bolsonaro-e-aliados-contribuiram-para-falta-vacinas\/\" target=\"_blank\" rel=\"noreferrer noopener\">campanha contra as vacinas<\/a>. Outros 22% discordam dessa afirma\u00e7\u00e3o. At\u00e9 o momento, o pr\u00f3prio Bolsonaro afirma que n\u00e3o se imunizou contra a covid-19.<\/p>\n\n\n\n<p>Ele foi um dos \u00fanicos l\u00edderes mundiais a n\u00e3o dar o exemplo, para estimular a popula\u00e7\u00e3o a fazer o mesmo. No entanto, o Planalto estabeleceu sigilo de 100 anos na carteira de vacina\u00e7\u00e3o do presidente, o que levanta suspeitas.<\/p>\n\n\n\n<p>Foram in\u00fameras as declara\u00e7\u00f5es do presidente contra as vacinas. Na mais \u201ccelebre\u201d, disse que o governo n\u00e3o se responsabilizaria se a pessoa \u201cvirasse jacar\u00e9\u201d depois de tomar o imunizante. Em dezembro de 2020, quando o Brasil registrava mais de 180 mil mortes pela covid, chegou a dizer que a a pressa pela vacina \u201cn\u00e3o se justifica\u201d.<\/p>\n\n\n\n<p>No in\u00edcio deste ano, Bolsonaro tamb\u00e9m afirmou que sua filha de 11 anos tamb\u00e9m n\u00e3o seria vacinada. Ap\u00f3s o in\u00edcio da vacina\u00e7\u00e3o infantil, o Minist\u00e9rio da Sa\u00fade ainda insistia que pais e respons\u00e1veis \u201cprocurem a&nbsp;<a href=\"https:\/\/www.redebrasilatual.com.br\/saude-e-ciencia\/2022\/01\/governo-desiste-de-exigir-receita-medica-em-vacinacao-de-criancas-contra-covid-19\/\" target=\"_blank\" rel=\"noreferrer noopener\">recomenda\u00e7\u00e3o pr\u00e9via<\/a>&nbsp;de um m\u00e9dico\u201d antes de vacinar os pequenos, contrariando todas as orienta\u00e7\u00f5es dos especialistas.<\/p>\n\n\n\n<p>Al\u00e9m disso, a&nbsp;<a href=\"https:\/\/www.redebrasilatual.com.br\/tag\/cpi-da-covid\/\" target=\"_blank\" rel=\"noreferrer noopener\">CPI da Covid<\/a>&nbsp;tamb\u00e9m identificou ind\u00edcios de corrup\u00e7\u00e3o na compra de vacinas. Essas tratativas subterr\u00e2neas tamb\u00e9m seriam o motivo para o atraso na negocia\u00e7\u00e3o com grandes laborat\u00f3rios, como a Pfizer.<\/p>\n\n\n\n<h3 class=\"wp-block-heading\">Intensidade da pandemia e isolamento<\/h3>\n\n\n\n<p>Tr\u00eas em cada 10 (33%) tamb\u00e9m afirmaram que Bolsonaro estava certo, e a pandemia foi \u201cmuito menos forte do que a imprensa noticiava. Mas a maioria (63%) discordam dessa afirma\u00e7\u00e3o. Quanto ao isolamento social, a posi\u00e7\u00e3o negacionista de Bolsonaro foi majorit\u00e1ria. Nesse sentido, 54% dizem que o presidente acertou ao se insurgir contra as medidas restritivas, j\u00e1 que o isolamento \u201cs\u00f3 atrapalhou a economia. Outros 43%, no entanto, discordam dessa afirma\u00e7\u00e3o.<\/p>\n\n\n\n<p>Por fim, 76% disseram que a pandemia foi um problema t\u00e3o grande que qualquer presidente enfrentaria dificuldades no enfrentamento \u00e0 doen\u00e7a. Por outro lado, 22% n\u00e3o concordaram com essa afirma\u00e7\u00e3o.<\/p>\n\n\n\n<h3 class=\"wp-block-heading\"><a href=\"https:\/\/media-blog.genialinvestimentos.com.br\/wp-content\/uploads\/2022\/03\/15184014\/genial-nas-eleicoes_pesquisa-para-presidente-2022_resultado-marco.pdf\" target=\"_blank\" rel=\"noreferrer noopener\">Confira relat\u00f3rio completo da pesquisa Genial\/Quaest<\/a><\/h3>\n\n\n\n<p><ins><br><\/ins><\/p>\n","protected":false},"excerpt":{"rendered":"<p>Maioria dos eleitores de Lula defende a utiliza\u00e7\u00e3o de m\u00e1scaras em todos os lugares, enquanto 31% dos apoiadores de Bolsonaro querem o fim do equipamento.<\/p>\n","protected":false},"author":1,"featured_media":0,"comment_status":"closed","ping_status":"open","sticky":false,"template":"","format":"standard","meta":{"_exactmetrics_skip_tracking":false,"_exactmetrics_sitenote_active":false,"_exactmetrics_sitenote_note":"","_exactmetrics_sitenote_category":0,"jetpack_post_was_ever_published":false,"_jetpack_newsletter_access":"","_jetpack_dont_email_post_to_subs":false,"_jetpack_newsletter_tier_id":0,"_jetpack_memberships_contains_paywalled_content":false,"_jetpack_memberships_contains_paid_content":false,"footnotes":"","jetpack_publicize_message":"","jetpack_publicize_feature_enabled":true,"jetpack_social_post_already_shared":true,"jetpack_social_options":{"image_generator_settings":{"template":"highway","enabled":false},"version":2}},"categories":[1],"tags":[],"class_list":["post-33456","post","type-post","status-publish","format-standard","hentry","category-notas"],"jetpack_publicize_connections":[],"jetpack_sharing_enabled":true,"jetpack_featured_media_url":"","jetpack_shortlink":"https:\/\/wp.me\/p7wKYW-8HC","jetpack-related-posts":[],"_links":{"self":[{"href":"http:\/\/blogdalucianaoliveira.com.br\/blog\/wp-json\/wp\/v2\/posts\/33456","targetHints":{"allow":["GET"]}}],"collection":[{"href":"http:\/\/blogdalucianaoliveira.com.br\/blog\/wp-json\/wp\/v2\/posts"}],"about":[{"href":"http:\/\/blogdalucianaoliveira.com.br\/blog\/wp-json\/wp\/v2\/types\/post"}],"author":[{"embeddable":true,"href":"http:\/\/blogdalucianaoliveira.com.br\/blog\/wp-json\/wp\/v2\/users\/1"}],"replies":[{"embeddable":true,"href":"http:\/\/blogdalucianaoliveira.com.br\/blog\/wp-json\/wp\/v2\/comments?post=33456"}],"version-history":[{"count":1,"href":"http:\/\/blogdalucianaoliveira.com.br\/blog\/wp-json\/wp\/v2\/posts\/33456\/revisions"}],"predecessor-version":[{"id":33457,"href":"http:\/\/blogdalucianaoliveira.com.br\/blog\/wp-json\/wp\/v2\/posts\/33456\/revisions\/33457"}],"wp:attachment":[{"href":"http:\/\/blogdalucianaoliveira.com.br\/blog\/wp-json\/wp\/v2\/media?parent=33456"}],"wp:term":[{"taxonomy":"category","embeddable":true,"href":"http:\/\/blogdalucianaoliveira.com.br\/blog\/wp-json\/wp\/v2\/categories?post=33456"},{"taxonomy":"post_tag","embeddable":true,"href":"http:\/\/blogdalucianaoliveira.com.br\/blog\/wp-json\/wp\/v2\/tags?post=33456"}],"curies":[{"name":"wp","href":"https:\/\/api.w.org\/{rel}","templated":true}]}}