{"id":33458,"date":"2022-03-17T10:50:40","date_gmt":"2022-03-17T14:50:40","guid":{"rendered":"http:\/\/blogdalucianaoliveira.com.br\/blog\/?p=33458"},"modified":"2022-03-17T10:50:55","modified_gmt":"2022-03-17T14:50:55","slug":"trabalhadores-rurais-fazem-ato-no-tribunal-de-justica-de-rondonia-pela-prorrogacao-da-proibicao-de-despejos","status":"publish","type":"post","link":"http:\/\/blogdalucianaoliveira.com.br\/blog\/2022\/03\/17\/trabalhadores-rurais-fazem-ato-no-tribunal-de-justica-de-rondonia-pela-prorrogacao-da-proibicao-de-despejos\/","title":{"rendered":"Trabalhadores rurais fazem ato no Tribunal de Justi\u00e7a de Rond\u00f4nia pela prorroga\u00e7\u00e3o da proibi\u00e7\u00e3o de despejos"},"content":{"rendered":"\n<figure class=\"wp-block-image size-large\"><img loading=\"lazy\" decoding=\"async\" width=\"2048\" height=\"1536\" data-attachment-id=\"33459\" data-permalink=\"http:\/\/blogdalucianaoliveira.com.br\/blog\/2022\/03\/17\/trabalhadores-rurais-fazem-ato-no-tribunal-de-justica-de-rondonia-pela-prorrogacao-da-proibicao-de-despejos\/276152122_5085295448212984_5298070122029946318_n\/\" data-orig-file=\"https:\/\/i0.wp.com\/blogdalucianaoliveira.com.br\/blog\/wp-content\/uploads\/2022\/03\/276152122_5085295448212984_5298070122029946318_n.jpg?fit=2048%2C1536\" data-orig-size=\"2048,1536\" data-comments-opened=\"0\" data-image-meta=\"{&quot;aperture&quot;:&quot;0&quot;,&quot;credit&quot;:&quot;&quot;,&quot;camera&quot;:&quot;&quot;,&quot;caption&quot;:&quot;&quot;,&quot;created_timestamp&quot;:&quot;0&quot;,&quot;copyright&quot;:&quot;&quot;,&quot;focal_length&quot;:&quot;0&quot;,&quot;iso&quot;:&quot;0&quot;,&quot;shutter_speed&quot;:&quot;0&quot;,&quot;title&quot;:&quot;&quot;,&quot;orientation&quot;:&quot;0&quot;}\" data-image-title=\"276152122_5085295448212984_5298070122029946318_n\" data-image-description=\"\" data-image-caption=\"\" data-medium-file=\"https:\/\/i0.wp.com\/blogdalucianaoliveira.com.br\/blog\/wp-content\/uploads\/2022\/03\/276152122_5085295448212984_5298070122029946318_n.jpg?fit=300%2C225\" data-large-file=\"https:\/\/i0.wp.com\/blogdalucianaoliveira.com.br\/blog\/wp-content\/uploads\/2022\/03\/276152122_5085295448212984_5298070122029946318_n.jpg?fit=600%2C450\" src=\"https:\/\/i1.wp.com\/blogdalucianaoliveira.com.br\/blog\/wp-content\/uploads\/2022\/03\/276152122_5085295448212984_5298070122029946318_n.jpg?fit=600%2C450&amp;ssl=1\" alt=\"\" class=\"wp-image-33459\" srcset=\"https:\/\/i0.wp.com\/blogdalucianaoliveira.com.br\/blog\/wp-content\/uploads\/2022\/03\/276152122_5085295448212984_5298070122029946318_n.jpg?w=2048 2048w, https:\/\/i0.wp.com\/blogdalucianaoliveira.com.br\/blog\/wp-content\/uploads\/2022\/03\/276152122_5085295448212984_5298070122029946318_n.jpg?resize=300%2C225 300w, https:\/\/i0.wp.com\/blogdalucianaoliveira.com.br\/blog\/wp-content\/uploads\/2022\/03\/276152122_5085295448212984_5298070122029946318_n.jpg?resize=1024%2C768 1024w, https:\/\/i0.wp.com\/blogdalucianaoliveira.com.br\/blog\/wp-content\/uploads\/2022\/03\/276152122_5085295448212984_5298070122029946318_n.jpg?resize=768%2C576 768w, https:\/\/i0.wp.com\/blogdalucianaoliveira.com.br\/blog\/wp-content\/uploads\/2022\/03\/276152122_5085295448212984_5298070122029946318_n.jpg?resize=1536%2C1152 1536w, https:\/\/i0.wp.com\/blogdalucianaoliveira.com.br\/blog\/wp-content\/uploads\/2022\/03\/276152122_5085295448212984_5298070122029946318_n.jpg?resize=400%2C300 400w, https:\/\/i0.wp.com\/blogdalucianaoliveira.com.br\/blog\/wp-content\/uploads\/2022\/03\/276152122_5085295448212984_5298070122029946318_n.jpg?w=1200 1200w, https:\/\/i0.wp.com\/blogdalucianaoliveira.com.br\/blog\/wp-content\/uploads\/2022\/03\/276152122_5085295448212984_5298070122029946318_n.jpg?w=1800 1800w\" sizes=\"auto, (max-width: 600px) 100vw, 600px\" \/><\/figure>\n\n\n\n<p>Em Porto Velho, foi em frente o Tribunal de Justi\u00e7a de Rond\u00f4nia o ato para exigir a prorroga\u00e7\u00e3o da medida cautelar que suspende os despejos na pandemia, expedida pelo Supremo Tribunal Federal \u2013 STF, por meio da ADPF 828.<\/p>\n\n\n\n<p>V\u00e1rias organiza\u00e7\u00f5es do campo e da cidade se mobilizaram em atos por todo o pa\u00eds nesta quinta-feira para que judici\u00e1rio prolongue a proibi\u00e7\u00e3o das remo\u00e7\u00f5es. <\/p>\n\n\n\n<p>Os despejos est\u00e3o proibidos s\u00f3 at\u00e9 o pr\u00f3ximo dia 31 de mar\u00e7o, e de acordo com dados compilados pela Campanha Despejo Zero, articula\u00e7\u00e3o nacional que re\u00fane 175 entidades, desde que a pandemia de covid-19 chegou ao Brasil em mar\u00e7o de 2020 at\u00e9 fevereiro de 2022 houve um aumento de 602% no n\u00famero de fam\u00edlias amea\u00e7adas de perder a moradia.<\/p>\n\n\n\n<p> Se a medida n\u00e3o for prorrogada mais de 132 mil fam\u00edlias, cerca de 500 mil pessoas poder\u00e3o ser despejadas de seus lares em grave crise social e econ\u00f4mica no pa\u00eds. <\/p>\n\n\n\n<p>Em Rond\u00f4nia os despejos amea\u00e7am mais de dez mil fam\u00edlias. No ato na capital estiveram presentes v\u00e1rias fam\u00edlias do assentamento Chico Mendes, da Gleba Gar\u00e7a, linha H27.<\/p>\n\n\n\n<p>#ProrrogaSTF #DespejoZero #MSTporDespejoZero #ChegaDeDespejos<\/p>\n\n\n\n<figure class=\"wp-block-image size-large\"><img loading=\"lazy\" decoding=\"async\" width=\"2048\" height=\"1536\" data-attachment-id=\"33460\" data-permalink=\"http:\/\/blogdalucianaoliveira.com.br\/blog\/2022\/03\/17\/trabalhadores-rurais-fazem-ato-no-tribunal-de-justica-de-rondonia-pela-prorrogacao-da-proibicao-de-despejos\/275838411_5085295434879652_5646623950200091106_n\/\" data-orig-file=\"https:\/\/i0.wp.com\/blogdalucianaoliveira.com.br\/blog\/wp-content\/uploads\/2022\/03\/275838411_5085295434879652_5646623950200091106_n.jpg?fit=2048%2C1536\" data-orig-size=\"2048,1536\" data-comments-opened=\"0\" data-image-meta=\"{&quot;aperture&quot;:&quot;0&quot;,&quot;credit&quot;:&quot;&quot;,&quot;camera&quot;:&quot;&quot;,&quot;caption&quot;:&quot;&quot;,&quot;created_timestamp&quot;:&quot;0&quot;,&quot;copyright&quot;:&quot;&quot;,&quot;focal_length&quot;:&quot;0&quot;,&quot;iso&quot;:&quot;0&quot;,&quot;shutter_speed&quot;:&quot;0&quot;,&quot;title&quot;:&quot;&quot;,&quot;orientation&quot;:&quot;0&quot;}\" data-image-title=\"275838411_5085295434879652_5646623950200091106_n\" data-image-description=\"\" data-image-caption=\"\" data-medium-file=\"https:\/\/i0.wp.com\/blogdalucianaoliveira.com.br\/blog\/wp-content\/uploads\/2022\/03\/275838411_5085295434879652_5646623950200091106_n.jpg?fit=300%2C225\" data-large-file=\"https:\/\/i0.wp.com\/blogdalucianaoliveira.com.br\/blog\/wp-content\/uploads\/2022\/03\/275838411_5085295434879652_5646623950200091106_n.jpg?fit=600%2C450\" src=\"https:\/\/i1.wp.com\/blogdalucianaoliveira.com.br\/blog\/wp-content\/uploads\/2022\/03\/275838411_5085295434879652_5646623950200091106_n.jpg?fit=600%2C450&amp;ssl=1\" alt=\"\" class=\"wp-image-33460\" srcset=\"https:\/\/i0.wp.com\/blogdalucianaoliveira.com.br\/blog\/wp-content\/uploads\/2022\/03\/275838411_5085295434879652_5646623950200091106_n.jpg?w=2048 2048w, https:\/\/i0.wp.com\/blogdalucianaoliveira.com.br\/blog\/wp-content\/uploads\/2022\/03\/275838411_5085295434879652_5646623950200091106_n.jpg?resize=300%2C225 300w, https:\/\/i0.wp.com\/blogdalucianaoliveira.com.br\/blog\/wp-content\/uploads\/2022\/03\/275838411_5085295434879652_5646623950200091106_n.jpg?resize=1024%2C768 1024w, https:\/\/i0.wp.com\/blogdalucianaoliveira.com.br\/blog\/wp-content\/uploads\/2022\/03\/275838411_5085295434879652_5646623950200091106_n.jpg?resize=768%2C576 768w, https:\/\/i0.wp.com\/blogdalucianaoliveira.com.br\/blog\/wp-content\/uploads\/2022\/03\/275838411_5085295434879652_5646623950200091106_n.jpg?resize=1536%2C1152 1536w, https:\/\/i0.wp.com\/blogdalucianaoliveira.com.br\/blog\/wp-content\/uploads\/2022\/03\/275838411_5085295434879652_5646623950200091106_n.jpg?resize=400%2C300 400w, https:\/\/i0.wp.com\/blogdalucianaoliveira.com.br\/blog\/wp-content\/uploads\/2022\/03\/275838411_5085295434879652_5646623950200091106_n.jpg?w=1200 1200w, https:\/\/i0.wp.com\/blogdalucianaoliveira.com.br\/blog\/wp-content\/uploads\/2022\/03\/275838411_5085295434879652_5646623950200091106_n.jpg?w=1800 1800w\" sizes=\"auto, (max-width: 600px) 100vw, 600px\" \/><\/figure>\n\n\n\n<figure class=\"wp-block-image size-large\"><img loading=\"lazy\" decoding=\"async\" width=\"2048\" height=\"1536\" data-attachment-id=\"33461\" data-permalink=\"http:\/\/blogdalucianaoliveira.com.br\/blog\/2022\/03\/17\/trabalhadores-rurais-fazem-ato-no-tribunal-de-justica-de-rondonia-pela-prorrogacao-da-proibicao-de-despejos\/275980382_5085295534879642_2028856795519376261_n\/\" data-orig-file=\"https:\/\/i0.wp.com\/blogdalucianaoliveira.com.br\/blog\/wp-content\/uploads\/2022\/03\/275980382_5085295534879642_2028856795519376261_n.jpg?fit=2048%2C1536\" data-orig-size=\"2048,1536\" data-comments-opened=\"0\" data-image-meta=\"{&quot;aperture&quot;:&quot;0&quot;,&quot;credit&quot;:&quot;&quot;,&quot;camera&quot;:&quot;&quot;,&quot;caption&quot;:&quot;&quot;,&quot;created_timestamp&quot;:&quot;0&quot;,&quot;copyright&quot;:&quot;&quot;,&quot;focal_length&quot;:&quot;0&quot;,&quot;iso&quot;:&quot;0&quot;,&quot;shutter_speed&quot;:&quot;0&quot;,&quot;title&quot;:&quot;&quot;,&quot;orientation&quot;:&quot;0&quot;}\" data-image-title=\"275980382_5085295534879642_2028856795519376261_n\" data-image-description=\"\" data-image-caption=\"\" data-medium-file=\"https:\/\/i0.wp.com\/blogdalucianaoliveira.com.br\/blog\/wp-content\/uploads\/2022\/03\/275980382_5085295534879642_2028856795519376261_n.jpg?fit=300%2C225\" data-large-file=\"https:\/\/i0.wp.com\/blogdalucianaoliveira.com.br\/blog\/wp-content\/uploads\/2022\/03\/275980382_5085295534879642_2028856795519376261_n.jpg?fit=600%2C450\" src=\"https:\/\/i2.wp.com\/blogdalucianaoliveira.com.br\/blog\/wp-content\/uploads\/2022\/03\/275980382_5085295534879642_2028856795519376261_n.jpg?fit=600%2C450&amp;ssl=1\" alt=\"\" class=\"wp-image-33461\" srcset=\"https:\/\/i0.wp.com\/blogdalucianaoliveira.com.br\/blog\/wp-content\/uploads\/2022\/03\/275980382_5085295534879642_2028856795519376261_n.jpg?w=2048 2048w, https:\/\/i0.wp.com\/blogdalucianaoliveira.com.br\/blog\/wp-content\/uploads\/2022\/03\/275980382_5085295534879642_2028856795519376261_n.jpg?resize=300%2C225 300w, https:\/\/i0.wp.com\/blogdalucianaoliveira.com.br\/blog\/wp-content\/uploads\/2022\/03\/275980382_5085295534879642_2028856795519376261_n.jpg?resize=1024%2C768 1024w, https:\/\/i0.wp.com\/blogdalucianaoliveira.com.br\/blog\/wp-content\/uploads\/2022\/03\/275980382_5085295534879642_2028856795519376261_n.jpg?resize=768%2C576 768w, https:\/\/i0.wp.com\/blogdalucianaoliveira.com.br\/blog\/wp-content\/uploads\/2022\/03\/275980382_5085295534879642_2028856795519376261_n.jpg?resize=1536%2C1152 1536w, https:\/\/i0.wp.com\/blogdalucianaoliveira.com.br\/blog\/wp-content\/uploads\/2022\/03\/275980382_5085295534879642_2028856795519376261_n.jpg?resize=400%2C300 400w, https:\/\/i0.wp.com\/blogdalucianaoliveira.com.br\/blog\/wp-content\/uploads\/2022\/03\/275980382_5085295534879642_2028856795519376261_n.jpg?w=1200 1200w, https:\/\/i0.wp.com\/blogdalucianaoliveira.com.br\/blog\/wp-content\/uploads\/2022\/03\/275980382_5085295534879642_2028856795519376261_n.jpg?w=1800 1800w\" sizes=\"auto, (max-width: 600px) 100vw, 600px\" \/><\/figure>\n\n\n\n<p><a href=\"https:\/\/www.facebook.com\/photo\/?fbid=5085294508213078&amp;set=pcb.5085295094879686&amp;__cft__[0]=AZVkJUfCP_JcanCvo_RaAqiKVdSDZEDNbVurITDZmex8LSSY8ez1H2igL9C_teIsO7z37_BNz6zdPsBiC-6OvV1WDmU_MD0onMPx6VcxlILRqERDb8WWvXd32n7nb6b48E0&amp;__tn__=*bH-R\"><\/a><a href=\"https:\/\/scontent.fpvh3-1.fna.fbcdn.net\/v\/t39.30808-6\/275838411_5085295434879652_5646623950200091106_n.jpg?stp=dst-jpg_p720x720&amp;_nc_cat=111&amp;ccb=1-5&amp;_nc_sid=8bfeb9&amp;_nc_eui2=AeG3nP7umjMttX5zMZNGIOwJKYyeyz8_FCopjJ7LPz8UKtrsw1PhNCThwOmezUkfALBVsSaPDeQdLnlExc3DGHxS&amp;_nc_ohc=Sk6p0uldoFgAX_EugUG&amp;_nc_ht=scontent.fpvh3-1.fna&amp;oh=00_AT8dCWa5IPsSTf5WtlRwfuxqytXBCK_gssszXBq6KGk5rw&amp;oe=6237F9CD\"><\/a><a href=\"https:\/\/www.facebook.com\/photo\/?fbid=5085294548213074&amp;set=pcb.5085295094879686&amp;__cft__[0]=AZVkJUfCP_JcanCvo_RaAqiKVdSDZEDNbVurITDZmex8LSSY8ez1H2igL9C_teIsO7z37_BNz6zdPsBiC-6OvV1WDmU_MD0onMPx6VcxlILRqERDb8WWvXd32n7nb6b48E0&amp;__tn__=*bH-R\"><\/a><a href=\"https:\/\/www.facebook.com\/photo\/?fbid=5085294661546396&amp;set=pcb.5085295094879686&amp;__cft__[0]=AZVkJUfCP_JcanCvo_RaAqiKVdSDZEDNbVurITDZmex8LSSY8ez1H2igL9C_teIsO7z37_BNz6zdPsBiC-6OvV1WDmU_MD0onMPx6VcxlILRqERDb8WWvXd32n7nb6b48E0&amp;__tn__=*bH-R\"><\/a><a href=\"https:\/\/www.facebook.com\/photo\/?fbid=5085294721546390&amp;set=pcb.5085295094879686&amp;__cft__[0]=AZVkJUfCP_JcanCvo_RaAqiKVdSDZEDNbVurITDZmex8LSSY8ez1H2igL9C_teIsO7z37_BNz6zdPsBiC-6OvV1WDmU_MD0onMPx6VcxlILRqERDb8WWvXd32n7nb6b48E0&amp;__tn__=*bH-R\"><\/a><\/p>\n","protected":false},"excerpt":{"rendered":"<p>Em Porto Velho, foi em frente o Tribunal de Justi\u00e7a de Rond\u00f4nia o ato para exigir a prorroga\u00e7\u00e3o da medida cautelar que suspende os despejos na pandemia, expedida pelo Supremo Tribunal Federal \u2013 STF, por meio da ADPF 828. V\u00e1rias organiza\u00e7\u00f5es do campo e da cidade se mobilizaram em atos por todo o pa\u00eds nesta&#8230;<a class=\"more-link\" href=\"http:\/\/blogdalucianaoliveira.com.br\/blog\/2022\/03\/17\/trabalhadores-rurais-fazem-ato-no-tribunal-de-justica-de-rondonia-pela-prorrogacao-da-proibicao-de-despejos\/\">Continue a leitura <span class=\"meta-nav\">&raquo;<\/span><\/a><\/p>\n","protected":false},"author":1,"featured_media":0,"comment_status":"closed","ping_status":"open","sticky":false,"template":"","format":"standard","meta":{"_exactmetrics_skip_tracking":false,"_exactmetrics_sitenote_active":false,"_exactmetrics_sitenote_note":"","_exactmetrics_sitenote_category":0,"jetpack_post_was_ever_published":false,"_jetpack_newsletter_access":"","_jetpack_dont_email_post_to_subs":false,"_jetpack_newsletter_tier_id":0,"_jetpack_memberships_contains_paywalled_content":false,"_jetpack_memberships_contains_paid_content":false,"footnotes":"","jetpack_publicize_message":"","jetpack_publicize_feature_enabled":true,"jetpack_social_post_already_shared":true,"jetpack_social_options":{"image_generator_settings":{"template":"highway","enabled":false},"version":2}},"categories":[1],"tags":[681,568,366,7],"class_list":["post-33458","post","type-post","status-publish","format-standard","hentry","category-notas","tag-despejo-zero","tag-manifestacao","tag-pandemia","tag-rondonia"],"jetpack_publicize_connections":[],"jetpack_sharing_enabled":true,"jetpack_featured_media_url":"","jetpack_shortlink":"https:\/\/wp.me\/p7wKYW-8HE","jetpack-related-posts":[],"_links":{"self":[{"href":"http:\/\/blogdalucianaoliveira.com.br\/blog\/wp-json\/wp\/v2\/posts\/33458","targetHints":{"allow":["GET"]}}],"collection":[{"href":"http:\/\/blogdalucianaoliveira.com.br\/blog\/wp-json\/wp\/v2\/posts"}],"about":[{"href":"http:\/\/blogdalucianaoliveira.com.br\/blog\/wp-json\/wp\/v2\/types\/post"}],"author":[{"embeddable":true,"href":"http:\/\/blogdalucianaoliveira.com.br\/blog\/wp-json\/wp\/v2\/users\/1"}],"replies":[{"embeddable":true,"href":"http:\/\/blogdalucianaoliveira.com.br\/blog\/wp-json\/wp\/v2\/comments?post=33458"}],"version-history":[{"count":2,"href":"http:\/\/blogdalucianaoliveira.com.br\/blog\/wp-json\/wp\/v2\/posts\/33458\/revisions"}],"predecessor-version":[{"id":33463,"href":"http:\/\/blogdalucianaoliveira.com.br\/blog\/wp-json\/wp\/v2\/posts\/33458\/revisions\/33463"}],"wp:attachment":[{"href":"http:\/\/blogdalucianaoliveira.com.br\/blog\/wp-json\/wp\/v2\/media?parent=33458"}],"wp:term":[{"taxonomy":"category","embeddable":true,"href":"http:\/\/blogdalucianaoliveira.com.br\/blog\/wp-json\/wp\/v2\/categories?post=33458"},{"taxonomy":"post_tag","embeddable":true,"href":"http:\/\/blogdalucianaoliveira.com.br\/blog\/wp-json\/wp\/v2\/tags?post=33458"}],"curies":[{"name":"wp","href":"https:\/\/api.w.org\/{rel}","templated":true}]}}