{"id":33464,"date":"2022-03-19T11:31:21","date_gmt":"2022-03-19T15:31:21","guid":{"rendered":"http:\/\/blogdalucianaoliveira.com.br\/blog\/?p=33464"},"modified":"2022-03-19T11:31:28","modified_gmt":"2022-03-19T15:31:28","slug":"nao-e-so-bolsonaro-veja-o-historico-de-outros-homenageados-por-merito-indigenista","status":"publish","type":"post","link":"http:\/\/blogdalucianaoliveira.com.br\/blog\/2022\/03\/19\/nao-e-so-bolsonaro-veja-o-historico-de-outros-homenageados-por-merito-indigenista\/","title":{"rendered":"N\u00e3o \u00e9 s\u00f3 Bolsonaro: veja o hist\u00f3rico de outros homenageados por \u201cm\u00e9rito indigenista\u201d"},"content":{"rendered":"\n<figure class=\"wp-block-image\"><img data-recalc-dims=\"1\" decoding=\"async\" src=\"https:\/\/i0.wp.com\/deolhonosruralistas.com.br\/wp-content\/uploads\/2022\/03\/bolsonaro-cocar.png?w=600&#038;ssl=1\" alt=\"\"\/><\/figure>\n\n\n\n<p><em><strong>Portaria publicada pelo ministro da Justi\u00e7a concede honraria ao agr\u00f4nomo Evandro Biesdorf, afastado de demarca\u00e7\u00f5es no MT por favorecer ruralistas; lista de agraciados inclui defensores do Marco Temporal e o presidente anti-ind\u00edgena da Funai<\/strong><\/em><\/p>\n\n\n\n<!--more-->\n\n\n\n<p>Por&nbsp;<strong>Bruno Stankevicius Bassi<\/strong>&nbsp;e&nbsp;<strong>Mariana Franco Ramos<\/strong><\/p>\n\n\n\n<figure class=\"wp-block-image\"><a href=\"https:\/\/deolhonosruralistas.com.br\/de-olho-nos-mil-parceiros\/\"><img decoding=\"async\" src=\"https:\/\/i0.wp.com\/deolhonosruralistas.com.br\/wp-content\/uploads\/2017\/03\/DEOLHO2017-chamada-meio-texto.png?resize=635%2C40\" alt=\"\" class=\"wp-image-3364\"\/><\/a><\/figure>\n\n\n\n<p>O presidente Jair Bolsonaro (PL-RJ) n\u00e3o foi a \u00fanica personalidade anti-ind\u00edgena homenageada pelo Minist\u00e9rio da Justi\u00e7a e Seguran\u00e7a P\u00fablica por supostamente atuar em defesa dos povos origin\u00e1rios. Al\u00e9m dele e de dez ministros,a portaria n\u00ba 47 concede a \u201cmedalha ao m\u00e9rito indigenista\u201d a outras quinze pessoas, entre servidores da Funda\u00e7\u00e3o Nacional do \u00cdndio (Funai), da Pol\u00edcia Federal e outros \u00f3rg\u00e3os p\u00fablicos. A portaria foi publicada na ter\u00e7a-feira (15), mas a cerim\u00f4nia de entrega ocorreu nesta sexta-feira (18), com Bolsonaro a exibir no Pal\u00e1cio do Planalto um vistoso&nbsp;<a href=\"https:\/\/noticias.uol.com.br\/politica\/ultimas-noticias\/2022\/03\/18\/bolsonaro-estamos-comprometidos-em-fazer-com-que-indios-se-sintam-iguais.htm\">cocar<\/a>.<\/p>\n\n\n\n<figure class=\"wp-block-image\"><img decoding=\"async\" src=\"https:\/\/i0.wp.com\/deolhonosruralistas.com.br\/wp-content\/uploads\/2022\/03\/f406336e-fe79-45e0-85f4-d525d85cad26.jpeg?resize=330%2C241&amp;ssl=1\" alt=\"\" class=\"wp-image-24511\"\/><figcaption>Evandro Biesdorf, coordenador-geral de Geoprocessamento da Funai. (Foto: M\u00e1rio Vilela\/Funai)<\/figcaption><\/figure>\n\n\n\n<p>Um dos nomes que se destaca na lista \u00e9 o do agr\u00f4nomo Evandro Marcos Biesdorf, afastado de dois grupos de trabalho da Funai por suspeita de favorecimento a interesses ruralistas. No primeiro epis\u00f3dio, ainda em 2019, Biesdorf foi alvo de uma a\u00e7\u00e3o civil p\u00fablica do Minist\u00e9rio P\u00fablico Federal (<a href=\"https:\/\/cdn.pontonacurva.com.br\/storage\/webdisco\/2021\/09\/02\/outros\/12bc820e0226b930416e986c29fc9281.pdf\">MPF<\/a>), solicitando sua remo\u00e7\u00e3o do comit\u00ea de revis\u00e3o da Terra Ind\u00edgena (TI) Batovi, em Ga\u00facha do Norte (MT), ap\u00f3s identific\u00e1-lo como um dos articuladores da redu\u00e7\u00e3o de \u00e1rea da TI Ituna-Itat\u00e1, habitada por povos isolados no Par\u00e1. Em 23 de agosto de 2021, o juiz federal Ciro Arapiraca decretou que a Funai afastasse o servidor e formasse um novo grupo composto por antrop\u00f3logos.<\/p>\n\n\n\n<p>O segundo caso envolvendo o atual coordenador de geoprocessamento da Funai se refere \u00e0&nbsp;<a href=\"http:\/\/www.mpf.mp.br\/mt\/sala-de-imprensa\/noticias-mt\/piripkura-mpf-pede-que-justica-federal-determine-substituicao-de-membros-do-grupo-tecnico-criado-pela-funai\">TI Piripkura<\/a>, em Colniza (MT), onde vivem os \u00faltimos integrantes da etnia que d\u00e1 nome ao territ\u00f3rio, dizimada na d\u00e9cada de 1980.<\/p>\n\n\n\n<p>Nele, Biesdorf e o ge\u00f3grafo Andr\u00e9 Luiz Welter foram afastados pelo juiz Frederico Pereira Martins em novembro de 2021, acatando a alega\u00e7\u00e3o do MPF de que os dois haviam participado da elabora\u00e7\u00e3o da Instru\u00e7\u00e3o Normativa n\u00ba 9\/2020, que autorizou o registro de im\u00f3veis rurais em terras ind\u00edgenas n\u00e3o-homologadas, como \u00e9 o caso da Piripkura. Assinada pelo presidente da Funai, o ruralista Marcelo Xavier, a medida teve como mentor o secret\u00e1rio de Assuntos Fundi\u00e1rios do Minist\u00e9rio da Agricultura,&nbsp;<a href=\"https:\/\/deolhonosruralistas.com.br\/2020\/04\/28\/medida-que-reduz-protecao-a-terras-indigenas-foi-articulada-por-nabhan-garcia\/\">Nabhan Garcia<\/a>, ex-presidente da Uni\u00e3o Democr\u00e1tica Ruralista (UDR) e hist\u00f3rico inimigo dos povos do campo.<\/p>\n\n\n\n<p>O pr\u00f3prio Xavier foi um dos homenageados pelo governo. Confira aqui o perfil do presidente da Funai feito pelo observat\u00f3rio durante a s\u00e9rie Esplanada da Morte, em 2020: \u201c<a href=\"https:\/\/deolhonosruralistas.com.br\/2020\/07\/29\/esplanada-da-morte-ii-chefe-da-funai-foi-aliado-de-invasores-de-terra-indigena-no-mt\/\">Chefe da Funai foi aliado de invasores de terra ind\u00edgena no MT<\/a>\u201c.<\/p>\n\n\n\n<h3 class=\"wp-block-heading\">CONFIRA A LISTA DE HOMENAGEADOS PELO MINIST\u00c9RIO DA JUSTI\u00c7A<\/h3>\n\n\n\n<p>Al\u00e9m de Biesdorf e Xavier, a lista de agraciados com a medalha do m\u00e9rito indigenista inclui defensores da tese do&nbsp;<a href=\"https:\/\/deolhonosruralistas.com.br\/2017\/08\/14\/marco-temporal-levara-extincao-de-povos-indigenas-e-regularizara-grilagem-diz-professor-da-usp\/\">Marco Temporal<\/a>, como o ministro do Tribunal de Contas da Uni\u00e3o (TCU) Jorge Oliveira e o advogado-geral da Uni\u00e3o&nbsp;<a href=\"https:\/\/g1.globo.com\/politica\/noticia\/2021\/09\/01\/agu-defende-marco-temporal-e-diz-que-decisao-sobre-terras-indigenas-cabe-ao-congresso.ghtml\">Bruno Bian<\/a>c<a href=\"https:\/\/g1.globo.com\/politica\/noticia\/2021\/09\/01\/agu-defende-marco-temporal-e-diz-que-decisao-sobre-terras-indigenas-cabe-ao-congresso.ghtml\">o Leal<\/a>; agentes de seguran\u00e7a que conduziram opera\u00e7\u00f5es pol\u00eamicas em TIs, como o diretor da PF, Marcio Nunes de Oliveira, e o chefe da For\u00e7a Nacional, Ant\u00f4nio Aginaldo de Oliveira; e at\u00e9 mesmo um integrante do TCU herdeiro de bandeirantes cujo irm\u00e3o desmatou 11 mil hectares na TI Sangradouro.<\/p>\n\n\n\n<figure class=\"wp-block-image\"><img decoding=\"async\" src=\"https:\/\/i0.wp.com\/deolhonosruralistas.com.br\/wp-content\/uploads\/2022\/03\/portaria.jpeg?resize=616%2C871&amp;ssl=1\" alt=\"\" class=\"wp-image-24510\"\/><figcaption>Lista de homenageados com \u201cm\u00e9rito indigenista\u201d. (Imagem: Reprodu\u00e7\u00e3o)<\/figcaption><\/figure>\n\n\n\n<p>Receberam a homenagem, ainda, ind\u00edgenas considerados aliados do presidente, como Gerson Warawe Xavante e Irisnaide de Souza Silva. O diretor da Pol\u00edcia Federal, Marcio Nunes de Oliveira, determinou em janeiro o emprego da&nbsp;<a href=\"https:\/\/dspace.mj.gov.br\/bitstream\/1\/6014\/1\/PRT_GM_2022_6.pdf\">For\u00e7a Nacional<\/a>&nbsp;em conflito interno na TI Serrinha, no Rio Grande do Sul. Segundo os Kaingang, a viol\u00eancia \u00e9 estimulada por&nbsp;<a href=\"https:\/\/www.andes.org.br\/conteudos\/noticia\/indigenas-kaingang-denunciam-assassinatos-torturas-e-expulsoes-na-aldeia-de-serrinha-no-rS1\">arrendat\u00e1rios<\/a>&nbsp;e por atores ligados ao agroneg\u00f3cio local.<\/p>\n\n\n\n<h3 class=\"wp-block-heading\">IRM\u00c3O TRABALHA PARA MULTIS DOS TRANSG\u00caNICOS<br><\/h3>\n\n\n\n<figure class=\"wp-block-image\"><img decoding=\"async\" src=\"https:\/\/i0.wp.com\/deolhonosruralistas.com.br\/wp-content\/uploads\/2022\/03\/Firefox_Screenshot_2022-03-17T22-54-25.394Z.png?resize=238%2C300&amp;ssl=1\" alt=\"\" class=\"wp-image-24523\"\/><figcaption>Perfil de Linkedin do irm\u00e3o mostra liga\u00e7\u00e3o com produtores de transg\u00eanicos. (Imagem: Linkedin)<\/figcaption><\/figure>\n\n\n\n<p>Servidor da Funai desde 2018, Biesdorf cursa doutorado em Fitotecnia na Universidade Federal de Vi\u00e7osa (UFV), onde pesquisa sementes transg\u00eanicas, pragas agr\u00edcolas e efic\u00e1cia de agrot\u00f3xicos. Em seu&nbsp;<a href=\"https:\/\/www.gov.br\/funai\/pt-br\/arquivos\/conteudo\/cggp\/pdf\/curriculos\/dpt\/cggeo-das-101-4.pdf?fbclid=IwAR14hYfLCd6giDR9Capq0TDV1flcUW3shU4OHYEr-7fo5cX1Qgxac9ZVyBA\">curr\u00edculo<\/a>, constam colabora\u00e7\u00f5es com o irm\u00e3o, Elivelton Maciel Biesdorf, que j\u00e1 trabalhou para diversas multinacionais do agroneg\u00f3cio, em especial da \u00e1rea de sementes, caso de J&amp;H, Bayer e Dupont. Ambos atuaram juntos no Instituto Federal do Mato Grosso (IFMT).<\/p>\n\n\n\n<p>Defendida por ruralistas e pela atual dire\u00e7\u00e3o da Funai, a autoriza\u00e7\u00e3o para plantio de sementes transg\u00eanicas \u00e9 um dos diversos pontos questionados por l\u00edderes ind\u00edgenas no Projeto de Lei (PL) n\u00ba 191\/2020, que libera minera\u00e7\u00e3o em terras ind\u00edgenas e foi aprovado em regime de urg\u00eancia na C\u00e2mara sob articula\u00e7\u00e3o da Frente Parlamentar da Agropecu\u00e1ria (FPA): \u201c<a href=\"https:\/\/deolhonosruralistas.com.br\/2022\/03\/11\/ruralistas-deram-54-dos-votos-que-aprovaram-urgencia-na-mineracao-em-terras-indigenas\/\">Ruralistas deram 54% dos votos que aprovaram urg\u00eancia na minera\u00e7\u00e3o em terras ind\u00edgenas<\/a>\u201c.<\/p>\n\n\n\n<p>Antes de assumir a Coordena\u00e7\u00e3o-Geral de Geoprocessamento (CGGeo) do \u00f3rg\u00e3o indigenista, em 2020, ele havia sido apontado para integrar grupos de trabalho para revis\u00e3o e demarca\u00e7\u00e3o de terras ind\u00edgenas sob a coordena\u00e7\u00e3o de Joany Marcelo Arantes, afastado junto a ele nos dois processos movidos pelo MPF relativos \u00e0s TIs Batovi e Piripkura.<\/p>\n\n\n\n<p>Joany foi secret\u00e1rio parlamentar do deputado Homero Pereira (PSD-MT), j\u00e1 falecido, ex-presidente da FPA e autor do Projeto de Lei (PL) n\u00ba 490\/2007, que transfere para o Congresso a atribui\u00e7\u00e3o de demarcar terras ind\u00edgenas.<\/p>\n\n\n\n<h3 class=\"wp-block-heading\">SEM&nbsp;MEDALHA, SENADOR RURALISTA CONECTA HOMENAGEADOS<\/h3>\n\n\n\n<p>Na CGGeo da Funai, Biesdorf gerencia projetos de georreferenciamento em TIs e possui participa\u00e7\u00e3o relevante na regulariza\u00e7\u00e3o fundi\u00e1ria dos territ\u00f3rios. No caso da TI Ituna-Itat\u00e1, cuja tentativa de redu\u00e7\u00e3o baseou o pedido de afastamento do servidor pelo MPF, houve ainda a interven\u00e7\u00e3o direta do senador&nbsp;<a href=\"https:\/\/noticias.uol.com.br\/colunas\/rubens-valente\/2022\/01\/28\/senador-terra-indigena-para-isolados-portaria.htm\">Zequinha Marinho<\/a>&nbsp;(PL-PA) sobre um relat\u00f3rio que apontava a exist\u00eancia de povos isolados na \u00e1rea sob restri\u00e7\u00e3o de uso, tentando remover esta men\u00e7\u00e3o.<\/p>\n\n\n\n<figure class=\"wp-block-image\"><img decoding=\"async\" data-attachment-id=\"20328\" data-permalink=\"http:\/\/blogdalucianaoliveira.com.br\/blog\/2019\/02\/02\/critico-do-fascismo-judicial-felipe-santa-cruz-e-eleito-novo-presidente-da-oab\/feli\/\" data-orig-file=\"https:\/\/i0.wp.com\/blogdalucianaoliveira.com.br\/blog\/wp-content\/uploads\/2019\/02\/feli.jpg?fit=1002%2C357\" data-orig-size=\"1002,357\" data-comments-opened=\"0\" data-image-meta=\"{&quot;aperture&quot;:&quot;0&quot;,&quot;credit&quot;:&quot;&quot;,&quot;camera&quot;:&quot;&quot;,&quot;caption&quot;:&quot;&quot;,&quot;created_timestamp&quot;:&quot;0&quot;,&quot;copyright&quot;:&quot;&quot;,&quot;focal_length&quot;:&quot;0&quot;,&quot;iso&quot;:&quot;0&quot;,&quot;shutter_speed&quot;:&quot;0&quot;,&quot;title&quot;:&quot;&quot;,&quot;orientation&quot;:&quot;0&quot;}\" data-image-title=\"feli\" data-image-description=\"\" data-image-caption=\"\" data-medium-file=\"https:\/\/i0.wp.com\/blogdalucianaoliveira.com.br\/blog\/wp-content\/uploads\/2019\/02\/feli.jpg?fit=300%2C107\" data-large-file=\"https:\/\/i0.wp.com\/blogdalucianaoliveira.com.br\/blog\/wp-content\/uploads\/2019\/02\/feli.jpg?fit=600%2C214\" src=\"https:\/\/i0.wp.com\/deolhonosruralistas.com.br\/wp-content\/uploads\/2020\/12\/8258419_x720.jpg?resize=300%2C169&amp;ssl=1\" alt=\"\" class=\"wp-image-20328\"\/><figcaption>Zequinha Marinho negou exist\u00eancia de ind\u00edgenas isolados. (Foto: Reprodu\u00e7\u00e3o)<\/figcaption><\/figure>\n\n\n\n<p>Vice-presidente da FPA no Senado, Marinho tamb\u00e9m se conecta a outros dois agraciados com a medalha do \u201cm\u00e9rito indigenista\u201d. Em 2020, quando o ministro do TCU Jorge Antonio era secret\u00e1rio-geral da Presid\u00eancia, o senador paraense se reuniu com ele para discutir \u201cconflitos agr\u00e1rios na&nbsp;<a href=\"https:\/\/www.gov.br\/secretariageral\/pt-br\/acesso-a-informacao\/agenda-de-autoridades\/gabinete-do-ministro\/agendas-de-ministros-anteriores\/ministro-jorge-antonio-de-oliveira\/2020-02-19\">pretensa<\/a>&nbsp;terra ind\u00edgena Ituna-Itat\u00e1\u201d. O parlamentar \u00e9 defensor declarado de empres\u00e1rios como&nbsp;<a href=\"https:\/\/infoamazonia.org\/2022\/02\/01\/funai-encurta-prazo-e-da-seis-meses-para-tecnicos-confirmarem-indigenas-isolados-em-ituna-itata\/\">Jassonio Costa Leite<\/a>, apontado como um dos principais grileiros da regi\u00e3o.<\/p>\n\n\n\n<p>Al\u00e9m do ex-secret\u00e1rio, Marinho tamb\u00e9m \u00e9 pr\u00f3ximo da deputada Carla Zambelli (Uni\u00e3o-SP), cujo marido, o coronel da Pol\u00edcia Militar Ant\u00f4nio Aginaldo de Oliveira tamb\u00e9m foi homenageado. Atual chefe da For\u00e7a Nacional, Oliveira comandou, em 2008, a opera\u00e7\u00e3o \u201cArco De Fogo\u201d, realizada em parceria com Ibama, Funai e PF, para combater crimes ambientais e \u201cplantio de maconha\u201d em Reservas Ind\u00edgenas da Amaz\u00f4nia Legal. Cinco anos depois, a Justi\u00e7a&nbsp;<a href=\"https:\/\/www.olharjuridico.com.br\/noticias\/exibir.asp?id=12354&amp;noticia=justica-federal-anula-acoes-da-operacao-arco-de-fogo-e-extingue-multa-de-r-550-mil&amp;fbclid=IwAR2StmTmX0XAG8OHEi2RfcelIwxwn0lKSKJlkFXCUdx5P9tiBNAE6abnpEE\">anulou<\/a>&nbsp;as a\u00e7\u00f5es e extinguiu as multas aplicadas, na ordem de R$ 550 mil.<\/p>\n\n\n\n<h3 class=\"wp-block-heading\">IRM\u00c3O DE MINISTRO DESMATOU \u00c1REA IND\u00cdGENA<\/h3>\n\n\n\n<p>Afastado dos holofotes desde sua sa\u00edda da C\u00e2mara, em 2005, o ex-deputado Jo\u00e3o Ribeiro Nardes ocupa desde 2012 o cargo de ministro do Tribunal de Contas da Uni\u00e3o (TCU). No ano seguinte, escreveu um livro contando a saga do trisav\u00f4, o bandeirante Pedro Ribeiro Nardes, que no s\u00e9culo XIX \u201cguerreou\u201d contra ind\u00edgenas na regi\u00e3o que hoje abrange o munic\u00edpio de Bauru (SP).<\/p>\n\n\n\n<p>Em entrevista ao jornal&nbsp;<a href=\"https:\/\/www.jcnet.com.br\/noticias\/politica\/2013\/11\/394712-trisavo-do-presidente-do-tcu-lutou-contra-indios-de-bauru-no-seculo-xviii.html\">JCNet<\/a>, quando do lan\u00e7amento do livro, Nardes defendeu o legado controverso de seu antepassado: \u201cEle foi dado como morto, inclusive em uma carta destinada ao ent\u00e3o governador porque sumiu depois do confronto com os ind\u00edgenas\u201d, afirmou.<\/p>\n\n\n\n<p>A tend\u00eancia ao conflito com os povos origin\u00e1rios segue no DNA da fam\u00edlia. Nardes \u00e9 irm\u00e3o do produtor de soja Jos\u00e9 Otaviano Ribeiro Nardes, um dos principais l\u00edderes ruralistas de Primavera do Leste (MT). Ex-presidente do Sindicato Rural da regi\u00e3o, ele foi respons\u00e1vel por um plano que prev\u00ea o desmatamento de 11 mil hectares de cerrado na TI Sangradouro, em Poxor\u00e9u (MT).<\/p>\n\n\n\n<p>O \u201cprojeto\u201d, como ele denomina, teve apoio de Bolsonaro e de Marcelo Xavier. \u201cSem o apoio do presidente da Rep\u00fablica e da Funai n\u00f3s n\u00e3o ter\u00edamos conseguido\u201d, disse Jos\u00e9 Nardes \u00e0 coluna de Rubens Valente, no&nbsp;<a href=\"https:\/\/noticias.uol.com.br\/colunas\/rubens-valente\/2021\/10\/27\/terras-indigenas-funai-governo-bolsonaro-plantio.htm#:~:text=O%20desmatamento%20de%2011%20mil,entre%20lideran%C3%A7as%20ind%C3%ADgenas%20xavantes%20e\">UOL<\/a>. \u201cS\u00f3 conseguimos em fun\u00e7\u00e3o do total apoio. A Funai em Bras\u00edlia \u00e9 uma extens\u00e3o do nosso projeto\u201d. O fazendeiro pretende plantar soja, arroz e milho no local.<\/p>\n\n\n\n<p>|&nbsp;<a href=\"https:\/\/twitter.com\/brunosbassi\">Bruno Stankevicius Bassi<\/a>&nbsp;\u00e9 coordenador de projetos do De Olho nos Ruralistas. |<\/p>\n\n\n\n<p>||&nbsp;<a href=\"https:\/\/twitter.com\/marifrancoramos\">Mariana Franco Ramos<\/a>&nbsp;\u00e9 rep\u00f3rter do observat\u00f3rio. ||<\/p>\n\n\n\n<p><em>Imagem principal (Reprodu\u00e7\u00e3o): Bolsonaro ao lado do ministro da Justi\u00e7a, Anderson Torres, e de Marcelo Xavier, presidente da Funai, em auto-homenagem<\/em><\/p>\n","protected":false},"excerpt":{"rendered":"<p>Portaria publicada pelo ministro da Justi\u00e7a concede honraria ao agr\u00f4nomo Evandro Biesdorf, afastado de demarca\u00e7\u00f5es no MT por favorecer ruralistas; lista de agraciados inclui defensores do Marco Temporal e o presidente anti-ind\u00edgena da Funai<\/p>\n","protected":false},"author":1,"featured_media":0,"comment_status":"closed","ping_status":"open","sticky":false,"template":"","format":"standard","meta":{"_exactmetrics_skip_tracking":false,"_exactmetrics_sitenote_active":false,"_exactmetrics_sitenote_note":"","_exactmetrics_sitenote_category":0,"jetpack_post_was_ever_published":false,"_jetpack_newsletter_access":"","_jetpack_dont_email_post_to_subs":false,"_jetpack_newsletter_tier_id":0,"_jetpack_memberships_contains_paywalled_content":false,"_jetpack_memberships_contains_paid_content":false,"footnotes":"","jetpack_publicize_message":"","jetpack_publicize_feature_enabled":true,"jetpack_social_post_already_shared":true,"jetpack_social_options":{"image_generator_settings":{"template":"highway","enabled":false},"version":2}},"categories":[1],"tags":[],"class_list":["post-33464","post","type-post","status-publish","format-standard","hentry","category-notas"],"jetpack_publicize_connections":[],"jetpack_sharing_enabled":true,"jetpack_featured_media_url":"","jetpack_shortlink":"https:\/\/wp.me\/p7wKYW-8HK","jetpack-related-posts":[],"_links":{"self":[{"href":"http:\/\/blogdalucianaoliveira.com.br\/blog\/wp-json\/wp\/v2\/posts\/33464","targetHints":{"allow":["GET"]}}],"collection":[{"href":"http:\/\/blogdalucianaoliveira.com.br\/blog\/wp-json\/wp\/v2\/posts"}],"about":[{"href":"http:\/\/blogdalucianaoliveira.com.br\/blog\/wp-json\/wp\/v2\/types\/post"}],"author":[{"embeddable":true,"href":"http:\/\/blogdalucianaoliveira.com.br\/blog\/wp-json\/wp\/v2\/users\/1"}],"replies":[{"embeddable":true,"href":"http:\/\/blogdalucianaoliveira.com.br\/blog\/wp-json\/wp\/v2\/comments?post=33464"}],"version-history":[{"count":1,"href":"http:\/\/blogdalucianaoliveira.com.br\/blog\/wp-json\/wp\/v2\/posts\/33464\/revisions"}],"predecessor-version":[{"id":33465,"href":"http:\/\/blogdalucianaoliveira.com.br\/blog\/wp-json\/wp\/v2\/posts\/33464\/revisions\/33465"}],"wp:attachment":[{"href":"http:\/\/blogdalucianaoliveira.com.br\/blog\/wp-json\/wp\/v2\/media?parent=33464"}],"wp:term":[{"taxonomy":"category","embeddable":true,"href":"http:\/\/blogdalucianaoliveira.com.br\/blog\/wp-json\/wp\/v2\/categories?post=33464"},{"taxonomy":"post_tag","embeddable":true,"href":"http:\/\/blogdalucianaoliveira.com.br\/blog\/wp-json\/wp\/v2\/tags?post=33464"}],"curies":[{"name":"wp","href":"https:\/\/api.w.org\/{rel}","templated":true}]}}