{"id":33466,"date":"2022-03-21T09:07:23","date_gmt":"2022-03-21T13:07:23","guid":{"rendered":"http:\/\/blogdalucianaoliveira.com.br\/blog\/?p=33466"},"modified":"2022-03-21T09:07:27","modified_gmt":"2022-03-21T13:07:27","slug":"pedidos-de-mineracao-de-potassio-disparam-em-2022-e-ameacam-assentamentos-da-reforma-agraria","status":"publish","type":"post","link":"http:\/\/blogdalucianaoliveira.com.br\/blog\/2022\/03\/21\/pedidos-de-mineracao-de-potassio-disparam-em-2022-e-ameacam-assentamentos-da-reforma-agraria\/","title":{"rendered":"Pedidos de minera\u00e7\u00e3o de pot\u00e1ssio disparam em 2022 e amea\u00e7am assentamentos da reforma agr\u00e1ria"},"content":{"rendered":"\n<figure class=\"wp-block-image\"><img data-recalc-dims=\"1\" decoding=\"async\" src=\"https:\/\/i0.wp.com\/images03.brasildefato.com.br\/561c2633cc72a3120fb2821f22012efe.jpeg?w=600&#038;ssl=1\" alt=\"\"\/><\/figure>\n\n\n\n<h4 class=\"wp-block-heading\">Em meio a conflito na Ucr\u00e2nia, empresas do ramo de fertilizantes querem explorar territ\u00f3rio extrativista na Amaz\u00f4nia<\/h4>\n\n\n\n<!--more-->\n\n\n\n<p>Murilo Pajolla &#8211; Brasil de Fato | L\u00e1brea (AM) <\/p>\n\n\n\n<p>Nas duas primeiras semanas de 2022, a&nbsp;Ag\u00eancia Nacional da Minera\u00e7\u00e3o (ANM) recebeu 13 pedidos de minera\u00e7\u00e3o de pot\u00e1ssio. O n\u00famero j\u00e1 \u00e9 maior do que os nove requerimentos registrados em todo o ano passado.&nbsp;Em 2020, foram 17 pedidos; em 2019, 41;&nbsp;e em 2018, seis solicita\u00e7\u00f5es. &nbsp;<\/p>\n\n\n\n<p>Dos 13 pedidos registrados neste ano, seis se&nbsp;sobrep\u00f5em a duas \u00e1reas destinadas \u00e0 reforma agr\u00e1ria no Amazonas. Outro pedido, em Sergipe, incide sobre tr\u00eas assentamentos. Os estados guardam as principais reservas de pot\u00e1ssio no pa\u00eds, junto com Minas Gerais e S\u00e3o Paulo.&nbsp;<\/p>\n\n\n\n<p>A conclus\u00e3o \u00e9 de um levantamento realizado pelo&nbsp;<strong>Brasil de Fato<\/strong>&nbsp;com base em dados p\u00fablicos disponibilizados pela&nbsp;ANM. A an\u00e1lise levou em considera\u00e7\u00e3o requerimentos de pesquisa ativos de sais de pot\u00e1ssio protocolados entre 1\u00ba de janeiro e 15 de mar\u00e7o de 2022.<\/p>\n\n\n\n<figure class=\"wp-block-image\"><img data-recalc-dims=\"1\" decoding=\"async\" src=\"https:\/\/i0.wp.com\/images03.brasildefato.com.br\/14b77393203be73e0745a87458e198c6.jpeg?w=600&#038;ssl=1\" alt=\"\"\/><\/figure>\n\n\n\n<p><br>Mapa do assentamento Axinim \/ Arte: Brasil de Fato<\/p>\n\n\n\n<p>Reforma agr\u00e1ria na mira do&nbsp;agroneg\u00f3cio&nbsp;<\/p>\n\n\n\n<p>O pot\u00e1ssio \u00e9 utilizado na produ\u00e7\u00e3o industrial de fertilizantes agr\u00edcolas para o agroneg\u00f3cio. Quase todo o insumo consumido no Brasil \u00e9 importado, e metade \u00e9 trazido da R\u00fassia. Com o&nbsp;<a href=\"https:\/\/www.brasildefato.com.br\/minuto-a-minuto\/conflito-na-ucrania\" target=\"_blank\" rel=\"noreferrer noopener\">conflito na Ucr\u00e2nia<\/a>, os pre\u00e7os dispararam, e o governo de Jair Bolsonaro (PL) elaborou um plano de est\u00edmulo \u00e0 nacionaliza\u00e7\u00e3o da produ\u00e7\u00e3o.<\/p>\n\n\n\n<p>Os autores dos pedidos analisados pela reportagem n\u00e3o s\u00e3o grandes mineradoras, mas empres\u00e1rios brasileiros ligados a&nbsp;produ\u00e7\u00e3o e comercializa\u00e7\u00e3o de fertilizantes e a&nbsp;especula\u00e7\u00e3o fundi\u00e1ria. Com investimentos milion\u00e1rios, os CNPJs s\u00e3o registrados em Bras\u00edlia (DF), Minas Gerais, Goi\u00e1s e interior de S\u00e3o Paulo.<\/p>\n\n\n\n<p>Por outro lado, os assentamentos afetados s\u00e3o habitados por 1,5 mil fam\u00edlias de pequenos agricultores e extrativistas, que dependem da conserva\u00e7\u00e3o ambiental para sobreviver.&nbsp;<\/p>\n\n\n\n<p>&#8220;Esses assentamentos s\u00e3o&nbsp;grandes \u00e1reas de prote\u00e7\u00e3o ambiental, pela pr\u00f3pria l\u00f3gica existencial das fam\u00edlias assentadas. Essa n\u00e3o \u00e9 a l\u00f3gica dos grandes empreendimentos, da minera\u00e7\u00e3o e do agroneg\u00f3cio. A&nbsp;l\u00f3gica deles \u00e9 do lucro&#8221;, afirma Sabrina Diniz, diretora da Associa\u00e7\u00e3o Brasileira de Reforma Agr\u00e1ria (Abra).&nbsp;<\/p>\n\n\n\n<p>&#8220;Em um pa\u00eds que est\u00e1 vivendo o avan\u00e7o da fome, seria imprescind\u00edvel que essas pessoas tivessem garantido seu direito de produzir alimentos&#8221;, complementa.&nbsp;<\/p>\n\n\n\n<figure class=\"wp-block-image\"><img data-recalc-dims=\"1\" decoding=\"async\" src=\"https:\/\/i0.wp.com\/images01.brasildefato.com.br\/265a03669e94698a69371b38a4acaab5.jpeg?w=600&#038;ssl=1\" alt=\"\"\/><\/figure>\n\n\n\n<p><br>Mapa do assentamento Nova Olinda do Norte&nbsp;\/ Arte: Brasil de Fato<\/p>\n\n\n\n<p>Assentamentos afetados&nbsp;<\/p>\n\n\n\n<p>O maior territ\u00f3rio afetado pelos requerimentos miner\u00e1rios deste ano \u00e9 o Projeto de Assentamento Agroextrativista (PAA) Curupira, em Nova Olinda do Norte (AM), munic\u00edpio a 135 quil\u00f4metros em linha reta da capital de Manaus.&nbsp;<\/p>\n\n\n\n<p>Lar de 1,2 mil fam\u00edlias, o PAA Curupira \u00e9 alvo de cinco pedidos de minera\u00e7\u00e3o que totalizam cerca de 450 quil\u00f4metros quadrados, \u00e1rea pouco maior do que a zona urbana da capital amazonense.<\/p>\n\n\n\n<p>No munic\u00edpio vizinho de Borba (AM), outro requerimento de explora\u00e7\u00e3o de pot\u00e1ssio se sobrep\u00f5e a aproximadamente um ter\u00e7o do Projeto de Desenvolvimento Sustent\u00e1vel (PDS) Axinim, onde vivem&nbsp;43 fam\u00edlias, segundo o Incra.&nbsp;<\/p>\n\n\n\n<p>J\u00e1 em Sergipe, um pedido abrange quase 100% dos Projetos de Assentamentos (PAs) Olga Ben\u00e1rio e Celso Furtado, al\u00e9m de uma pequena por\u00e7\u00e3o do PA Hugo Her\u00e9dia, que fica em uma \u00e1rea de restinga.&nbsp;<\/p>\n\n\n\n<p>Os tr\u00eas assentamentos est\u00e3o no munic\u00edpio de Santo Amaro das Brotas (SE), a 40 quil\u00f4metros da capital Aracaju. Nessa regi\u00e3o, a&nbsp;vegeta\u00e7\u00e3o costeira vem sofrendo degrada\u00e7\u00e3o ambiental resultante da extra\u00e7\u00e3o de madeira, queimadas e do uso da terra para agricultura.&nbsp;<\/p>\n\n\n\n<figure class=\"wp-block-image\"><img data-recalc-dims=\"1\" decoding=\"async\" src=\"https:\/\/i0.wp.com\/images02.brasildefato.com.br\/36146318205653ec658401c8aa4c11ef.jpeg?w=600&#038;ssl=1\" alt=\"\"\/><\/figure>\n\n\n\n<p><br>Mapa dos assentamentos em Sergipe \/ Arte: Brasil de Fato<\/p>\n\n\n\n<p>Quem s\u00e3o os empres\u00e1rios?<\/p>\n\n\n\n<p>Por tr\u00e1s dos autores desses pedidos, o<strong>&nbsp;Brasil de Fato&nbsp;<\/strong>identificouuma rede de empresas que declararam atuar na fabrica\u00e7\u00e3o e com\u00e9rcio de fertilizantes, al\u00e9m da especula\u00e7\u00e3o fundi\u00e1ria. A pesquisa foi feita com base em dados p\u00fablicos informados pelos pr\u00f3prios empres\u00e1rios \u00e0 Receita Federal.&nbsp;<\/p>\n\n\n\n<p>Nos assentamentos Curupira e Axinim, no Amazonas, a autoria dos pedidos \u00e9 da Gbg Trade Consult Group, sediada no munic\u00edpio de Formosa (GO). No cadastro do CNPJ, a empresa informou o \u201ccom\u00e9rcio atacadista de defensivos agr\u00edcolas, adubos, fertilizantes e corretivos do solo\u201d. O capital social, valor injetado pelos acionistas, \u00e9 de R$ 100 mil.&nbsp;<\/p>\n\n\n\n<p>Ao que consta dos dados da ANM, a GBG \u00e9 uma estreante no ramo da minera\u00e7\u00e3o. Os primeiros requerimentos \u00e0 Ag\u00eancia foram feitos todos em 2022. Dos oito pedidos feitos pela empresa, seis se sobrep\u00f5em a assentamentos, e o restante incide sobre as \u00e1reas adjacentes \u00e0s terras destinadas \u00e0 reforma agr\u00e1ria no Amazonas.&nbsp;<\/p>\n\n\n\n<p>Na rede social&nbsp;<em>Linkedin<\/em>, o advogado Guilherme Borges Gouvea se apresenta como diretor jur\u00eddico da Gbg Trade Consult Group. Al\u00e9m de dono de um escrit\u00f3rio de advocacia em Bras\u00edlia, ele&nbsp;\u00e9 s\u00f3cio da Demetra Chemicals. Registrada no munic\u00edpio de Cravinhos (SP), a Demetra declarou desenvolver atividades de fabrica\u00e7\u00e3o e com\u00e9rcio de adubos e fertilizantes.&nbsp;<\/p>\n\n\n\n<p>S\u00f3cios em comum<\/p>\n\n\n\n<p>Junto com o advogado de Bras\u00edlia, a Demera tem no quadro societ\u00e1rio Milton Cesar Garcia Watanabe. Ele e seu pai, Milton Cesar Rodrigues Watanabe, tem juntos uma outra&nbsp;empresa, a Polomaq Buritis Com\u00e9rcio e Representa\u00e7\u00f5es de Tratores e Implementos. Com endere\u00e7o em Buritis (MG), a Palomaq declarou ter faturamento de at\u00e9 R$ 30 milh\u00f5es, com a venda de m\u00e1quinas, aparelhos e equipamentos para uso agropecu\u00e1rio, cria\u00e7\u00e3o de bovinos e cultivo de soja, laranja e eucalipto.&nbsp;<\/p>\n\n\n\n<p>O \u201cfio\u201d dos interessados nas terras da&nbsp;reforma agr\u00e1ria do Amazonas termina na MW Cereals Agroneg\u00f3cios, cujo quadro societ\u00e1rio \u00e9 composto por Milton Cesar Rodrigues Watanabe e Paulo Cesar Martins. Com capital social de R$ 45 milh\u00f5es, a MW Cereals declarou atuar no com\u00e9rcio de insumos agr\u00edcolas, entre eles defensivos, adubos, fertilizantes e corretivos do solo.<\/p>\n\n\n\n<figure class=\"wp-block-image\"><img data-recalc-dims=\"1\" decoding=\"async\" src=\"https:\/\/i0.wp.com\/images02.brasildefato.com.br\/86f37713036d7e0cac75eaec275f0fe1.jpeg?w=600&#038;ssl=1\" alt=\"\"\/><\/figure>\n\n\n\n<p><br>Ind\u00edgenas protestam contra a minera\u00e7\u00e3o na Esplanada dos Minist\u00e9rios em Bras\u00edlia em junho de 2021 \/ C\u00edcero Pedrosa Neto\/Amazon Watch<\/p>\n\n\n\n<p>Em Sergipe, os assentamentos Olga Ben\u00e1rio, Celso Furtado e Hugo Her\u00e9dia s\u00e3o abrangidos por um pedido de minera\u00e7\u00e3o. A autoria do requerimento \u00e9 da Dord Investimentos e Participa\u00e7\u00f5es, propriedade de Joao Paulo Borges e cadastrada em Bras\u00edlia (DF).&nbsp;<\/p>\n\n\n\n<p>Com capital social de R$ 1 milh\u00e3o, a Dord declarou ser uma&nbsp;<em>holding<\/em>, tipo de empresa cuja atividade principal \u00e9 deter participa\u00e7\u00e3o acion\u00e1ria em outras empresas. Entre as atividades declaradas, est\u00e3o &#8220;apoio \u00e0 agricultura\u201d e \u201ccorretagem na compra e venda e avalia\u00e7\u00e3o de im\u00f3veis\u201d.&nbsp;<\/p>\n\n\n\n<p>A Dord n\u00e3o tem requerimentos miner\u00e1rios anteriores ao ano de 2022. Neste ano, fez outros tr\u00eas pedidos de explora\u00e7\u00e3o de pot\u00e1ssio no Sergipe, fora de terras da reforma agr\u00e1ria.&nbsp;<\/p>\n\n\n\n<p>Incra entregou&nbsp;assentamentos \u00e0 minera\u00e7\u00e3o&nbsp;<\/p>\n\n\n\n<p>No dia 3 de janeiro de 2022, entrou em vigor uma norma do Instituto Nacional de Coloniza\u00e7\u00e3o e Reforma Agr\u00e1ria (Incra) que permite a venda das \u00e1reas destinadas originalmente \u00e0 reforma agr\u00e1ria para empreendimentos de minera\u00e7\u00e3o, gera\u00e7\u00e3o de energia e projetos de infraestrutura.&nbsp;<\/p>\n\n\n\n<p>Segundo&nbsp;<a href=\"https:\/\/infoamazonia.org\/2022\/01\/07\/incra-autoriza-venda-de-assentamentos-para-mineracao-energia-e-infraestrutura-sem-consulta-publica\/\" target=\"_blank\" rel=\"noreferrer noopener\">reportagem do&nbsp;<em>InfoAmaz\u00f4nia<\/em><\/a>, a medida tem o potencial de destravar 20 mil requerimentos de explora\u00e7\u00e3o de min\u00e9rios &#8211; principalmente ouro, ferro e cobre &#8211; em terras p\u00fablicas federais do Incra.&nbsp;<\/p>\n\n\n\n<p>&#8220;O agroneg\u00f3cio parte de uma l\u00f3gica de reconquistar latif\u00fandios &#8216;perdidos&#8217; para a luta dos movimentos sociais nos \u00faltimos 30 anos. E&nbsp;que agora tentam ser retomados por meio da facilita\u00e7\u00e3o do governo federal e da tentativa absurda de explora\u00e7\u00e3o e destrui\u00e7\u00e3o ambiental&#8221;, avalia Sabrina Diniz, da Abra.&nbsp;&nbsp;<\/p>\n\n\n\n<p>Outro Lado<\/p>\n\n\n\n<p>O&nbsp;<strong>Brasil de Fato&nbsp;<\/strong>procurou, via telefone e e-mail, o Incra e todas as empresas e empres\u00e1rios citados. Ningu\u00e9m&nbsp;havia respondido at\u00e9 a publica\u00e7\u00e3o. Caso haja retorno, o texto ser\u00e1 atualizado.&nbsp;&nbsp;<\/p>\n\n\n\n<p>Edi\u00e7\u00e3o: Vivian Virissimo<\/p>\n","protected":false},"excerpt":{"rendered":"<p>Em meio a conflito na Ucr\u00e2nia, empresas do ramo de fertilizantes querem explorar territ\u00f3rio extrativista na Amaz\u00f4nia<\/p>\n","protected":false},"author":1,"featured_media":0,"comment_status":"closed","ping_status":"open","sticky":false,"template":"","format":"standard","meta":{"_exactmetrics_skip_tracking":false,"_exactmetrics_sitenote_active":false,"_exactmetrics_sitenote_note":"","_exactmetrics_sitenote_category":0,"jetpack_post_was_ever_published":false,"_jetpack_newsletter_access":"","_jetpack_dont_email_post_to_subs":false,"_jetpack_newsletter_tier_id":0,"_jetpack_memberships_contains_paywalled_content":false,"_jetpack_memberships_contains_paid_content":false,"footnotes":"","jetpack_publicize_message":"","jetpack_publicize_feature_enabled":true,"jetpack_social_post_already_shared":true,"jetpack_social_options":{"image_generator_settings":{"template":"highway","enabled":false},"version":2}},"categories":[1],"tags":[],"class_list":["post-33466","post","type-post","status-publish","format-standard","hentry","category-notas"],"jetpack_publicize_connections":[],"jetpack_sharing_enabled":true,"jetpack_featured_media_url":"","jetpack_shortlink":"https:\/\/wp.me\/p7wKYW-8HM","jetpack-related-posts":[],"_links":{"self":[{"href":"http:\/\/blogdalucianaoliveira.com.br\/blog\/wp-json\/wp\/v2\/posts\/33466","targetHints":{"allow":["GET"]}}],"collection":[{"href":"http:\/\/blogdalucianaoliveira.com.br\/blog\/wp-json\/wp\/v2\/posts"}],"about":[{"href":"http:\/\/blogdalucianaoliveira.com.br\/blog\/wp-json\/wp\/v2\/types\/post"}],"author":[{"embeddable":true,"href":"http:\/\/blogdalucianaoliveira.com.br\/blog\/wp-json\/wp\/v2\/users\/1"}],"replies":[{"embeddable":true,"href":"http:\/\/blogdalucianaoliveira.com.br\/blog\/wp-json\/wp\/v2\/comments?post=33466"}],"version-history":[{"count":1,"href":"http:\/\/blogdalucianaoliveira.com.br\/blog\/wp-json\/wp\/v2\/posts\/33466\/revisions"}],"predecessor-version":[{"id":33467,"href":"http:\/\/blogdalucianaoliveira.com.br\/blog\/wp-json\/wp\/v2\/posts\/33466\/revisions\/33467"}],"wp:attachment":[{"href":"http:\/\/blogdalucianaoliveira.com.br\/blog\/wp-json\/wp\/v2\/media?parent=33466"}],"wp:term":[{"taxonomy":"category","embeddable":true,"href":"http:\/\/blogdalucianaoliveira.com.br\/blog\/wp-json\/wp\/v2\/categories?post=33466"},{"taxonomy":"post_tag","embeddable":true,"href":"http:\/\/blogdalucianaoliveira.com.br\/blog\/wp-json\/wp\/v2\/tags?post=33466"}],"curies":[{"name":"wp","href":"https:\/\/api.w.org\/{rel}","templated":true}]}}