{"id":33474,"date":"2022-03-22T17:41:10","date_gmt":"2022-03-22T21:41:10","guid":{"rendered":"http:\/\/blogdalucianaoliveira.com.br\/blog\/?p=33474"},"modified":"2022-03-22T17:41:15","modified_gmt":"2022-03-22T21:41:15","slug":"dizimo-do-mec-falcatruas-ja-nao-escandalizam","status":"publish","type":"post","link":"http:\/\/blogdalucianaoliveira.com.br\/blog\/2022\/03\/22\/dizimo-do-mec-falcatruas-ja-nao-escandalizam\/","title":{"rendered":"\u201cD\u00edzimo do MEC\u201d: falcatruas j\u00e1 n\u00e3o escandalizam"},"content":{"rendered":"\n<figure class=\"wp-block-image size-large\"><img data-recalc-dims=\"1\" loading=\"lazy\" decoding=\"async\" width=\"600\" height=\"348\" data-attachment-id=\"33475\" data-permalink=\"http:\/\/blogdalucianaoliveira.com.br\/blog\/2022\/03\/22\/dizimo-do-mec-falcatruas-ja-nao-escandalizam\/ebc9ede0-8b57-49b4-9b49-a8eabfdd4e8c\/\" data-orig-file=\"https:\/\/i0.wp.com\/blogdalucianaoliveira.com.br\/blog\/wp-content\/uploads\/2022\/03\/EBC9EDE0-8B57-49B4-9B49-A8EABFDD4E8C.jpeg?fit=621%2C360\" data-orig-size=\"621,360\" data-comments-opened=\"0\" data-image-meta=\"{&quot;aperture&quot;:&quot;0&quot;,&quot;credit&quot;:&quot;&quot;,&quot;camera&quot;:&quot;&quot;,&quot;caption&quot;:&quot;&quot;,&quot;created_timestamp&quot;:&quot;0&quot;,&quot;copyright&quot;:&quot;&quot;,&quot;focal_length&quot;:&quot;0&quot;,&quot;iso&quot;:&quot;0&quot;,&quot;shutter_speed&quot;:&quot;0&quot;,&quot;title&quot;:&quot;&quot;,&quot;orientation&quot;:&quot;0&quot;}\" data-image-title=\"EBC9EDE0-8B57-49B4-9B49-A8EABFDD4E8C\" data-image-description=\"\" data-image-caption=\"\" data-medium-file=\"https:\/\/i0.wp.com\/blogdalucianaoliveira.com.br\/blog\/wp-content\/uploads\/2022\/03\/EBC9EDE0-8B57-49B4-9B49-A8EABFDD4E8C.jpeg?fit=300%2C174\" data-large-file=\"https:\/\/i0.wp.com\/blogdalucianaoliveira.com.br\/blog\/wp-content\/uploads\/2022\/03\/EBC9EDE0-8B57-49B4-9B49-A8EABFDD4E8C.jpeg?fit=600%2C348\" src=\"https:\/\/i0.wp.com\/blogdalucianaoliveira.com.br\/blog\/wp-content\/uploads\/2022\/03\/EBC9EDE0-8B57-49B4-9B49-A8EABFDD4E8C.jpeg?resize=600%2C348\" alt=\"\" class=\"wp-image-33475\" srcset=\"https:\/\/i0.wp.com\/blogdalucianaoliveira.com.br\/blog\/wp-content\/uploads\/2022\/03\/EBC9EDE0-8B57-49B4-9B49-A8EABFDD4E8C.jpeg?w=621 621w, https:\/\/i0.wp.com\/blogdalucianaoliveira.com.br\/blog\/wp-content\/uploads\/2022\/03\/EBC9EDE0-8B57-49B4-9B49-A8EABFDD4E8C.jpeg?resize=300%2C174 300w, https:\/\/i0.wp.com\/blogdalucianaoliveira.com.br\/blog\/wp-content\/uploads\/2022\/03\/EBC9EDE0-8B57-49B4-9B49-A8EABFDD4E8C.jpeg?resize=518%2C300 518w\" sizes=\"auto, (max-width: 600px) 100vw, 600px\" \/><\/figure>\n\n\n\n<p>Tijola\u00e7o, por Fernando Brito &#8211; Infelizmente, n\u00e3o soa absurdo que a alegada insurrei\u00e7\u00e3o da bancada evang\u00e9lica diante da revela\u00e7\u00e3o de que o ministro-pastor da Educa\u00e7\u00e3o, M\u00edlton Ribeiro,\u00a0<a rel=\"noreferrer noopener\" href=\"https:\/\/www.metropoles.com\/colunas\/igor-gadelha\/bancada-evangelica-da-24h-para-ministro-da-educacao-explicar-audio\" target=\"_blank\">cuidava de atender com prioridade amigos de Jair Bolsonaro<\/a>, estariam abiscoitando cr\u00e9ditos dados pelo minist\u00e9rio em neg\u00f3cios com prefeitos do interior, seja antes uma disputa de quem ter\u00e1 os favores e privil\u00e9gios na distribui\u00e7\u00e3o de verbas do MEC do que uma indigna\u00e7\u00e3o leg\u00edtima contra o fato de que dois pastores espertalh\u00f5es levavam vantagens indevidas.<\/p>\n\n\n\n<!--more-->\n\n\n\n<p>Depois dos picaretas que surgiram negociando lotes de milh\u00f5es de vacinas \u2013 e completamente impunes, depois de quase um ano de reveladas falcatruas, ser\u00e1 que algu\u00e9m ainda pode escandalizar-se com uma \u201ca\u00e7\u00e3o entre amigos presidenciais?\u201d.<\/p>\n\n\n\n<p>M\u00edlton Ribeiro, cujas opini\u00f5es pedag\u00f3gicas incluem castigos corporais \u2013 \u201c<a href=\"https:\/\/twitter.com\/i\/status\/1281723593970286592\" target=\"_blank\" rel=\"noreferrer noopener\">as crian\u00e7as devem sentir dor<\/a>\u201d -recebeu o minist\u00e9rio por influ\u00eancia do pastor Andr\u00e9 Mendon\u00e7a, atual ministro do Supremo Tribunal Federal (STF).<\/p>\n\n\n\n<p>Se cair, ser\u00e1 sucedido por outro que, quase que certamente, praticar\u00e1 os mesmos favores, guiado agora pela \u201cbancada evang\u00e9lica\u201d que se insurge contra Ribeiro.<\/p>\n\n\n\n<p>O oportunismo da f\u00e9, onde os fi\u00e9is s\u00e3o usados como rebanhos eleitorais para abrir as porteiras dos minist\u00e9rios dos cofres p\u00fablicos virou algo comum e n\u00e3o s\u00e3o dois ou tr\u00eas amigos evang\u00e9licos que coram de vergonha com o que est\u00e3o vendo fazerem os&nbsp;<em>neofarisaicos<\/em>.<\/p>\n\n\n\n<p>\u00c9 pior, por\u00e9m, o que fazem com a consci\u00eancia nacional, que perdeu, em grande parte, a capacidade de levantar o chicote contra o mercadejar da f\u00e9.<\/p>\n\n\n\n<p>Ribeiro ser\u00e1 s\u00f3 mais um na inacredit\u00e1vel fieira de desqualificados que Jair Bolsonaro colocou no minist\u00e9rio da Educa\u00e7\u00e3o, que deveria ser a joia da coroa de um pa\u00eds atrasado e injusto.<\/p>\n\n\n\n<p>Em mat\u00e9ria de Educa\u00e7\u00e3o, parece que s\u00f3 conseguimos aprender a calcular os 10%<\/p>\n","protected":false},"excerpt":{"rendered":"<p>Tijola\u00e7o, por Fernando Brito &#8211; Infelizmente, n\u00e3o soa absurdo que a alegada insurrei\u00e7\u00e3o da bancada evang\u00e9lica diante da revela\u00e7\u00e3o de que o ministro-pastor da Educa\u00e7\u00e3o, M\u00edlton Ribeiro,\u00a0cuidava de atender com prioridade amigos de Jair Bolsonaro, estariam abiscoitando cr\u00e9ditos dados pelo minist\u00e9rio em neg\u00f3cios com prefeitos do interior, seja antes uma disputa de quem ter\u00e1 os&#8230;<a class=\"more-link\" href=\"http:\/\/blogdalucianaoliveira.com.br\/blog\/2022\/03\/22\/dizimo-do-mec-falcatruas-ja-nao-escandalizam\/\">Continue a leitura <span class=\"meta-nav\">&raquo;<\/span><\/a><\/p>\n","protected":false},"author":1,"featured_media":0,"comment_status":"closed","ping_status":"open","sticky":false,"template":"","format":"standard","meta":{"_exactmetrics_skip_tracking":false,"_exactmetrics_sitenote_active":false,"_exactmetrics_sitenote_note":"","_exactmetrics_sitenote_category":0,"jetpack_post_was_ever_published":false,"_jetpack_newsletter_access":"","_jetpack_dont_email_post_to_subs":false,"_jetpack_newsletter_tier_id":0,"_jetpack_memberships_contains_paywalled_content":false,"_jetpack_memberships_contains_paid_content":false,"footnotes":"","jetpack_publicize_message":"","jetpack_publicize_feature_enabled":true,"jetpack_social_post_already_shared":true,"jetpack_social_options":{"image_generator_settings":{"template":"highway","enabled":false},"version":2}},"categories":[1],"tags":[],"class_list":["post-33474","post","type-post","status-publish","format-standard","hentry","category-notas"],"jetpack_publicize_connections":[],"jetpack_sharing_enabled":true,"jetpack_featured_media_url":"","jetpack_shortlink":"https:\/\/wp.me\/p7wKYW-8HU","jetpack-related-posts":[],"_links":{"self":[{"href":"http:\/\/blogdalucianaoliveira.com.br\/blog\/wp-json\/wp\/v2\/posts\/33474","targetHints":{"allow":["GET"]}}],"collection":[{"href":"http:\/\/blogdalucianaoliveira.com.br\/blog\/wp-json\/wp\/v2\/posts"}],"about":[{"href":"http:\/\/blogdalucianaoliveira.com.br\/blog\/wp-json\/wp\/v2\/types\/post"}],"author":[{"embeddable":true,"href":"http:\/\/blogdalucianaoliveira.com.br\/blog\/wp-json\/wp\/v2\/users\/1"}],"replies":[{"embeddable":true,"href":"http:\/\/blogdalucianaoliveira.com.br\/blog\/wp-json\/wp\/v2\/comments?post=33474"}],"version-history":[{"count":1,"href":"http:\/\/blogdalucianaoliveira.com.br\/blog\/wp-json\/wp\/v2\/posts\/33474\/revisions"}],"predecessor-version":[{"id":33476,"href":"http:\/\/blogdalucianaoliveira.com.br\/blog\/wp-json\/wp\/v2\/posts\/33474\/revisions\/33476"}],"wp:attachment":[{"href":"http:\/\/blogdalucianaoliveira.com.br\/blog\/wp-json\/wp\/v2\/media?parent=33474"}],"wp:term":[{"taxonomy":"category","embeddable":true,"href":"http:\/\/blogdalucianaoliveira.com.br\/blog\/wp-json\/wp\/v2\/categories?post=33474"},{"taxonomy":"post_tag","embeddable":true,"href":"http:\/\/blogdalucianaoliveira.com.br\/blog\/wp-json\/wp\/v2\/tags?post=33474"}],"curies":[{"name":"wp","href":"https:\/\/api.w.org\/{rel}","templated":true}]}}