{"id":33481,"date":"2022-03-23T17:57:16","date_gmt":"2022-03-23T21:57:16","guid":{"rendered":"http:\/\/blogdalucianaoliveira.com.br\/blog\/?p=33481"},"modified":"2022-03-23T17:57:22","modified_gmt":"2022-03-23T21:57:22","slug":"ouro-dinheiro-fila-de-pastores-o-que-se-sabe-sobre-o-bolsolao-no-ministerio-da-educacao","status":"publish","type":"post","link":"http:\/\/blogdalucianaoliveira.com.br\/blog\/2022\/03\/23\/ouro-dinheiro-fila-de-pastores-o-que-se-sabe-sobre-o-bolsolao-no-ministerio-da-educacao\/","title":{"rendered":"Ouro, dinheiro, fila de pastores: o que se sabe sobre o &#8220;Bolsol\u00e3o&#8221; no Minist\u00e9rio da Educa\u00e7\u00e3o"},"content":{"rendered":"\n<figure class=\"wp-block-image\"><img data-recalc-dims=\"1\" decoding=\"async\" src=\"https:\/\/i0.wp.com\/images01.brasildefato.com.br\/4eab50c3e9a9a233fa61a3d0326b7051.jpeg?w=600&#038;ssl=1\" alt=\"\"\/><\/figure>\n\n\n\n<h4 class=\"wp-block-heading\">Novos cap\u00edtulos se somam ao \u00e1udio de Milton Ribeiro no qual admite o favorecimento de pastores na libera\u00e7\u00e3o de recursos<\/h4>\n\n\n\n<!--more-->\n\n\n\n<p>Caroline Oliveira &#8211; Brasil de Fato | S\u00e3o Paulo (SP) <\/p>\n\n\n\n<p>Ouro e dinheiro foi o que pediu Arilton Moura, um dos pastores envolvidos no j\u00e1 denominado gabinete paralelo no Minist\u00e9rio da Educa\u00e7\u00e3o em troca da libera\u00e7\u00e3o de recursos para a constru\u00e7\u00e3o de escolas e creches. A informa\u00e7\u00e3o \u00e9 do prefeito do munic\u00edpio de Lu\u00eds Domingues (MA), Gilberto Braga (PSDB), ao jornal&nbsp;<em>O Estado de S. Paulo<\/em>.&nbsp;<\/p>\n\n\n\n<p>\u201cEle [Arilton] disse: \u2018Traz um quilo de ouro para mim\u2019. Eu fiquei calado. N\u00e3o disse nem que sim nem que n\u00e3o\u201d, afirmou Braga sobre uma conversa que teria ocorrido em abril de 2021, durante um almo\u00e7o no restaurante Tia Z\u00e9lia, em Bras\u00edlia, depois de uma reuni\u00e3o com Milton Ribeiro, ministro da Educa\u00e7\u00e3o. O quilo do ouro valia, de acordo com a cota\u00e7\u00e3o desta ter\u00e7a-feira (22), R$ 304 mil.\u00a0<br><\/p>\n\n\n\n<p>\u201cEle disse que tinha que ver a nossa demanda, de R$ 10 milh\u00f5es ou mais, tinha que dar R$ 15 mil para ele s\u00f3 protocolar [a demanda no MEC]. E, na hora que o dinheiro j\u00e1 estivesse empenhado, era para dar um tanto, X. Para mim, como a minha regi\u00e3o era \u00e1rea de minera\u00e7\u00e3o, ele pediu 1 quilo de ouro\u201d, afirmou Braga ao jornal&nbsp;<em>O Estado de S. Paulo<\/em>. &nbsp;<\/p>\n\n\n\n<p>\u201cEle [Arilton] falou, era um papo muito aberto. O neg\u00f3cio estava t\u00e3o normal l\u00e1 que ele n\u00e3o pediu segredo, ele falou no meio de todo mundo. Inclusive, tinha outros prefeitos do Par\u00e1. Ele disse: \u2018Olha, para esse daqui eu j\u00e1 mandei tantos milh\u00f5es, para outro, tantos milh\u00f5es\u2019\u201d, disse Braga. \u201cAssim mesmo eu permaneci calado, n\u00e3o aceitei a proposta.\u201d At\u00e9 o momento, os recursos n\u00e3o chegaram ao munic\u00edpio de Lu\u00eds Domingues.\u00a0<\/p>\n\n\n\n<p>O caso se soma ao \u00e1udio vazado do ministro Milton Ribeiro, no qual afirma que prioriza destinar recursos para as prefeituras cujas solicita\u00e7\u00f5es foram negociadas pelos pastores Arilton Moura e Gilmar dos Santos, a pedido do presidente Jair Bolsonaro (PL). Ambos n\u00e3o t\u00eam cargo no Minist\u00e9rio da Educa\u00e7\u00e3o e atuam em um esquema informal de obten\u00e7\u00e3o de verbas. &nbsp;<\/p>\n\n\n\n<p>&#8220;Foi um pedido especial que o presidente da Rep\u00fablica fez para mim sobre a quest\u00e3o do [pastor] Gilmar&#8221;, diz o ministro, em \u00e1udio obtido pelo jornal\u00a0<em>Folha de S. Paulo<\/em>\u00a0e publicado na tarde de segunda-feira (21). &#8220;Porque a minha prioridade \u00e9 atender primeiro os munic\u00edpios que mais precisam e, em segundo, atender a todos os que s\u00e3o amigos do pastor Gilmar&#8221;, diz o ministro em \u00e1udio.<\/p>\n\n\n\n<p>Gabinete paralelo do MEC na mira dos parlamentares&nbsp;<\/p>\n\n\n\n<p>Diante das revela\u00e7\u00f5es do gabinete paralelo no Minist\u00e9rio da Educa\u00e7\u00e3o, o deputado Professor Israel (PV-DF) apresentou nesta ter\u00e7a-feira (22) um requerimento solicitando a cria\u00e7\u00e3o de uma Comiss\u00e3o Parlamentar Mista de Inqu\u00e9rito (CPMI) para apurar o esquema de verbas na pasta. Para a comiss\u00e3o ser instalada, \u00e9 necess\u00e1ria a assinatura de pelo menos 171 deputados e 26 senadores e a autoriza\u00e7\u00e3o do presidente do Congresso Nacional, senador Rodrigo Pacheco (PSD-MG).&nbsp;<\/p>\n\n\n\n<p>&#8220;Estou muito seguro de que vamos conseguir o n\u00famero de assinaturas para a aprova\u00e7\u00e3o da CPMI com muita rapidez. Nossa proje\u00e7\u00e3o \u00e9 de que at\u00e9 a pr\u00f3xima semana consigamos ter todos os parlamentares necess\u00e1rios. A temperatura est\u00e1 subindo muito rapidamente&#8221;, disse Israel. &#8220;A cada dia, novas evid\u00eancias, cada vez mais preocupantes, s\u00e3o publicadas na imprensa. E o governo se esconde, n\u00e3o responde aos jornalistas nem \u00e0 sociedade. Ent\u00e3o, pode ser ainda antes&#8221;, completou.&nbsp;<\/p>\n\n\n\n<p><strong><a href=\"https:\/\/www.brasildefato.com.br\/2022\/01\/26\/orcamento-cortes-mostram-que-bolsonaro-nao-prioriza-educacao-trabalho-e-saude\" target=\"_blank\" rel=\"noreferrer noopener\">::Or\u00e7amento: cortes mostram que Bolsonaro n\u00e3o prioriza educa\u00e7\u00e3o, trabalho e sa\u00fade::<\/a><\/strong><\/p>\n\n\n\n<p>Em coletiva de imprensa, Pacheco disse se tratar de um caso que precisa \u201cser, naturalmente, explicado esclarecido, demonstrado, eventualmente, que n\u00e3o h\u00e1 qualquer tipo de favorecimento\u201d. Pacheco tamb\u00e9m afirmou que &#8220;o Senado Federal sempre tem a expectativa, e todos os senadores tamb\u00e9m, de um tratamento igualit\u00e1rio de todos os minist\u00e9rios, e tamb\u00e9m do Minist\u00e9rio da Educa\u00e7\u00e3o. Na minha rela\u00e7\u00e3o como presidente do Senado com o ministro da Educa\u00e7\u00e3o, Milton Ribeiro, eu nunca presenciei qualquer tipo de m\u00e1 vontade por parte do ministro. Eu confio que o MEC n\u00e3o vai fugir da regularidade e dessa rotina de tratar todos de forma igual, \u00e9 o que eu espero\u201d.&nbsp;<\/p>\n\n\n\n<p>Tamb\u00e9m nesta ter\u00e7a-feira (22), na C\u00e2mara dos Deputados, a lideran\u00e7a da minoria, Alencar Santana Braga (PT-SP), e o senador Fabiano Contarato (PT-ES) apresentaram ao Supremo Tribunal Federal (STF) separadamente dois pedidos de investiga\u00e7\u00e3o contra Jair Bolsonaro e Milton Ribeiro, ap\u00f3s as revela\u00e7\u00f5es do bolsol\u00e3o do MEC. A ministra C\u00e1rmen L\u00facia \u00e9 a relatora da not\u00edcia-crime.&nbsp;<\/p>\n\n\n\n<p>No documento enviado por Braga ao STF, o deputado afirma que o ministro da Educa\u00e7\u00e3o \u201cest\u00e1 se utilizando do cargo de ministro da Educa\u00e7\u00e3o para direcionar a atua\u00e7\u00e3o da pasta, com o evidente fito de contemplar pastores aliados que criaram um gabinete paralelo no minist\u00e9rio\u201d. &nbsp;<\/p>\n\n\n\n<p>\u201cN\u00e3o \u00e9 de hoje que o governo federal foi transformado num espa\u00e7o que n\u00e3o h\u00e1 debate do interesse p\u00fablico. O que ocorre \u00e9 a partilha do or\u00e7amento e das a\u00e7\u00f5es governamentais entre os amigos do presidente da Rep\u00fablica e de seus apoiadores\u201d, afirmou o deputado.&nbsp;<\/p>\n\n\n\n<p>J\u00e1 o senador Fabiano Contarato justifica no documento que Ribeiro, ao buscar beneficiar um grupo espec\u00edfico a partir do seu cargo na pasta, teria cometido o crime de advocacia administrativa. \u201cResta claro que o Ministro da Educa\u00e7\u00e3o, ao conceder libera\u00e7\u00e3o c\u00e9lere de recursos, priorizando atender \u2018a todos que s\u00e3o amigos do Pastor Gilmar\u2019, patrocina ou \u2018apadrinha\u2019 diretamente interesse privado perante a administra\u00e7\u00e3o p\u00fablica, valendo-se para isso da sua qualidade de funcion\u00e1rio p\u00fablico, o que configura crime de advocacia administrativa\u201d.&nbsp;<\/p>\n\n\n\n<p>Pastores no Minist\u00e9rio da Educa\u00e7\u00e3o&nbsp;<\/p>\n\n\n\n<p>Gilmar Santos e Arilton Moura se encontraram algumas vezes com o presidente Jair Bolsonaro, ministros e secret\u00e1rios. No Minist\u00e9rio da Educa\u00e7\u00e3o, somente Arilton Moura participou de 22 reuni\u00f5es.&nbsp;<\/p>\n\n\n\n<p>Com o capit\u00e3o reformado foram quatro encontros em Bras\u00edlia, sendo tr\u00eas no Pal\u00e1cio do Planalto e um no Minist\u00e9rio da Educa\u00e7\u00e3o, junto com Milton Ribeiro. &nbsp;<\/p>\n\n\n\n<p>Em mar\u00e7o de 2019, Gilmar Santos foi recebido pelo vice-presidente Hamilton Mour\u00e3o ocupando a presid\u00eancia na aus\u00eancia de Bolsonaro. Em julho do mesmo ano, a agenda do ent\u00e3o ministro da Casa Civil, Onyx Lorenzoni, tamb\u00e9m aponta para um encontro com o &#8220;Pastor Gilmar&#8221;. Em novembro ainda daquele ano, Arilton Moura se encontrou com a ministra da Agricultura, Tereza Cristina, com a presen\u00e7a do embaixador de Israel, Daniel Zonshine, e o deputado federal Vicentinho Junior (PL\/TO). Em dezembro, ministro Ciro Nogueira recebeu Gilmar e Arilton, junto com o deputado federal Jo\u00e3o Campos (Republicanos-GO). &nbsp;<\/p>\n\n\n\n<p>Em 2020, em fevereiro, ambos participaram de um evento no Minist\u00e9rio da Educa\u00e7\u00e3o.&nbsp;<\/p>\n\n\n\n<p>Por fim, no ano passado, em fevereiro, os tr\u00eas participaram de um evento no Minist\u00e9rio da Educa\u00e7\u00e3o. Em publica\u00e7\u00e3o nas suas redes sociais, Gilmar destacou que levou mais de 40 prefeitos de quatro estados &#8220;para tratar dos avan\u00e7os e desafios da educa\u00e7\u00e3o atual&#8221; para a sede da pasta. &nbsp;<\/p>\n\n\n\n<p><strong><a href=\"https:\/\/www.brasildefato.com.br\/2022\/02\/16\/universidades-federais-perdem-12-do-orcamento-durante-governo-bolsonaro\" target=\"_blank\" rel=\"noreferrer noopener\">::Universidades federais perdem 12% do or\u00e7amento durante governo Bolsonaro::<\/a><\/strong><\/p>\n\n\n\n<p>De acordo com a coluna da Malu Gaspar, no&nbsp;<em>O Globo<\/em>, pastores organizavam fila para libera\u00e7\u00e3o de verbas no Minist\u00e9rio da Educa\u00e7\u00e3o. Segundo funcion\u00e1rios da pasta, mesmo com as emendas liberadas pelo Congresso Nacional, os recursos demoravam para chegar \u00e0s prefeituras, o que era resolvido pela intermedia\u00e7\u00e3o de Gilmar Santos e Arilton Moura.&nbsp;<\/p>\n\n\n\n<p>Vistas grossas&nbsp;<\/p>\n\n\n\n<p>A despeito das revela\u00e7\u00f5es acerca do gabinete paralelo na Educa\u00e7\u00e3o, o senador Fl\u00e1vio Bolsonaro (PL-RJ), filho do presidente, ignorou a crise disse que Milton Ribeiro est\u00e1 fazendo um trabalho \u201cfenomenal\u201d na educa\u00e7\u00e3o, nesta ter\u00e7a-feira (22).&nbsp;<\/p>\n\n\n\n<p>&#8220;Na minha opini\u00e3o, deve ser o ministro da Educa\u00e7\u00e3o num segundo mandato de Bolsonaro&#8221;, disse o senador. \u201cO ministro Milton est\u00e1 fazendo um trabalho fenomenal na educa\u00e7\u00e3o, destru\u00edda por d\u00e9cadas de governos que atendiam militantes pedindo comunismo nas universidades.\u201d&nbsp;<\/p>\n\n\n\n<p>O outro lado&nbsp;<\/p>\n\n\n\n<p>O ministro da Educa\u00e7\u00e3o, Milton Ribeiro, negou o favorecimento a pastores na distribui\u00e7\u00e3o de verbas da pasta. \u201cDiferentemente do que foi veiculado, a aloca\u00e7\u00e3o de recursos federais ocorre seguindo a legisla\u00e7\u00e3o or\u00e7ament\u00e1ria, bem como os crit\u00e9rios t\u00e9cnicos do Fundo Nacional do Desenvolvimento da Educa\u00e7\u00e3o (FNDE). N\u00e3o h\u00e1 nenhuma possibilidade de o ministro determinar aloca\u00e7\u00e3o de recursos para favorecer ou desfavorecer qualquer munic\u00edpio ou estado\u201d, diz trecho da nota obtida pela&nbsp;<em>v<\/em>.&nbsp;<\/p>\n\n\n\n<p>\u201cRegistro ainda que o presidente da Rep\u00fablica n\u00e3o pediu atendimento preferencial a ningu\u00e9m, solicitou apenas que pudesse receber todos que nos procurassem, inclusive as pessoas citadas na reportagem. Da mesma forma, recebo pleitos intermediados por parlamentares, governadores, prefeitos, universidades, associa\u00e7\u00f5es p\u00fablicas e privadas. Todos os pedidos s\u00e3o encaminhados para avalia\u00e7\u00e3o das respectivas \u00e1reas t\u00e9cnicas, de acordo com legisla\u00e7\u00e3o e baseada nos princ\u00edpios da legalidade e impessoalidade\u201d, diz ele.&nbsp;<\/p>\n\n\n\n<p>Edi\u00e7\u00e3o: Vivian Virissimo<\/p>\n\n\n\n<p><\/p>\n","protected":false},"excerpt":{"rendered":"<p>Novos cap\u00edtulos se somam ao \u00e1udio de Milton Ribeiro no qual admite o favorecimento de pastores na libera\u00e7\u00e3o de recursos<\/p>\n","protected":false},"author":1,"featured_media":0,"comment_status":"closed","ping_status":"open","sticky":false,"template":"","format":"standard","meta":{"_exactmetrics_skip_tracking":false,"_exactmetrics_sitenote_active":false,"_exactmetrics_sitenote_note":"","_exactmetrics_sitenote_category":0,"jetpack_post_was_ever_published":false,"_jetpack_newsletter_access":"","_jetpack_dont_email_post_to_subs":false,"_jetpack_newsletter_tier_id":0,"_jetpack_memberships_contains_paywalled_content":false,"_jetpack_memberships_contains_paid_content":false,"footnotes":"","jetpack_publicize_message":"","jetpack_publicize_feature_enabled":true,"jetpack_social_post_already_shared":true,"jetpack_social_options":{"image_generator_settings":{"template":"highway","enabled":false},"version":2}},"categories":[1],"tags":[523,21,82],"class_list":["post-33481","post","type-post","status-publish","format-standard","hentry","category-notas","tag-bolsolao","tag-corrupcao","tag-mec"],"jetpack_publicize_connections":[],"jetpack_sharing_enabled":true,"jetpack_featured_media_url":"","jetpack_shortlink":"https:\/\/wp.me\/p7wKYW-8I1","jetpack-related-posts":[],"_links":{"self":[{"href":"http:\/\/blogdalucianaoliveira.com.br\/blog\/wp-json\/wp\/v2\/posts\/33481","targetHints":{"allow":["GET"]}}],"collection":[{"href":"http:\/\/blogdalucianaoliveira.com.br\/blog\/wp-json\/wp\/v2\/posts"}],"about":[{"href":"http:\/\/blogdalucianaoliveira.com.br\/blog\/wp-json\/wp\/v2\/types\/post"}],"author":[{"embeddable":true,"href":"http:\/\/blogdalucianaoliveira.com.br\/blog\/wp-json\/wp\/v2\/users\/1"}],"replies":[{"embeddable":true,"href":"http:\/\/blogdalucianaoliveira.com.br\/blog\/wp-json\/wp\/v2\/comments?post=33481"}],"version-history":[{"count":1,"href":"http:\/\/blogdalucianaoliveira.com.br\/blog\/wp-json\/wp\/v2\/posts\/33481\/revisions"}],"predecessor-version":[{"id":33482,"href":"http:\/\/blogdalucianaoliveira.com.br\/blog\/wp-json\/wp\/v2\/posts\/33481\/revisions\/33482"}],"wp:attachment":[{"href":"http:\/\/blogdalucianaoliveira.com.br\/blog\/wp-json\/wp\/v2\/media?parent=33481"}],"wp:term":[{"taxonomy":"category","embeddable":true,"href":"http:\/\/blogdalucianaoliveira.com.br\/blog\/wp-json\/wp\/v2\/categories?post=33481"},{"taxonomy":"post_tag","embeddable":true,"href":"http:\/\/blogdalucianaoliveira.com.br\/blog\/wp-json\/wp\/v2\/tags?post=33481"}],"curies":[{"name":"wp","href":"https:\/\/api.w.org\/{rel}","templated":true}]}}