{"id":33484,"date":"2022-03-23T18:06:48","date_gmt":"2022-03-23T22:06:48","guid":{"rendered":"http:\/\/blogdalucianaoliveira.com.br\/blog\/?p=33484"},"modified":"2022-03-23T18:06:54","modified_gmt":"2022-03-23T22:06:54","slug":"lei-aldir-blanc-senado-aprova-r-3-bilhoes-anuais-ate-2027-para-o-setor-cultural","status":"publish","type":"post","link":"http:\/\/blogdalucianaoliveira.com.br\/blog\/2022\/03\/23\/lei-aldir-blanc-senado-aprova-r-3-bilhoes-anuais-ate-2027-para-o-setor-cultural\/","title":{"rendered":"Lei Aldir Blanc: Senado aprova R$ 3 bilh\u00f5es anuais at\u00e9 2027 para o setor cultural"},"content":{"rendered":"\n<figure class=\"wp-block-image\"><img data-recalc-dims=\"1\" decoding=\"async\" src=\"https:\/\/i0.wp.com\/cdn.progresso.com.br\/upload\/dn_arquivo\/2022\/03\/5ac6539f-3107-4444-bd13-02cd6c45fcc0.jpeg?w=600&#038;ssl=1\" alt=\"C\u00e2mara aprova projeto que cria a Lei Aldir Blanc 2, de apoio permanente ao  setor cultural - O Progresso\"\/><\/figure>\n\n\n\n<h4 class=\"wp-block-heading\">Projeto transfere recursos federais para estados e munic\u00edpios financiarem iniciativas da \u00e1rea; texto vai \u00e1 san\u00e7\u00e3o de Bolsonaro.<\/h4>\n\n\n\n<!--more-->\n\n\n\n<p>Por Sara Resende e Gustavo Garcia, TV Globo e g1\u00a0\u2014 Bras\u00edlia<\/p>\n\n\n\n<p>O&nbsp;<a href=\"https:\/\/g1.globo.com\/tudo-sobre\/senado-federal\/\">Senado<\/a>&nbsp;aprovou nesta quarta-feira (23) a nova Lei Aldir Blanc, que transfere recursos a estados e munic\u00edpios para que estes financiem iniciativas culturais. A proposta segue para san\u00e7\u00e3o presidencial.<\/p>\n\n\n\n<p>Pelo texto, a Uni\u00e3o vai&nbsp;<strong>repassar anualmente R$ 3 bilh\u00f5es aos governos estaduais e municipais<\/strong>, durante cinco anos. O projeto estabelece que o dinheiro seja usado da seguinte forma:<\/p>\n\n\n\n<ul class=\"wp-block-list\"><li><strong>80% dos recursos<\/strong>&nbsp;ir\u00e3o para editais, chamadas p\u00fablicas, cursos, produ\u00e7\u00f5es, atividades art\u00edsticas que possam ser transmitidas pela internet; e ainda para manter espa\u00e7os culturais que desenvolvam iniciativas de forma regular e permanente;<\/li><li><strong>20% dos recursos&nbsp;<\/strong>ser\u00e3o destinados a a\u00e7\u00f5es de incentivo direto a programas e projetos que tenham por objetivo democratizar o acesso \u00e0 cultura e levar produ\u00e7\u00f5es a periferias e \u00e1reas rurais, por exemplo, assim como regi\u00f5es de povos tradicionais.<\/li><\/ul>\n\n\n\n<p>O dinheiro, que dever\u00e1 ser enviado por meio de uma \u00fanica parcela a estados e munic\u00edpios, n\u00e3o poder\u00e1 ser usado para pagar despesas com pessoal. Tamb\u00e9m fica proibida a transfer\u00eancia, pelo estado, de mais de 5% do montante a empresas terceirizadas.<\/p>\n\n\n\n<p>Essa \u00e9 a segunda lei de aux\u00edlio ao setor cultural a receber o nome do m\u00fasico Aldir Blanc, que&nbsp;<a href=\"https:\/\/g1.globo.com\/rj\/rio-de-janeiro\/noticia\/2020\/05\/04\/aldir-blanc-compositor-e-escritor-morre-no-rio.ghtml\">morreu em 2020 por complica\u00e7\u00f5es da Covid<\/a>. A primeira lei&nbsp;<a href=\"https:\/\/g1.globo.com\/economia\/noticia\/2020\/08\/18\/lei-aldir-blanc-entenda-como-vai-funcionar-a-ajuda-emergencial-ao-setor-cultural.ghtml\">destinou R$ 3 bilh\u00f5es emergenciais a iniciativas de cultura<\/a>, em um momento no qual as restri\u00e7\u00f5es de circula\u00e7\u00e3o impediam a maioria das exibi\u00e7\u00f5es e espet\u00e1culos.<\/p>\n\n\n\n<p>O texto em vigor obrigou, em janeiro deste ano, estados e munic\u00edpios a devolverem ao governo federal recursos n\u00e3o utilizados do programa. E ainda estabeleceu o fim de 2022 como prazo final para que os entes prestem contas para demonstrar como o dinheiro foi aplicado.<\/p>\n\n\n\n<p>Portanto, h\u00e1 dois motivos para a cria\u00e7\u00e3o da nova lei: o vencimento do primeiro aux\u00edlio e a desvincula\u00e7\u00e3o do novo aux\u00edlio em rela\u00e7\u00e3o ao or\u00e7amento para a\u00e7\u00f5es emergenciais ligadas \u00e0 pandemia.<\/p>\n\n\n\n<h2 class=\"wp-block-heading\">Fontes de recursos<\/h2>\n\n\n\n<p>Para financiar a pol\u00edtica de fomento ao setor, o projeto aprovado nesta quarta autoriza a utiliza\u00e7\u00e3o de:<\/p>\n\n\n\n<ul class=\"wp-block-list\"><li>dota\u00e7\u00f5es previstas no Or\u00e7amento e cr\u00e9ditos adicionais;<\/li><li>super\u00e1vit do Fundo Nacional da Cultura apurado em 31 de dezembro do ano anterior;<\/li><li>subven\u00e7\u00f5es e aux\u00edlios de entidades de qualquer natureza, inclusive de organismos internacionais;<\/li><li>3% da arrecada\u00e7\u00e3o bruta dos concursos de progn\u00f3sticos e loterias federais que tiverem autoriza\u00e7\u00e3o federal, deduzindo-se este valor dos montantes destinados aos pr\u00eamios;<\/li><li>recursos provenientes da arrecada\u00e7\u00e3o da Loteria Federal da Cultura, a ser criada por lei espec\u00edfica;<\/li><li>resultado das aplica\u00e7\u00f5es em t\u00edtulos p\u00fablicos federais.<\/li><\/ul>\n\n\n\n<p><strong>Relembre, no v\u00eddeo abaixo, a primeira Lei Aldir Blanc, voltada para a\u00e7\u00f5es emergenciais na pandemia:<\/strong><\/p>\n\n\n\n<figure class=\"wp-block-image\"><img data-recalc-dims=\"1\" decoding=\"async\" src=\"https:\/\/i0.wp.com\/s02.video.glbimg.com\/x240\/9454305.jpg?w=600&#038;ssl=1\" alt=\"Lei Aldir Blanc: C\u00e2mara aprova projeto que prorroga aux\u00edlio emergencial para profissionais do setor cultural\"\/><\/figure>\n\n\n\n<figure><iframe src=\"https:\/\/imasdk.googleapis.com\/js\/core\/bridge3.506.0_pt_br.html#goog_1110300821\" allowfullscreen=\"\"><\/iframe><\/figure>\n\n\n\n<p>&#8211;:&#8211;\/&#8211;:&#8211;<\/p>\n\n\n\n<p>Lei Aldir Blanc: C\u00e2mara aprova projeto que prorroga aux\u00edlio emergencial para profissionais do setor cultural<\/p>\n\n\n\n<p><br><\/p>\n","protected":false},"excerpt":{"rendered":"<p>Projeto transfere recursos federais para estados e munic\u00edpios financiarem iniciativas da \u00e1rea; texto vai \u00e1 san\u00e7\u00e3o de Bolsonaro.<\/p>\n","protected":false},"author":1,"featured_media":0,"comment_status":"closed","ping_status":"open","sticky":false,"template":"","format":"standard","meta":{"_exactmetrics_skip_tracking":false,"_exactmetrics_sitenote_active":false,"_exactmetrics_sitenote_note":"","_exactmetrics_sitenote_category":0,"jetpack_post_was_ever_published":false,"_jetpack_newsletter_access":"","_jetpack_dont_email_post_to_subs":false,"_jetpack_newsletter_tier_id":0,"_jetpack_memberships_contains_paywalled_content":false,"_jetpack_memberships_contains_paid_content":false,"footnotes":"","jetpack_publicize_message":"","jetpack_publicize_feature_enabled":true,"jetpack_social_post_already_shared":true,"jetpack_social_options":{"image_generator_settings":{"template":"highway","enabled":false},"version":2}},"categories":[1],"tags":[],"class_list":["post-33484","post","type-post","status-publish","format-standard","hentry","category-notas"],"jetpack_publicize_connections":[],"jetpack_sharing_enabled":true,"jetpack_featured_media_url":"","jetpack_shortlink":"https:\/\/wp.me\/p7wKYW-8I4","jetpack-related-posts":[],"_links":{"self":[{"href":"http:\/\/blogdalucianaoliveira.com.br\/blog\/wp-json\/wp\/v2\/posts\/33484","targetHints":{"allow":["GET"]}}],"collection":[{"href":"http:\/\/blogdalucianaoliveira.com.br\/blog\/wp-json\/wp\/v2\/posts"}],"about":[{"href":"http:\/\/blogdalucianaoliveira.com.br\/blog\/wp-json\/wp\/v2\/types\/post"}],"author":[{"embeddable":true,"href":"http:\/\/blogdalucianaoliveira.com.br\/blog\/wp-json\/wp\/v2\/users\/1"}],"replies":[{"embeddable":true,"href":"http:\/\/blogdalucianaoliveira.com.br\/blog\/wp-json\/wp\/v2\/comments?post=33484"}],"version-history":[{"count":1,"href":"http:\/\/blogdalucianaoliveira.com.br\/blog\/wp-json\/wp\/v2\/posts\/33484\/revisions"}],"predecessor-version":[{"id":33485,"href":"http:\/\/blogdalucianaoliveira.com.br\/blog\/wp-json\/wp\/v2\/posts\/33484\/revisions\/33485"}],"wp:attachment":[{"href":"http:\/\/blogdalucianaoliveira.com.br\/blog\/wp-json\/wp\/v2\/media?parent=33484"}],"wp:term":[{"taxonomy":"category","embeddable":true,"href":"http:\/\/blogdalucianaoliveira.com.br\/blog\/wp-json\/wp\/v2\/categories?post=33484"},{"taxonomy":"post_tag","embeddable":true,"href":"http:\/\/blogdalucianaoliveira.com.br\/blog\/wp-json\/wp\/v2\/tags?post=33484"}],"curies":[{"name":"wp","href":"https:\/\/api.w.org\/{rel}","templated":true}]}}