{"id":33487,"date":"2022-03-24T09:47:27","date_gmt":"2022-03-24T13:47:27","guid":{"rendered":"http:\/\/blogdalucianaoliveira.com.br\/blog\/?p=33487"},"modified":"2022-03-24T09:47:31","modified_gmt":"2022-03-24T13:47:31","slug":"estado-mais-bolsonarista-do-pais-acre-vira-meme-e-sofre-com-gasolina-a-ate-r-11","status":"publish","type":"post","link":"http:\/\/blogdalucianaoliveira.com.br\/blog\/2022\/03\/24\/estado-mais-bolsonarista-do-pais-acre-vira-meme-e-sofre-com-gasolina-a-ate-r-11\/","title":{"rendered":"Estado mais bolsonarista do pa\u00eds, Acre vira &#8220;meme&#8221; e sofre com gasolina a at\u00e9 R$ 11"},"content":{"rendered":"\n<figure class=\"wp-block-image size-large\"><img data-recalc-dims=\"1\" loading=\"lazy\" decoding=\"async\" width=\"600\" height=\"400\" data-attachment-id=\"33488\" data-permalink=\"http:\/\/blogdalucianaoliveira.com.br\/blog\/2022\/03\/24\/estado-mais-bolsonarista-do-pais-acre-vira-meme-e-sofre-com-gasolina-a-ate-r-11\/image_processing20220323-9324-1sddqvg\/\" data-orig-file=\"https:\/\/i0.wp.com\/blogdalucianaoliveira.com.br\/blog\/wp-content\/uploads\/2022\/03\/image_processing20220323-9324-1sddqvg.jpeg?fit=675%2C450\" data-orig-size=\"675,450\" data-comments-opened=\"0\" data-image-meta=\"{&quot;aperture&quot;:&quot;0&quot;,&quot;credit&quot;:&quot;&quot;,&quot;camera&quot;:&quot;&quot;,&quot;caption&quot;:&quot;&quot;,&quot;created_timestamp&quot;:&quot;0&quot;,&quot;copyright&quot;:&quot;&quot;,&quot;focal_length&quot;:&quot;0&quot;,&quot;iso&quot;:&quot;0&quot;,&quot;shutter_speed&quot;:&quot;0&quot;,&quot;title&quot;:&quot;&quot;,&quot;orientation&quot;:&quot;0&quot;}\" data-image-title=\"image_processing20220323-9324-1sddqvg\" data-image-description=\"\" data-image-caption=\"\" data-medium-file=\"https:\/\/i0.wp.com\/blogdalucianaoliveira.com.br\/blog\/wp-content\/uploads\/2022\/03\/image_processing20220323-9324-1sddqvg.jpeg?fit=300%2C200\" data-large-file=\"https:\/\/i0.wp.com\/blogdalucianaoliveira.com.br\/blog\/wp-content\/uploads\/2022\/03\/image_processing20220323-9324-1sddqvg.jpeg?fit=600%2C400\" src=\"https:\/\/i0.wp.com\/blogdalucianaoliveira.com.br\/blog\/wp-content\/uploads\/2022\/03\/image_processing20220323-9324-1sddqvg.jpeg?resize=600%2C400&#038;ssl=1\" alt=\"\" class=\"wp-image-33488\" srcset=\"https:\/\/i0.wp.com\/blogdalucianaoliveira.com.br\/blog\/wp-content\/uploads\/2022\/03\/image_processing20220323-9324-1sddqvg.jpeg?w=675 675w, https:\/\/i0.wp.com\/blogdalucianaoliveira.com.br\/blog\/wp-content\/uploads\/2022\/03\/image_processing20220323-9324-1sddqvg.jpeg?resize=300%2C200 300w, https:\/\/i0.wp.com\/blogdalucianaoliveira.com.br\/blog\/wp-content\/uploads\/2022\/03\/image_processing20220323-9324-1sddqvg.jpeg?resize=450%2C300 450w\" sizes=\"auto, (max-width: 600px) 100vw, 600px\" \/><\/figure>\n\n\n\n<h2 class=\"wp-block-heading\">Acreanos adaptam neg\u00f3cios e reduzem uso do carro para lidar com combust\u00edvel mais caro do Brasil<\/h2>\n\n\n\n<!--more-->\n\n\n\n<p>Vinicius Konchinski &#8211; Brasil de Fato | Curitiba (PR) <\/p>\n\n\n\n<p>Pouco depois de a Petrobras anunciar um&nbsp;<a href=\"https:\/\/www.brasildefato.com.br\/2022\/03\/10\/petrobras-anuncia-aumento-de-19-na-gasolina-e-25-no-diesel-apos-disparada-do-petroleo\" target=\"_blank\" rel=\"noreferrer noopener\">reajuste de quase 19% no pre\u00e7o da gasolina<\/a>&nbsp;vendida em suas refinarias no \u00faltimo dia 10, a cidade de&nbsp;<a href=\"https:\/\/cidades.ibge.gov.br\/brasil\/ac\/jordao\/panorama\" target=\"_blank\" rel=\"noreferrer noopener\">Jord\u00e3o<\/a>, na fronteira do Acre com o Peru, ganhou destaque no notici\u00e1rio nacional. Isso porque o \u00fanico posto do munic\u00edpio, que tem cerca de 8 mil habitantes, aumentou o pre\u00e7o do combust\u00edvel para R$ 11,56 por litro.<\/p>\n\n\n\n<p>A situa\u00e7\u00e3o virou piada na internet, mas tamb\u00e9m gerou revolta. Taxistas&nbsp;<a href=\"https:\/\/oglobo.globo.com\/economia\/litro-da-gasolina-mais-de-11-faz-taxistas-pararem-no-acre-ou-combustivel-ou-carne-diz-motorista-25428744\" target=\"_blank\" rel=\"noreferrer noopener\">amea\u00e7aram parar<\/a>. O Procon do Acre iniciou&nbsp;<a href=\"https:\/\/agencia.ac.gov.br\/procon-fiscaliza-postos-de-combustiveis-para-coibir-abusos\/\" target=\"_blank\" rel=\"noreferrer noopener\">uma fiscaliza\u00e7\u00e3o sobre o com\u00e9rcio de combust\u00edveis no estado<\/a>, que, ironicamente, foi a unidade da federal que, proporcionalmente,&nbsp;<a href=\"https:\/\/especiais.gazetadopovo.com.br\/eleicoes\/2018\/resultados\/mapa-eleitoral-de-presidente-por-estados-2turno\/\" target=\"_blank\" rel=\"noreferrer noopener\">mais votou em Jair Bolsonaro (PL) no segundo turno das elei\u00e7\u00f5es&nbsp;de 2018<\/a>&nbsp;(77,2% dos votos v\u00e1lidos).<\/p>\n\n\n\n<figure><iframe allowfullscreen=\"true\" class=\"\" src=\"https:\/\/platform.twitter.com\/embed\/Tweet.html?creatorScreenName=Brasil_de_Fato&amp;dnt=false&amp;embedId=twitter-widget-0&amp;features=eyJ0ZndfZXhwZXJpbWVudHNfY29va2llX2V4cGlyYXRpb24iOnsiYnVja2V0IjoxMjA5NjAwLCJ2ZXJzaW9uIjpudWxsfSwidGZ3X2hvcml6b25fdHdlZXRfZW1iZWRfOTU1NSI6eyJidWNrZXQiOiJodGUiLCJ2ZXJzaW9uIjpudWxsfSwidGZ3X3NrZWxldG9uX2xvYWRpbmdfMTMzOTgiOnsiYnVja2V0IjoiY3RhIiwidmVyc2lvbiI6bnVsbH0sInRmd19zcGFjZV9jYXJkIjp7ImJ1Y2tldCI6Im9mZiIsInZlcnNpb24iOm51bGx9fQ%3D%3D&amp;frame=false&amp;hideCard=false&amp;hideThread=false&amp;id=1502339647111938051&amp;lang=pt&amp;origin=https%3A%2F%2Fwww.brasildefato.com.br%2F2022%2F03%2F24%2Festado-mais-bolsonarista-do-pais-acre-vira-meme-e-sofre-com-gasolina-a-ate-r-11&amp;sessionId=7f79a1084119a7beb8ef9665e09be04d9472f76f&amp;siteScreenName=Brasil_de_Fato&amp;theme=light&amp;widgetsVersion=2582c61%3A1645036219416&amp;width=550px\"><\/iframe><\/figure>\n\n\n\n<p>Devido a quest\u00f5es log\u00edsticas, o combust\u00edvel no Acre&nbsp;sempre esteve entre os mais caros do pa\u00eds. Ap\u00f3s os \u00faltimos reajustes da Petrobras, no entanto, os acreanos dizem que os pre\u00e7os se tornaram insustent\u00e1veis, for\u00e7ando a popula\u00e7\u00e3o a se adaptar a uma nova realidade.<\/p>\n\n\n\n<p>\u201cInfelizmente, estamos restringindo o uso do carro apenas para atividades obrigat\u00f3rias, como ir e voltar ao trabalho, evitando at\u00e9 mesmo ir almo\u00e7ar para n\u00e3o gastar gasolina\u201d, disse a empres\u00e1ria Nilda Bernardo, 40 anos, moradora de Rio Branco, capital do estado, onde&nbsp;<a href=\"http:\/\/especiais.gazetadopovo.com.br\/eleicoes\/2018\/resultados\/mapa-eleitoral-de-presidente-por-estados-2turno\/\" target=\"_blank\" rel=\"noreferrer noopener\">mais de 82% dos eleitores votaram em Bolsonaro no segundo turno<\/a>.<\/p>\n\n\n\n<p>De acordo com a \u00faltima pesquisa de pre\u00e7os divulgada pela&nbsp;<a href=\"https:\/\/preco.anp.gov.br\/\" target=\"_blank\" rel=\"noreferrer noopener\">Ag\u00eancia Nacional do Petr\u00f3leo (ANP)<\/a>, a&nbsp;cidade tem a quinta gasolina mais cara entre as capitais brasileiras, com pre\u00e7o m\u00e9dio de R$ 7,50 por litro. Tem ainda o diesel mais caro: R$ 7,30 por litro, na m\u00e9dia.<\/p>\n\n\n\n<p>Nilda lembrou que boa parte dos produtos consumidos no Acre vem de fora do estado. Por conta disso, o aumento do combust\u00edvel \u2013 principalmente do diesel \u2013 afeta a vida do acreano de forma ainda mais intensa.<\/p>\n\n\n\n<p>\u201cO combust\u00edvel impacta em toda a log\u00edstica que engloba, por exemplo, a alimenta\u00e7\u00e3o. O&nbsp; abastecimento fica muito restrito\u201d, descreveu. \u201cConhe\u00e7o muitos colegas que est\u00e3o indo embora da capital Rio Branco, pois o custo de vida aqui \u00e9 invi\u00e1vel\u201d, detalhou.<\/p>\n\n\n\n<p><strong>Ideias em risco<\/strong><\/p>\n\n\n\n<p>Invi\u00e1vel tamb\u00e9m quase se tornou&nbsp;a ideia de neg\u00f3cio de Diego Arantes de Mello, o Dito, 31 anos. Em mar\u00e7o de 2021, ele abriu uma empresa para fazer lavagem de sof\u00e1s em domic\u00edlios. Naquela \u00e9poca, ele usava um carro para ir \u00e0&nbsp;casa dos seus clientes e j\u00e1 reclamava quando pagava quase R$ 6 por litro de gasolina para trabalhar.<\/p>\n\n\n\n<p>\u201cJ\u00e1 estava caro naquela \u00e9poca. Agora, quem imaginaria que, em um ano, eu teria de pagar R$ 7,50 pelo litro de gasolina em Rio Branco? Era inimagin\u00e1vel\u201d, afirmou.<\/p>\n\n\n\n<p>O aumento foi tamanho que Dito foi obrigado a rever seus planos. Para reduzir seus gastos, ele comprou uma moto para trabalhar. \u201cFoi um custo alto, mas n\u00e3o teria mais como trabalhar com o combust\u00edvel neste pre\u00e7o\u201d disse. \u201cS\u00e3o quase R$ 50 de combust\u00edvel por dia&#8221;, complementou.<\/p>\n\n\n\n<p>Dito disse, ainda, que o aumento dos combust\u00edveis arrochou o or\u00e7amento dom\u00e9stico de muitas fam\u00edlias em Rio Branco. Por conta disso, ele tamb\u00e9m foi obrigado a reduzir os pre\u00e7os de seus servi\u00e7os para n\u00e3o perder clientes.<\/p>\n\n\n\n<p>Pai de um filho de 1 ano&nbsp;e 9 meses e com a esposa desempregada, Dito contou que hoje se mant\u00e9m financeiramente gra\u00e7as aos trabalhos que faz como m\u00fasico, os quais tamb\u00e9m ficaram escassos por conta da crise econ\u00f4mica e da pandemia de covid-19. \u201cMeu poder econ\u00f4mico e minha qualidade de vida diminu\u00edram muito de um ano para c\u00e1\u201d, admitiu.<\/p>\n\n\n\n<p><strong>Empresas em crise<\/strong><\/p>\n\n\n\n<p>O presidente da&nbsp;<a href=\"https:\/\/www.fieac.org.br\/\" target=\"_blank\" rel=\"noreferrer noopener\">Federa\u00e7\u00e3o das Ind\u00fastrias do Acre (Fieac)<\/a>, Jos\u00e9 Adriano Ribeiro, disse que a situa\u00e7\u00e3o das companhias acreanas \u00e9 delicada. Segundo ele, a infraestrutura do Acre j\u00e1 \u00e9 prec\u00e1ria. Com o aumento dos combust\u00edveis, empresas j\u00e1 come\u00e7am a desistir de seus projetos no estado.<\/p>\n\n\n\n<p>Ribeiro lembrou que, ap\u00f3s o reajuste da Petrobras, a&nbsp;<a href=\"https:\/\/g1.globo.com\/ac\/acre\/noticia\/2022\/03\/18\/latam-suspende-temporariamente-voos-de-brasilia-para-rio-branco-a-partir-de-abril-devido-a-alta-dos-combustiveis.ghtml\" target=\"_blank\" rel=\"noreferrer noopener\">Latam anunciou que vai suspender seus voos de Rio Branco para Bras\u00edlia<\/a>. Ele tamb\u00e9m disse que, levando em conta o custo dos combust\u00edveis,&nbsp;<a href=\"https:\/\/folhadoacre.com.br\/2022\/01\/empresa-abandona-mais-tres-linhas-e-rio-branco-ja-soma-11-regioes-sem-transporte-coletivo\/\" target=\"_blank\" rel=\"noreferrer noopener\">empresas de transporte coletivo de Rio Brando est\u00e3o quebrando<\/a>.<\/p>\n\n\n\n<p>O industrial ressaltou, tamb\u00e9m, que cidades do Acre ainda t\u00eam energia produzida por geradores movidos por motor a combust\u00e3o. No caso delas, a situa\u00e7\u00e3o \u00e9 ainda mais cr\u00edtica porque o aumento do combust\u00edvel vai gerar aumento generalizado da conta de luz no munic\u00edpio.<\/p>\n\n\n\n<p>O presidente da Fieac disse que esperava que o governo tivesse uma aten\u00e7\u00e3o especial com o estado devido \u00e0&nbsp;vota\u00e7\u00e3o expressiva de Bolsonaro no Acre, mas isso n\u00e3o ocorreu.<\/p>\n\n\n\n<p>\u201cN\u00e3o conseguimos entender porque isso [essa vota\u00e7\u00e3o expressiva de Bolsonaro no Acre] n\u00e3o \u00e9 vista com bons olhos pelo governo para resolver nossa situa\u00e7\u00e3o\u201d, disse Ribeiro. \u201cO que a gente escuta dos parlamentares \u00e9 que esse aumento [de pre\u00e7os] \u00e9 necess\u00e1rio por conta da situa\u00e7\u00e3o de instabilidade econ\u00f4mica do pa\u00eds\u201d, relatou.<\/p>\n\n\n\n<p>Bolsonaro, ali\u00e1s, esteve no Acre na semana passada. Na viagem, ele n\u00e3o se reuniu com representantes do setor produtivo estadual, dedicando-se a um evento de entrega de t\u00edtulos de terra e a um culto religioso.<\/p>\n\n\n\n<p>\u201cQuando um presidente vem a um estado, \u00e9 importante que ele deixe alguma coisa. Nada de concreto ficou dessa visita&#8221;, reclamou Ribeiro.<\/p>\n\n\n\n<figure><iframe allowfullscreen=\"true\" class=\"\" src=\"https:\/\/platform.twitter.com\/embed\/Tweet.html?creatorScreenName=Brasil_de_Fato&amp;dnt=false&amp;embedId=twitter-widget-1&amp;features=eyJ0ZndfZXhwZXJpbWVudHNfY29va2llX2V4cGlyYXRpb24iOnsiYnVja2V0IjoxMjA5NjAwLCJ2ZXJzaW9uIjpudWxsfSwidGZ3X2hvcml6b25fdHdlZXRfZW1iZWRfOTU1NSI6eyJidWNrZXQiOiJodGUiLCJ2ZXJzaW9uIjpudWxsfSwidGZ3X3NrZWxldG9uX2xvYWRpbmdfMTMzOTgiOnsiYnVja2V0IjoiY3RhIiwidmVyc2lvbiI6bnVsbH0sInRmd19zcGFjZV9jYXJkIjp7ImJ1Y2tldCI6Im9mZiIsInZlcnNpb24iOm51bGx9fQ%3D%3D&amp;frame=false&amp;hideCard=false&amp;hideThread=false&amp;id=1504986648676814849&amp;lang=pt&amp;origin=https%3A%2F%2Fwww.brasildefato.com.br%2F2022%2F03%2F24%2Festado-mais-bolsonarista-do-pais-acre-vira-meme-e-sofre-com-gasolina-a-ate-r-11&amp;sessionId=7f79a1084119a7beb8ef9665e09be04d9472f76f&amp;siteScreenName=Brasil_de_Fato&amp;theme=light&amp;widgetsVersion=2582c61%3A1645036219416&amp;width=550px\"><\/iframe><\/figure>\n\n\n\n<p>O presidente do Sindicato das Ind\u00fastrias Madeireiras do Acre (Sindusmad-AC), Thyago Costa Barmatti, disse que aguarda uma atitude mais efetiva do governo federal para conter a alta dos combust\u00edveis. Barmatti afirmou que o pre\u00e7o dos fretes para carregamento de madeira extra\u00edda de manejo florestal&nbsp;duplicou por conta do custo do diesel.<\/p>\n\n\n\n<p>\u201cAno passado, eu pagava R$ 40 por metro c\u00fabico de madeira do manejo at\u00e9 a ind\u00fastria. Este ano, isso est\u00e1 em R$ 90\u201d, disse Barmatti. \u201cSe n\u00e3o tiver medidas para brecar o aumento e at\u00e9 mesmo reduzir o pre\u00e7o do diesel, vai ser muito dif\u00edcil trabalhar\u201d, considerou.<\/p>\n\n\n\n<p><strong>Eleitorado fiel<\/strong><\/p>\n\n\n\n<p>O custo do combust\u00edvel tamb\u00e9m afetou o trabalho de taxistas em Rio Branco. Raniere Fernandes Santos, presidente da Cooperativa Acre Taxi, disse que as tarifas para viagens foram reajustadas logo ap\u00f3s o aumento da Petrobras e que os clientes reclamaram.<\/p>\n\n\n\n<figure><iframe src=\"https:\/\/www.instagram.com\/p\/Ca92d7Mur1I\/embed\/captioned\/?cr=1&amp;v=14&amp;wp=675&amp;rd=https%3A%2F%2Fwww.brasildefato.com.br&amp;rp=%2F2022%2F03%2F24%2Festado-mais-bolsonarista-do-pais-acre-vira-meme-e-sofre-com-gasolina-a-ate-r-11#%7B%22ci%22%3A0%2C%22os%22%3A1626.5%2C%22ls%22%3A1220.2999999998137%2C%22le%22%3A1282.2999999998137%7D\" allowfullscreen=\"true\" height=\"962\"><\/iframe><\/figure>\n\n\n\n<p>Para Santos, por\u00e9m, h\u00e1 pouco o que se fazer sobre resolver essa quest\u00e3o hoje, j\u00e1 que o pa\u00eds n\u00e3o consegue refinar toda a gasolina que consome.<\/p>\n\n\n\n<p>Ele at\u00e9 v\u00ea certa responsabilidade de Bolsonaro sobre o assunto, pois \u201c\u00e9 ele quem est\u00e1 no governo agora\u201d. Mesmo assim, acha que a popularidade do presidente ainda \u00e9 alta entre seus conterr\u00e2neos e que, se depender deles, Bolsonaro ser\u00e1 reeleito. \u201cEu votei [em Bolsonaro] em 2018 e vou votar de novo neste ano\u201d, afirmou o taxista.<\/p>\n\n\n\n<p>Edi\u00e7\u00e3o: Rodrigo Dur\u00e3o Coelho<br><\/p>\n","protected":false},"excerpt":{"rendered":"<p>Acreanos adaptam neg\u00f3cios e reduzem uso do carro para lidar com combust\u00edvel mais caro do Brasil<\/p>\n","protected":false},"author":1,"featured_media":0,"comment_status":"closed","ping_status":"open","sticky":false,"template":"","format":"standard","meta":{"_exactmetrics_skip_tracking":false,"_exactmetrics_sitenote_active":false,"_exactmetrics_sitenote_note":"","_exactmetrics_sitenote_category":0,"jetpack_post_was_ever_published":false,"_jetpack_newsletter_access":"","_jetpack_dont_email_post_to_subs":false,"_jetpack_newsletter_tier_id":0,"_jetpack_memberships_contains_paywalled_content":false,"_jetpack_memberships_contains_paid_content":false,"footnotes":"","jetpack_publicize_message":"","jetpack_publicize_feature_enabled":true,"jetpack_social_post_already_shared":true,"jetpack_social_options":{"image_generator_settings":{"template":"highway","enabled":false},"version":2}},"categories":[1],"tags":[],"class_list":["post-33487","post","type-post","status-publish","format-standard","hentry","category-notas"],"jetpack_publicize_connections":[],"jetpack_sharing_enabled":true,"jetpack_featured_media_url":"","jetpack_shortlink":"https:\/\/wp.me\/p7wKYW-8I7","jetpack-related-posts":[],"_links":{"self":[{"href":"http:\/\/blogdalucianaoliveira.com.br\/blog\/wp-json\/wp\/v2\/posts\/33487","targetHints":{"allow":["GET"]}}],"collection":[{"href":"http:\/\/blogdalucianaoliveira.com.br\/blog\/wp-json\/wp\/v2\/posts"}],"about":[{"href":"http:\/\/blogdalucianaoliveira.com.br\/blog\/wp-json\/wp\/v2\/types\/post"}],"author":[{"embeddable":true,"href":"http:\/\/blogdalucianaoliveira.com.br\/blog\/wp-json\/wp\/v2\/users\/1"}],"replies":[{"embeddable":true,"href":"http:\/\/blogdalucianaoliveira.com.br\/blog\/wp-json\/wp\/v2\/comments?post=33487"}],"version-history":[{"count":1,"href":"http:\/\/blogdalucianaoliveira.com.br\/blog\/wp-json\/wp\/v2\/posts\/33487\/revisions"}],"predecessor-version":[{"id":33489,"href":"http:\/\/blogdalucianaoliveira.com.br\/blog\/wp-json\/wp\/v2\/posts\/33487\/revisions\/33489"}],"wp:attachment":[{"href":"http:\/\/blogdalucianaoliveira.com.br\/blog\/wp-json\/wp\/v2\/media?parent=33487"}],"wp:term":[{"taxonomy":"category","embeddable":true,"href":"http:\/\/blogdalucianaoliveira.com.br\/blog\/wp-json\/wp\/v2\/categories?post=33487"},{"taxonomy":"post_tag","embeddable":true,"href":"http:\/\/blogdalucianaoliveira.com.br\/blog\/wp-json\/wp\/v2\/tags?post=33487"}],"curies":[{"name":"wp","href":"https:\/\/api.w.org\/{rel}","templated":true}]}}