{"id":33490,"date":"2022-03-24T09:53:25","date_gmt":"2022-03-24T13:53:25","guid":{"rendered":"http:\/\/blogdalucianaoliveira.com.br\/blog\/?p=33490"},"modified":"2022-03-24T09:53:31","modified_gmt":"2022-03-24T13:53:31","slug":"nazistas-marcam-data-para-assassinar-deputado-leonel-radde-e-lula","status":"publish","type":"post","link":"http:\/\/blogdalucianaoliveira.com.br\/blog\/2022\/03\/24\/nazistas-marcam-data-para-assassinar-deputado-leonel-radde-e-lula\/","title":{"rendered":"Nazistas marcam data para assassinar deputado Leonel Radde e Lula"},"content":{"rendered":"\n<figure class=\"wp-block-image\"><img data-recalc-dims=\"1\" decoding=\"async\" src=\"https:\/\/i0.wp.com\/publisher-publish.s3.eu-central-1.amazonaws.com\/pb-brasil247\/swp\/jtjeq9\/media\/2022032408030_e336c0606f34f3288c53161155f8b370c097d77818e5930950a0c71bc57de279.jpg?w=600&#038;ssl=1\" alt=\"www.brasil247.com - \"\/><\/figure>\n\n\n\n<p>Al\u00e9m das amea\u00e7as, vereador recebeu por WhatsApp fotos de armas e v\u00eddeo de mulher negra sendo enforcada e assassinada por supremacistas<br><\/p>\n\n\n\n<!--more-->\n\n\n\n<p><strong>247 <\/strong>&#8211; Radde coordena a Opera\u00e7\u00e3o Bastardos Ingl\u00f3rios, um canal de den\u00fancias, em parceria com a pol\u00edcia, que visa identificar e combater a atua\u00e7\u00e3o de grupos neonazistas no Rio Grande do Sul.\u00a0<\/p>\n\n\n\n<p>Nas novas mensagens recebidas, os extremistas chegaram a dar uma data para a morte do vereador: dia 31 de outubro deste ano. &#8220;Sua morte est\u00e1 planejada, ser\u00e1 dia 31 de outubro de 2022, 21h, no Rio Grande do Sul&#8221;, diz uma das mensagens.\u00a0<br>&#8220;Vamos te matar, seu lixo. Sua cara vai ficar cheia de balas&#8221;, dizem os detratores, que prometem ainda matar o ex-presidente Lula (PT), a deputada federal Maria do Ros\u00e1rio (PT-RS) e tamb\u00e9m o ativista do movimento negro Antonio Isup\u00e9rio, que j\u00e1 vou alvo de amea\u00e7as de grupos neonazistas em outras ocasi\u00f5es.\u00a0<\/p>\n\n\n\n<figure class=\"wp-block-embed-twitter wp-block-embed is-type-rich is-provider-twitter\"><div class=\"wp-block-embed__wrapper\">\n<blockquote class=\"twitter-tweet\" data-width=\"550\" data-dnt=\"true\"><p lang=\"pt\" dir=\"ltr\">31 DE OUTUBRO de 2022, 21H.<br>(O dia que Leonel Radde ser\u00e1 morto segundo uma das ame\u00e7as)<br><br>Al\u00e9m dessa, o Mandato Antifascista recebeu mais mensagens nos \u00faltimos dias. Foram enviadas para o nosso Whats e Telegram.<br>(+) <a href=\"https:\/\/t.co\/4thV9XMqDm\">pic.twitter.com\/4thV9XMqDm<\/a><\/p>&mdash; Leonel Radde (@LeonelRadde) <a href=\"https:\/\/twitter.com\/LeonelRadde\/status\/1506774139574624260?ref_src=twsrc%5Etfw\">March 23, 2022<\/a><\/blockquote><script async src=\"https:\/\/platform.twitter.com\/widgets.js\" charset=\"utf-8\"><\/script>\n<\/div><\/figure>\n\n\n\n<p>\u00a0Leia a \u00edntegra da mat\u00e9ria no portal F\u00f3rum<br><\/p>\n","protected":false},"excerpt":{"rendered":"<p>Al\u00e9m das amea\u00e7as, vereador recebeu por WhatsApp fotos de armas e v\u00eddeo de mulher negra sendo enforcada e assassinada por supremacistas<\/p>\n","protected":false},"author":1,"featured_media":0,"comment_status":"closed","ping_status":"open","sticky":false,"template":"","format":"standard","meta":{"_exactmetrics_skip_tracking":false,"_exactmetrics_sitenote_active":false,"_exactmetrics_sitenote_note":"","_exactmetrics_sitenote_category":0,"jetpack_post_was_ever_published":false,"_jetpack_newsletter_access":"","_jetpack_dont_email_post_to_subs":false,"_jetpack_newsletter_tier_id":0,"_jetpack_memberships_contains_paywalled_content":false,"_jetpack_memberships_contains_paid_content":false,"footnotes":"","jetpack_publicize_message":"","jetpack_publicize_feature_enabled":true,"jetpack_social_post_already_shared":true,"jetpack_social_options":{"image_generator_settings":{"template":"highway","enabled":false},"version":2}},"categories":[1],"tags":[],"class_list":["post-33490","post","type-post","status-publish","format-standard","hentry","category-notas"],"jetpack_publicize_connections":[],"jetpack_sharing_enabled":true,"jetpack_featured_media_url":"","jetpack_shortlink":"https:\/\/wp.me\/p7wKYW-8Ia","jetpack-related-posts":[],"_links":{"self":[{"href":"http:\/\/blogdalucianaoliveira.com.br\/blog\/wp-json\/wp\/v2\/posts\/33490","targetHints":{"allow":["GET"]}}],"collection":[{"href":"http:\/\/blogdalucianaoliveira.com.br\/blog\/wp-json\/wp\/v2\/posts"}],"about":[{"href":"http:\/\/blogdalucianaoliveira.com.br\/blog\/wp-json\/wp\/v2\/types\/post"}],"author":[{"embeddable":true,"href":"http:\/\/blogdalucianaoliveira.com.br\/blog\/wp-json\/wp\/v2\/users\/1"}],"replies":[{"embeddable":true,"href":"http:\/\/blogdalucianaoliveira.com.br\/blog\/wp-json\/wp\/v2\/comments?post=33490"}],"version-history":[{"count":1,"href":"http:\/\/blogdalucianaoliveira.com.br\/blog\/wp-json\/wp\/v2\/posts\/33490\/revisions"}],"predecessor-version":[{"id":33491,"href":"http:\/\/blogdalucianaoliveira.com.br\/blog\/wp-json\/wp\/v2\/posts\/33490\/revisions\/33491"}],"wp:attachment":[{"href":"http:\/\/blogdalucianaoliveira.com.br\/blog\/wp-json\/wp\/v2\/media?parent=33490"}],"wp:term":[{"taxonomy":"category","embeddable":true,"href":"http:\/\/blogdalucianaoliveira.com.br\/blog\/wp-json\/wp\/v2\/categories?post=33490"},{"taxonomy":"post_tag","embeddable":true,"href":"http:\/\/blogdalucianaoliveira.com.br\/blog\/wp-json\/wp\/v2\/tags?post=33490"}],"curies":[{"name":"wp","href":"https:\/\/api.w.org\/{rel}","templated":true}]}}