{"id":33492,"date":"2022-03-27T10:41:02","date_gmt":"2022-03-27T14:41:02","guid":{"rendered":"http:\/\/blogdalucianaoliveira.com.br\/blog\/?p=33492"},"modified":"2022-03-27T10:41:08","modified_gmt":"2022-03-27T14:41:08","slug":"tse-proibe-manifestacao-politica-no-lollapalooza-censura-absurda-afirma-deputada","status":"publish","type":"post","link":"http:\/\/blogdalucianaoliveira.com.br\/blog\/2022\/03\/27\/tse-proibe-manifestacao-politica-no-lollapalooza-censura-absurda-afirma-deputada\/","title":{"rendered":"TSE pro\u00edbe manifesta\u00e7\u00e3o pol\u00edtica no Lollapalooza. \u2018Censura absurda\u2019, afirma deputada"},"content":{"rendered":"\n<figure class=\"wp-block-image\"><img data-recalc-dims=\"1\" decoding=\"async\" src=\"https:\/\/i0.wp.com\/www.redebrasilatual.com.br\/wp-content\/uploads\/2022\/03\/pabllo-vittar.jpg?w=600&#038;ssl=1\" alt=\"pabllo vittar\"\/><\/figure>\n\n\n\n<p>Ao atender pedido do partido de Bolsonaro, tribunal define que festival ser\u00e1 multado em R$ 50 mil para cada nova ocorr\u00eancia que houver depois que Pabllo Vittar e Marina manifestaram apoio a Lula<\/p>\n\n\n\n<!--more-->\n\n\n\n<p>Por\u00a0<strong><a href=\"https:\/\/www.redebrasilatual.com.br\/autor\/redacao-rba\/\">Reda\u00e7\u00e3o RBA<\/a><\/strong><\/p>\n\n\n\n<p>S\u00e3o Paulo \u2013 O Tribunal Superior Eleitoral (TSE) proibiu atos de propaganda eleitoral no festival Lollapalooza, e definiu multa de R$ 50.000 para novas ocorr\u00eancias. O documento foi obtido pela analista de pol\u00edtica da&nbsp;<strong>CNN<\/strong>&nbsp;Thais Arbex.<\/p>\n\n\n\n<p>O tribunal\u00a0<a rel=\"noreferrer noopener\" href=\"https:\/\/www.cnnbrasil.com.br\/politica\/tse-deve-negar-pedido-do-partido-de-bolsonaro-contra-manifestacao-politica-no-lollapalooza\/\" target=\"_blank\">atendeu a pedido do PL<\/a>, partido do presidente Jair Bolsonaro. Segundo o partido, houve crime de propaganda eleitoral antecipada durante os shows de Pabllo Vittar e Marina, que declararam apoio ao ex-presidente Luiz In\u00e1cio Lula da Silva. Segundo a Lei Eleitoral, as campanhas come\u00e7am oficialmente em 15 de agosto.<ins><br><\/ins><\/p>\n\n\n\n<p>Na decis\u00e3o, o ministro Raul Ara\u00fajo, relator do processo, ressalta que a Constitui\u00e7\u00e3o Federal assegura a livre manifesta\u00e7\u00e3o do pensamento, \u201ca express\u00e3o da atividade intelectual, art\u00edstica, cient\u00edfica e de comunica\u00e7\u00e3o, independentemente de censura ou licen\u00e7a\u201d. No entanto, os artistas mencionados no processo \u201cfazem clara propaganda eleitoral em benef\u00edcio de poss\u00edvel candidato ao cargo de Presidente da Rep\u00fablica\u201d.<\/p>\n\n\n\n<p>\u201cOs artistas e cantores referidos que se apresentaram no evento musical em testilha, al\u00e9m de destilar coment\u00e1rios elogiosos ao poss\u00edvel candidato, pediram expressamente que a plateia presente exercesse o sufr\u00e1gio em seu nome, vocalizando palavras de apoio e empunhando bandeira e adere\u00e7o em refer\u00eancia ao pr\u00e9-candidato de sua prefer\u00eancia\u201d, diz o ministro no documento.<\/p>\n\n\n\n<h3 class=\"wp-block-heading\">Censura<\/h3>\n\n\n\n<p>\u201cAbsurda a censura do TSE contra a Pablo e o Lollapalooza. Que pa\u00eds \u00e9 esse que manifesta\u00e7\u00e3o de opini\u00e3o virou propaganda pol\u00edtica antecipada?\u201d, afirmou a deputada Erika Kokay (PT-DF) nas redes sociais.<\/p>\n\n\n\n<p>\u201cO argumento do presidente autorit\u00e1rio \u00e9 a manifesta\u00e7\u00e3o de&nbsp;<a href=\"https:\/\/twitter.com\/pabllovittar\">@pabllovittar<\/a>&nbsp;em favor de Lula. Isso \u00e9 CENSURA! O bolsonarismo se utiliza de expediente arbitr\u00e1rio pra silenciar quem n\u00e3o defende a sua pol\u00edtica. Ele t\u00e1 com medo!\u201d, disse a deputada Tal\u00edria Petrone (Psol-RJ) em sua conta no Twitter.<br><\/p>\n\n\n\n<h3 class=\"wp-block-heading\">Hist\u00f3rico<\/h3>\n\n\n\n<p>O TSE julgou um caso semelhante em 2018, quando o cantor Roger Waters, vocalista da banda Pink Floyd, criticou Bolsonaro em shows realizados no Brasil. A candidatura de Bolsonaro processou Fernando Haddad (PT) e Manuela D\u2019\u00c1vila (PCdoB) por abuso do poder econ\u00f4mico.<\/p>\n\n\n\n<p>Por unanimidade, o TSE rejeitou a a\u00e7\u00e3o. Para os ministros, Haddad e Manuela n\u00e3o poderiam ser responsabilizados pela fala do cantor. Na ocasi\u00e3o, os ministros ressaltaram que n\u00e3o ficou comprovado que os shows de Roger Waters tiveram qualquer impacto no resultado das elei\u00e7\u00f5es.<\/p>\n\n\n\n<p><br><\/p>\n","protected":false},"excerpt":{"rendered":"<p>Ao atender pedido do partido de Bolsonaro, tribunal define que festival ser\u00e1 multado em R$ 50 mil para cada nova ocorr\u00eancia que houver depois que Pabllo Vittar e Marina manifestaram apoio a Lula<\/p>\n","protected":false},"author":1,"featured_media":0,"comment_status":"closed","ping_status":"open","sticky":false,"template":"","format":"standard","meta":{"_exactmetrics_skip_tracking":false,"_exactmetrics_sitenote_active":false,"_exactmetrics_sitenote_note":"","_exactmetrics_sitenote_category":0,"jetpack_post_was_ever_published":false,"_jetpack_newsletter_access":"","_jetpack_dont_email_post_to_subs":false,"_jetpack_newsletter_tier_id":0,"_jetpack_memberships_contains_paywalled_content":false,"_jetpack_memberships_contains_paid_content":false,"footnotes":"","jetpack_publicize_message":"","jetpack_publicize_feature_enabled":true,"jetpack_social_post_already_shared":true,"jetpack_social_options":{"image_generator_settings":{"template":"highway","enabled":false},"version":2}},"categories":[1],"tags":[683,684,685,160],"class_list":["post-33492","post","type-post","status-publish","format-standard","hentry","category-notas","tag-lollapalooza","tag-marina","tag-pabllo-vittar","tag-tse"],"jetpack_publicize_connections":[],"jetpack_sharing_enabled":true,"jetpack_featured_media_url":"","jetpack_shortlink":"https:\/\/wp.me\/p7wKYW-8Ic","jetpack-related-posts":[],"_links":{"self":[{"href":"http:\/\/blogdalucianaoliveira.com.br\/blog\/wp-json\/wp\/v2\/posts\/33492","targetHints":{"allow":["GET"]}}],"collection":[{"href":"http:\/\/blogdalucianaoliveira.com.br\/blog\/wp-json\/wp\/v2\/posts"}],"about":[{"href":"http:\/\/blogdalucianaoliveira.com.br\/blog\/wp-json\/wp\/v2\/types\/post"}],"author":[{"embeddable":true,"href":"http:\/\/blogdalucianaoliveira.com.br\/blog\/wp-json\/wp\/v2\/users\/1"}],"replies":[{"embeddable":true,"href":"http:\/\/blogdalucianaoliveira.com.br\/blog\/wp-json\/wp\/v2\/comments?post=33492"}],"version-history":[{"count":1,"href":"http:\/\/blogdalucianaoliveira.com.br\/blog\/wp-json\/wp\/v2\/posts\/33492\/revisions"}],"predecessor-version":[{"id":33493,"href":"http:\/\/blogdalucianaoliveira.com.br\/blog\/wp-json\/wp\/v2\/posts\/33492\/revisions\/33493"}],"wp:attachment":[{"href":"http:\/\/blogdalucianaoliveira.com.br\/blog\/wp-json\/wp\/v2\/media?parent=33492"}],"wp:term":[{"taxonomy":"category","embeddable":true,"href":"http:\/\/blogdalucianaoliveira.com.br\/blog\/wp-json\/wp\/v2\/categories?post=33492"},{"taxonomy":"post_tag","embeddable":true,"href":"http:\/\/blogdalucianaoliveira.com.br\/blog\/wp-json\/wp\/v2\/tags?post=33492"}],"curies":[{"name":"wp","href":"https:\/\/api.w.org\/{rel}","templated":true}]}}