{"id":33494,"date":"2022-03-28T09:34:37","date_gmt":"2022-03-28T13:34:37","guid":{"rendered":"http:\/\/blogdalucianaoliveira.com.br\/blog\/?p=33494"},"modified":"2022-03-28T09:39:35","modified_gmt":"2022-03-28T13:39:35","slug":"cala-a-boca-ja-morreu-na-dinamarca","status":"publish","type":"post","link":"http:\/\/blogdalucianaoliveira.com.br\/blog\/2022\/03\/28\/cala-a-boca-ja-morreu-na-dinamarca\/","title":{"rendered":"\u2018Cala a boca j\u00e1 morreu\u2019 na Dinamarca"},"content":{"rendered":"\n<figure class=\"wp-block-image size-large\"><img data-recalc-dims=\"1\" loading=\"lazy\" decoding=\"async\" width=\"576\" height=\"1024\" data-attachment-id=\"33495\" data-permalink=\"http:\/\/blogdalucianaoliveira.com.br\/blog\/2022\/03\/28\/cala-a-boca-ja-morreu-na-dinamarca\/277561978_5113753712033824_4047869110801616514_n\/\" data-orig-file=\"https:\/\/i0.wp.com\/blogdalucianaoliveira.com.br\/blog\/wp-content\/uploads\/2022\/03\/277561978_5113753712033824_4047869110801616514_n.jpg?fit=900%2C1600\" data-orig-size=\"900,1600\" data-comments-opened=\"0\" data-image-meta=\"{&quot;aperture&quot;:&quot;0&quot;,&quot;credit&quot;:&quot;&quot;,&quot;camera&quot;:&quot;&quot;,&quot;caption&quot;:&quot;&quot;,&quot;created_timestamp&quot;:&quot;0&quot;,&quot;copyright&quot;:&quot;&quot;,&quot;focal_length&quot;:&quot;0&quot;,&quot;iso&quot;:&quot;0&quot;,&quot;shutter_speed&quot;:&quot;0&quot;,&quot;title&quot;:&quot;&quot;,&quot;orientation&quot;:&quot;0&quot;}\" data-image-title=\"277561978_5113753712033824_4047869110801616514_n\" data-image-description=\"\" data-image-caption=\"\" data-medium-file=\"https:\/\/i0.wp.com\/blogdalucianaoliveira.com.br\/blog\/wp-content\/uploads\/2022\/03\/277561978_5113753712033824_4047869110801616514_n.jpg?fit=169%2C300\" data-large-file=\"https:\/\/i0.wp.com\/blogdalucianaoliveira.com.br\/blog\/wp-content\/uploads\/2022\/03\/277561978_5113753712033824_4047869110801616514_n.jpg?fit=576%2C1024\" src=\"https:\/\/i0.wp.com\/blogdalucianaoliveira.com.br\/blog\/wp-content\/uploads\/2022\/03\/277561978_5113753712033824_4047869110801616514_n.jpg?resize=576%2C1024\" alt=\"\" class=\"wp-image-33495\" srcset=\"https:\/\/i0.wp.com\/blogdalucianaoliveira.com.br\/blog\/wp-content\/uploads\/2022\/03\/277561978_5113753712033824_4047869110801616514_n.jpg?resize=576%2C1024 576w, https:\/\/i0.wp.com\/blogdalucianaoliveira.com.br\/blog\/wp-content\/uploads\/2022\/03\/277561978_5113753712033824_4047869110801616514_n.jpg?resize=169%2C300 169w, https:\/\/i0.wp.com\/blogdalucianaoliveira.com.br\/blog\/wp-content\/uploads\/2022\/03\/277561978_5113753712033824_4047869110801616514_n.jpg?resize=768%2C1365 768w, https:\/\/i0.wp.com\/blogdalucianaoliveira.com.br\/blog\/wp-content\/uploads\/2022\/03\/277561978_5113753712033824_4047869110801616514_n.jpg?resize=864%2C1536 864w, https:\/\/i0.wp.com\/blogdalucianaoliveira.com.br\/blog\/wp-content\/uploads\/2022\/03\/277561978_5113753712033824_4047869110801616514_n.jpg?w=900 900w\" sizes=\"auto, (max-width: 576px) 100vw, 576px\" \/><\/figure>\n\n\n\n<p> Enquanto o Brasil reage \u00e0 tentativa de censura na classe art\u00edstica, em Copenhagen, <a href=\"https:\/\/www.facebook.com\/neidinha.surui?__cft__[0]=AZUV4LVPx3SJPn72wkkIf4bF8yWoyWasNzf_nnx78I7KI6O1lD_e9TSJjSneXiNsRFfAyFayrrnym7FrYNMCNwkh0Oi4TptxvxZaS9ARPEJBKQ&amp;__tn__=-]K-R\">Neidinha Surui<\/a> manifesta seu rep\u00fadio ao governo em coletiva sobre o filme The Territory. Ela, a filha <a href=\"https:\/\/www.facebook.com\/walela.sowetxay?__cft__[0]=AZUV4LVPx3SJPn72wkkIf4bF8yWoyWasNzf_nnx78I7KI6O1lD_e9TSJjSneXiNsRFfAyFayrrnym7FrYNMCNwkh0Oi4TptxvxZaS9ARPEJBKQ&amp;__tn__=-]K-R\">Walelasoetxeige Surui<\/a>, <a href=\"https:\/\/www.facebook.com\/bitate.urueuwauwau?__cft__[0]=AZUV4LVPx3SJPn72wkkIf4bF8yWoyWasNzf_nnx78I7KI6O1lD_e9TSJjSneXiNsRFfAyFayrrnym7FrYNMCNwkh0Oi4TptxvxZaS9ARPEJBKQ&amp;__tn__=-]K-R\">Bitate Juma<\/a>, Tang\u00e3e e Gabriel Uchida acompanham exibi\u00e7\u00f5es do filme na Dinamarca e Holanda.&#8221;<\/p>\n\n\n\n<!--more-->\n\n\n\n<p>Quais s\u00e3o os impactos do desmatamento na Amaz\u00f4nia sobre o clima e sobre os povos ind\u00edgenas? Que impacto a elei\u00e7\u00e3o do presidente populista conservador nacional Jair Bolsonaro teve sobre os agricultores que querem usar a terra amaz\u00f4nica para a agricultura e quais s\u00e3o as consequ\u00eancias para os ativistas que trabalham pelos direitos da popula\u00e7\u00e3o local?&#8221;Essa \u00e9 provoca\u00e7\u00e3o \u00e0 reflex\u00e3o do filme de Alex Pritz, com a colabora\u00e7\u00e3o de ind\u00edgenas, que faturou o pr\u00eamio do p\u00fablico e o pr\u00eamio especial do j\u00fari na categoria document\u00e1rio internacional no Festival de Sundance nos Estados Unidos.<\/p>\n\n\n\n<p>O gesto de Neidinha \u00e9 mais um ato de protesto e resist\u00eancia em defesa dos povos ind\u00edgenas e da floresta. <br><\/p>\n\n\n\n<p>#forabolsonaro<\/p>\n","protected":false},"excerpt":{"rendered":"<p>Enquanto o Brasil reage \u00e0 tentativa de censura na classe art\u00edstica, em Copenhagen, Neidinha Surui manifesta seu rep\u00fadio ao governo em coletiva sobre o filme The Territory. Ela, a filha Walelasoetxeige Surui, Bitate Juma, Tang\u00e3e e Gabriel Uchida acompanham exibi\u00e7\u00f5es do filme na Dinamarca e Holanda.&#8221;<\/p>\n","protected":false},"author":1,"featured_media":0,"comment_status":"closed","ping_status":"open","sticky":false,"template":"","format":"standard","meta":{"_exactmetrics_skip_tracking":false,"_exactmetrics_sitenote_active":false,"_exactmetrics_sitenote_note":"","_exactmetrics_sitenote_category":0,"jetpack_post_was_ever_published":false,"_jetpack_newsletter_access":"","_jetpack_dont_email_post_to_subs":false,"_jetpack_newsletter_tier_id":0,"_jetpack_memberships_contains_paywalled_content":false,"_jetpack_memberships_contains_paid_content":false,"footnotes":"","jetpack_publicize_message":"","jetpack_publicize_feature_enabled":true,"jetpack_social_post_already_shared":true,"jetpack_social_options":{"image_generator_settings":{"template":"highway","enabled":false},"version":2}},"categories":[1],"tags":[689,253,686,687,688],"class_list":["post-33494","post","type-post","status-publish","format-standard","hentry","category-notas","tag-dinamarca","tag-filme","tag-neidinha-surui","tag-sundance","tag-the-territory"],"jetpack_publicize_connections":[],"jetpack_sharing_enabled":true,"jetpack_featured_media_url":"","jetpack_shortlink":"https:\/\/wp.me\/p7wKYW-8Ie","jetpack-related-posts":[],"_links":{"self":[{"href":"http:\/\/blogdalucianaoliveira.com.br\/blog\/wp-json\/wp\/v2\/posts\/33494","targetHints":{"allow":["GET"]}}],"collection":[{"href":"http:\/\/blogdalucianaoliveira.com.br\/blog\/wp-json\/wp\/v2\/posts"}],"about":[{"href":"http:\/\/blogdalucianaoliveira.com.br\/blog\/wp-json\/wp\/v2\/types\/post"}],"author":[{"embeddable":true,"href":"http:\/\/blogdalucianaoliveira.com.br\/blog\/wp-json\/wp\/v2\/users\/1"}],"replies":[{"embeddable":true,"href":"http:\/\/blogdalucianaoliveira.com.br\/blog\/wp-json\/wp\/v2\/comments?post=33494"}],"version-history":[{"count":3,"href":"http:\/\/blogdalucianaoliveira.com.br\/blog\/wp-json\/wp\/v2\/posts\/33494\/revisions"}],"predecessor-version":[{"id":33498,"href":"http:\/\/blogdalucianaoliveira.com.br\/blog\/wp-json\/wp\/v2\/posts\/33494\/revisions\/33498"}],"wp:attachment":[{"href":"http:\/\/blogdalucianaoliveira.com.br\/blog\/wp-json\/wp\/v2\/media?parent=33494"}],"wp:term":[{"taxonomy":"category","embeddable":true,"href":"http:\/\/blogdalucianaoliveira.com.br\/blog\/wp-json\/wp\/v2\/categories?post=33494"},{"taxonomy":"post_tag","embeddable":true,"href":"http:\/\/blogdalucianaoliveira.com.br\/blog\/wp-json\/wp\/v2\/tags?post=33494"}],"curies":[{"name":"wp","href":"https:\/\/api.w.org\/{rel}","templated":true}]}}