{"id":33503,"date":"2022-03-28T12:12:21","date_gmt":"2022-03-28T16:12:21","guid":{"rendered":"http:\/\/blogdalucianaoliveira.com.br\/blog\/?p=33503"},"modified":"2022-03-28T12:12:28","modified_gmt":"2022-03-28T16:12:28","slug":"bolso-vazio-como-nunca","status":"publish","type":"post","link":"http:\/\/blogdalucianaoliveira.com.br\/blog\/2022\/03\/28\/bolso-vazio-como-nunca\/","title":{"rendered":"BOLSO VAZIO COMO NUNCA"},"content":{"rendered":"\n<figure class=\"wp-block-image size-large\"><img loading=\"lazy\" decoding=\"async\" width=\"2560\" height=\"1726\" data-attachment-id=\"33504\" data-permalink=\"http:\/\/blogdalucianaoliveira.com.br\/blog\/2022\/03\/28\/bolso-vazio-como-nunca\/21f0ef3a-6008-4c1f-9bff-dabebc21a807\/\" data-orig-file=\"https:\/\/i0.wp.com\/blogdalucianaoliveira.com.br\/blog\/wp-content\/uploads\/2022\/03\/21F0EF3A-6008-4C1F-9BFF-DABEBC21A807.jpeg?fit=2560%2C1726\" data-orig-size=\"2560,1726\" data-comments-opened=\"0\" data-image-meta=\"{&quot;aperture&quot;:&quot;0&quot;,&quot;credit&quot;:&quot;&quot;,&quot;camera&quot;:&quot;&quot;,&quot;caption&quot;:&quot;&quot;,&quot;created_timestamp&quot;:&quot;0&quot;,&quot;copyright&quot;:&quot;&quot;,&quot;focal_length&quot;:&quot;0&quot;,&quot;iso&quot;:&quot;0&quot;,&quot;shutter_speed&quot;:&quot;0&quot;,&quot;title&quot;:&quot;&quot;,&quot;orientation&quot;:&quot;0&quot;}\" data-image-title=\"21F0EF3A-6008-4C1F-9BFF-DABEBC21A807\" data-image-description=\"\" data-image-caption=\"\" data-medium-file=\"https:\/\/i0.wp.com\/blogdalucianaoliveira.com.br\/blog\/wp-content\/uploads\/2022\/03\/21F0EF3A-6008-4C1F-9BFF-DABEBC21A807.jpeg?fit=300%2C202\" data-large-file=\"https:\/\/i0.wp.com\/blogdalucianaoliveira.com.br\/blog\/wp-content\/uploads\/2022\/03\/21F0EF3A-6008-4C1F-9BFF-DABEBC21A807.jpeg?fit=600%2C404\" src=\"https:\/\/i1.wp.com\/blogdalucianaoliveira.com.br\/blog\/wp-content\/uploads\/2022\/03\/21F0EF3A-6008-4C1F-9BFF-DABEBC21A807.jpeg?fit=600%2C404\" alt=\"\" class=\"wp-image-33504\" srcset=\"https:\/\/i0.wp.com\/blogdalucianaoliveira.com.br\/blog\/wp-content\/uploads\/2022\/03\/21F0EF3A-6008-4C1F-9BFF-DABEBC21A807.jpeg?w=2560 2560w, https:\/\/i0.wp.com\/blogdalucianaoliveira.com.br\/blog\/wp-content\/uploads\/2022\/03\/21F0EF3A-6008-4C1F-9BFF-DABEBC21A807.jpeg?resize=300%2C202 300w, https:\/\/i0.wp.com\/blogdalucianaoliveira.com.br\/blog\/wp-content\/uploads\/2022\/03\/21F0EF3A-6008-4C1F-9BFF-DABEBC21A807.jpeg?resize=1024%2C690 1024w, https:\/\/i0.wp.com\/blogdalucianaoliveira.com.br\/blog\/wp-content\/uploads\/2022\/03\/21F0EF3A-6008-4C1F-9BFF-DABEBC21A807.jpeg?resize=768%2C518 768w, https:\/\/i0.wp.com\/blogdalucianaoliveira.com.br\/blog\/wp-content\/uploads\/2022\/03\/21F0EF3A-6008-4C1F-9BFF-DABEBC21A807.jpeg?resize=1536%2C1036 1536w, https:\/\/i0.wp.com\/blogdalucianaoliveira.com.br\/blog\/wp-content\/uploads\/2022\/03\/21F0EF3A-6008-4C1F-9BFF-DABEBC21A807.jpeg?resize=2048%2C1381 2048w, https:\/\/i0.wp.com\/blogdalucianaoliveira.com.br\/blog\/wp-content\/uploads\/2022\/03\/21F0EF3A-6008-4C1F-9BFF-DABEBC21A807.jpeg?resize=445%2C300 445w, https:\/\/i0.wp.com\/blogdalucianaoliveira.com.br\/blog\/wp-content\/uploads\/2022\/03\/21F0EF3A-6008-4C1F-9BFF-DABEBC21A807.jpeg?w=1200 1200w, https:\/\/i0.wp.com\/blogdalucianaoliveira.com.br\/blog\/wp-content\/uploads\/2022\/03\/21F0EF3A-6008-4C1F-9BFF-DABEBC21A807.jpeg?w=1800 1800w\" sizes=\"auto, (max-width: 600px) 100vw, 600px\" \/><\/figure>\n\n\n\n<p>Revista Piau\u00ed &#8211; <strong>E<\/strong>m 2021, o custo de vida ficou mais alto e a renda do brasileiro, mais curta. Desde que come\u00e7ou a compilar dados sobre o poder de compra no pa\u00eds, o IBGE nunca registrou um valor t\u00e3o baixo quanto o do trimestre de setembro a novembro do ano passado. Naquele per\u00edodo, o assalariado recebia em m\u00e9dia R$ 2.444 por m\u00eas \u2014 valor 11,25% inferior ao do trimestre anterior. Os principais prejudicados s\u00e3o, \u00e9 claro, os mais pobres. Para se ter uma ideia, a queda no rendimento empurrou quase 5 milh\u00f5es de brasileiros para baixo da linha da pobreza. Trabalhadores de defesa, educa\u00e7\u00e3o e sa\u00fade sofreram as maiores perdas. O\u00a0<em>=igualdades<\/em>\u00a0desta semana esmi\u00fa\u00e7a os \u00faltimos dados do decl\u00ednio na renda dos brasileiros.<\/p>\n\n\n\n<!--more-->\n\n\n\n<figure class=\"wp-block-image\"><img data-recalc-dims=\"1\" decoding=\"async\" src=\"https:\/\/i0.wp.com\/piaui.folha.uol.com.br\/wp-content\/uploads\/2022\/03\/01.-Perda-de-renda.jpg?w=600&#038;ssl=1\" alt=\"\" class=\"wp-image-413117\"\/><\/figure>\n\n\n\n<p>No trimestre de setembro a novembro de 2021, o sal\u00e1rio do brasileiro caiu ao menor n\u00edvel j\u00e1 registrado pela Pnad Cont\u00ednua, pesquisa do IBGE que desde 2012 acompanha a for\u00e7a de trabalho no pa\u00eds. A renda m\u00e9dia mensal, normalmente recebida pelos trabalhadores ocupados, ficou em R$ 2.444, valor 11,25% menor ao do trimestre antecedente.&nbsp;<\/p>\n\n\n\n<figure class=\"wp-block-image\"><img data-recalc-dims=\"1\" decoding=\"async\" src=\"https:\/\/i0.wp.com\/piaui.folha.uol.com.br\/wp-content\/uploads\/2022\/03\/02.-Perda-de-renda.jpg?w=600&#038;ssl=1\" alt=\"\" class=\"wp-image-413118\"\/><\/figure>\n\n\n\n<p>per\u00edodo.<\/p>\n\n\n\n<figure class=\"wp-block-image\"><img data-recalc-dims=\"1\" decoding=\"async\" src=\"https:\/\/i0.wp.com\/piaui.folha.uol.com.br\/wp-content\/uploads\/2022\/03\/03.-Perda-de-renda.jpg?w=600&#038;ssl=1\" alt=\"\" class=\"wp-image-413119\"\/><\/figure>\n\n\n\n<p>Na pandemia, o contingente de brasileiros pobres cresceu muito em pouco tempo. Mais de 4,7 milh\u00f5es de brasileiros foram empurrados para baixo da linha da pobreza. Em dezembro de 2019, cerca de 23 milh\u00f5es eram considerados pobres e tinham renda per capita inferior a R$ 261 mensais. J\u00e1 no trimestre de abril a junho de 2021, o n\u00famero chegou a 27,7 milh\u00f5es.<\/p>\n\n\n\n<figure class=\"wp-block-image\"><img data-recalc-dims=\"1\" decoding=\"async\" src=\"https:\/\/i0.wp.com\/piaui.folha.uol.com.br\/wp-content\/uploads\/2022\/03\/04.-Perda-de-renda.jpg?w=600&#038;ssl=1\" alt=\"\" class=\"wp-image-413120\"\/><\/figure>\n\n\n\n<p>A renda mensal dos brasileiros mais pobres ficou em R$ 172 no segundo trimestre de 2021. Para comprar uma cesta b\u00e1sica em Salvador, capital com o menor custo m\u00e9dio para os alimentos, um brasileiro abaixo da linha da pobreza teria de guardar tr\u00eas meses de sal\u00e1rio.&nbsp;<\/p>\n\n\n\n<figure class=\"wp-block-image\"><img data-recalc-dims=\"1\" decoding=\"async\" src=\"https:\/\/i0.wp.com\/piaui.folha.uol.com.br\/wp-content\/uploads\/2022\/03\/05.-Perda-de-renda.jpg?w=600&#038;ssl=1\" alt=\"\" class=\"wp-image-413121\"\/><\/figure>\n\n\n\n<p>A desigualdade na queda de rendimento tamb\u00e9m pode ser observada na atividade profissional. De setembro a novembro de 2021, pessoas que trabalhavam com defesa, educa\u00e7\u00e3o e sa\u00fade perderam 7,1% da renda (R$ 270 mensais) em compara\u00e7\u00e3o com o trimestre anterior; \u00e9 mais que o dobro da queda de 2,3% registrada no setor de servi\u00e7os dom\u00e9sticos.<\/p>\n\n\n\n<figure class=\"wp-block-image\"><img data-recalc-dims=\"1\" decoding=\"async\" src=\"https:\/\/i0.wp.com\/piaui.folha.uol.com.br\/wp-content\/uploads\/2022\/03\/06.-Perda-de-renda.jpg?w=600&#038;ssl=1\" alt=\"\" class=\"wp-image-413122\"\/><\/figure>\n\n\n\n<p>Na pandemia, as trabalhadoras mulheres tiveram de se dedicar tanto \u00e0s atividades profissionais quanto \u00e0s dom\u00e9sticas. Com isso, ganharam menos aumento e foram as que mais sofreram cortes nos sal\u00e1rios. Como consequ\u00eancia, as fam\u00edlias chefiadas por homens ficaram com a renda 60% superior \u00e0 das chefiadas por mulheres no terceiro trimestre de 2021. No in\u00edcio da pandemia, a diferen\u00e7a era de 47%.<\/p>\n\n\n\n<figure class=\"wp-block-image\"><img data-recalc-dims=\"1\" decoding=\"async\" src=\"https:\/\/i0.wp.com\/piaui.folha.uol.com.br\/wp-content\/uploads\/2022\/03\/07.-Perda-de-renda.jpg?w=600&#038;ssl=1\" alt=\"\" class=\"wp-image-413123\"\/><\/figure>\n\n\n\n<p>Entre os grupos et\u00e1rios, os trabalhadores idosos tiveram a perda de renda mais significativa. Os brasileiros com mais de 60 anos perderam 14,22% da renda durante a pandemia \u2014 taxa elevada em rela\u00e7\u00e3o \u00e0 popula\u00e7\u00e3o geral, que perdeu 9,43%.<\/p>\n\n\n\n<p><em><strong>*<\/strong><\/em><\/p>\n\n\n\n<p><strong>Fonte:<\/strong>&nbsp;IBGE\/Pnad;&nbsp;Funda\u00e7\u00e3o Getulio Vargas; Dieese; Observat\u00f3rio das Metr\u00f3poles.<\/p>\n","protected":false},"excerpt":{"rendered":"<p>Revista Piau\u00ed &#8211; Em 2021, o custo de vida ficou mais alto e a renda do brasileiro, mais curta. Desde que come\u00e7ou a compilar dados sobre o poder de compra no pa\u00eds, o IBGE nunca registrou um valor t\u00e3o baixo quanto o do trimestre de setembro a novembro do ano passado. Naquele per\u00edodo, o assalariado&#8230;<a class=\"more-link\" href=\"http:\/\/blogdalucianaoliveira.com.br\/blog\/2022\/03\/28\/bolso-vazio-como-nunca\/\">Continue a leitura <span class=\"meta-nav\">&raquo;<\/span><\/a><\/p>\n","protected":false},"author":1,"featured_media":0,"comment_status":"closed","ping_status":"open","sticky":false,"template":"","format":"standard","meta":{"_exactmetrics_skip_tracking":false,"_exactmetrics_sitenote_active":false,"_exactmetrics_sitenote_note":"","_exactmetrics_sitenote_category":0,"jetpack_post_was_ever_published":false,"_jetpack_newsletter_access":"","_jetpack_dont_email_post_to_subs":false,"_jetpack_newsletter_tier_id":0,"_jetpack_memberships_contains_paywalled_content":false,"_jetpack_memberships_contains_paid_content":false,"footnotes":"","jetpack_publicize_message":"","jetpack_publicize_feature_enabled":true,"jetpack_social_post_already_shared":true,"jetpack_social_options":{"image_generator_settings":{"template":"highway","enabled":false},"version":2}},"categories":[1],"tags":[],"class_list":["post-33503","post","type-post","status-publish","format-standard","hentry","category-notas"],"jetpack_publicize_connections":[],"jetpack_sharing_enabled":true,"jetpack_featured_media_url":"","jetpack_shortlink":"https:\/\/wp.me\/p7wKYW-8In","jetpack-related-posts":[],"_links":{"self":[{"href":"http:\/\/blogdalucianaoliveira.com.br\/blog\/wp-json\/wp\/v2\/posts\/33503","targetHints":{"allow":["GET"]}}],"collection":[{"href":"http:\/\/blogdalucianaoliveira.com.br\/blog\/wp-json\/wp\/v2\/posts"}],"about":[{"href":"http:\/\/blogdalucianaoliveira.com.br\/blog\/wp-json\/wp\/v2\/types\/post"}],"author":[{"embeddable":true,"href":"http:\/\/blogdalucianaoliveira.com.br\/blog\/wp-json\/wp\/v2\/users\/1"}],"replies":[{"embeddable":true,"href":"http:\/\/blogdalucianaoliveira.com.br\/blog\/wp-json\/wp\/v2\/comments?post=33503"}],"version-history":[{"count":1,"href":"http:\/\/blogdalucianaoliveira.com.br\/blog\/wp-json\/wp\/v2\/posts\/33503\/revisions"}],"predecessor-version":[{"id":33505,"href":"http:\/\/blogdalucianaoliveira.com.br\/blog\/wp-json\/wp\/v2\/posts\/33503\/revisions\/33505"}],"wp:attachment":[{"href":"http:\/\/blogdalucianaoliveira.com.br\/blog\/wp-json\/wp\/v2\/media?parent=33503"}],"wp:term":[{"taxonomy":"category","embeddable":true,"href":"http:\/\/blogdalucianaoliveira.com.br\/blog\/wp-json\/wp\/v2\/categories?post=33503"},{"taxonomy":"post_tag","embeddable":true,"href":"http:\/\/blogdalucianaoliveira.com.br\/blog\/wp-json\/wp\/v2\/tags?post=33503"}],"curies":[{"name":"wp","href":"https:\/\/api.w.org\/{rel}","templated":true}]}}