{"id":33506,"date":"2022-03-29T09:35:43","date_gmt":"2022-03-29T13:35:43","guid":{"rendered":"http:\/\/blogdalucianaoliveira.com.br\/blog\/?p=33506"},"modified":"2022-03-29T09:35:49","modified_gmt":"2022-03-29T13:35:49","slug":"brasil-e-pais-da-negligencia-diz-anistia-ao-lancar-informe-anual-sobre-direitos-humanos","status":"publish","type":"post","link":"http:\/\/blogdalucianaoliveira.com.br\/blog\/2022\/03\/29\/brasil-e-pais-da-negligencia-diz-anistia-ao-lancar-informe-anual-sobre-direitos-humanos\/","title":{"rendered":"Brasil \u00e9 &#8220;pa\u00eds da neglig\u00eancia&#8221;, diz Anistia ao lan\u00e7ar informe anual sobre direitos humanos"},"content":{"rendered":"\n<figure class=\"wp-block-image\"><img data-recalc-dims=\"1\" decoding=\"async\" src=\"https:\/\/i0.wp.com\/images01.brasildefato.com.br\/b2fa8ffd34010cd972954119209010a6.jpeg?w=600&#038;ssl=1\" alt=\"\"\/><\/figure>\n\n\n\n<h4 class=\"wp-block-heading\">Entidade internacional vai oficiar Jair Bolsonaro (PL) por viola\u00e7\u00f5es especialmente durante pandemia de covid-19<\/h4>\n\n\n\n<!--more-->\n\n\n\n<p>Gabriela Moncau &#8211; Brasil de Fato <\/p>\n\n\n\n<p>Chega a 120 mil o n\u00famero de&nbsp;<a href=\"https:\/\/www.brasildefato.com.br\/2022\/02\/23\/mortes-por-covid-19-indicam-que-pandemia-no-brasil-ainda-esta-longe-do-fim\" target=\"_blank\" rel=\"noreferrer noopener\">mortes por covid-19<\/a>&nbsp;que poderiam ter sido evitadas no Brasil. Isso somente em 2020,&nbsp;o primeiro ano da pandemia. O dado est\u00e1 no informe &#8220;Anistia Internacional sobre o estado dos direitos humanos no mundo&#8221;, divulgado pela entidade nesta ter\u00e7a-feira (29).&nbsp;&nbsp;<\/p>\n\n\n\n<p>Al\u00e9m das viola\u00e7\u00f5es referentes \u00e0 crise sanit\u00e1ria durante o governo Bolsonaro, o documento fundamenta em n\u00fameros o agravamento do desemprego, das viol\u00eancias policial e de g\u00eanero, da destrui\u00e7\u00e3o do meio ambiente e da falta de acesso a alimentos no \u00faltimo ano.&nbsp;&nbsp;<\/p>\n\n\n\n<p>\u201cO relat\u00f3rio \u00e9 uma fotografia do Brasil e do mundo no ano passado, 2021. E a fotografia \u00e9 dram\u00e1tica\u201d, resume Jurema Werneck, diretora executiva da Anistia Internacional no pa\u00eds. \u201cO Brasil, ao longo da pandemia, tem emergido como o pa\u00eds da neglig\u00eancia\u201d, atesta.&nbsp;<\/p>\n\n\n\n<p>Com o documento, a Anistia Internacional vai oficiar o presidente Jair Bolsonaro (PL);\u00a0a ministra Damares Alves (PP), da Secretaria da Mulher, da Fam\u00edlia e dos Direitos Humanos;\u00a0e os presidentes das comiss\u00f5es de direitos humanos na C\u00e2mara Federal e no Senado, Carlos Veras (PT) e Humberto Costa (PT), respectivamente.\u00a0\u00a0<br><\/p>\n\n\n\n<p><strong>Fome e pobreza&nbsp;<\/strong><\/p>\n\n\n\n<p>Enquanto a inseguran\u00e7a alimentar atinge, em algum n\u00edvel, mais da metade da popula\u00e7\u00e3o brasileira, conforme indica a Rede Brasileira de Pesquisa em Soberania e Seguran\u00e7a Alimentar, a fome \u00e9 realidade para 9% dos domic\u00edlios pesquisados.&nbsp;<\/p>\n\n\n\n<p>Paradoxalmente, as popula\u00e7\u00f5es que tradicionalmente produzem alimento foram as mais atingidas. Entre comunidades agricultoras, quilombolas, ind\u00edgenas e ribeirinhas, a fome afetou 12% das moradas.&nbsp;<\/p>\n\n\n\n<p>S\u00e3o essas popula\u00e7\u00f5es tamb\u00e9m as que enfrentam o aumento dos conflitos rurais e da invas\u00e3o de suas terras, que, entre 2019 e 2020, saltou 102%. S\u00f3 no ano passado, foram derrubados cerca de 13 mil km\u00b2 de floresta na Amaz\u00f4nia brasileira. \u00c9 o recorde desde 2006.&nbsp;&nbsp;<br><\/p>\n\n\n\n<p>O acesso escasso \u00e0 comida est\u00e1 relacionado tamb\u00e9m com a renda. De acordo com o documento da Anistia, a redu\u00e7\u00e3o do Aux\u00edlio Emergencial \u2013 que, em sua primeira fase, foi de R$ 600 e depois baixou para valores entre R$ 375, R$ 250 e R$ 150 \u2013 levou muitas pessoas a viverem com graves dificuldades financeiras. Entre as mulheres negras, 38% vivem em situa\u00e7\u00e3o de pobreza e 12,3%, em extrema pobreza.&nbsp;&nbsp;<\/p>\n\n\n\n<p>Para Werneck, que tamb\u00e9m \u00e9 m\u00e9dica e ativista antirracista, \u201co Brasil j\u00e1 sabia que tinha que tomar medidas para proteger a vida dessas pessoas \u2013 mulheres negras, quilombolas, ind\u00edgenas, moradores das favelas e periferias, pessoas trans, popula\u00e7\u00e3o carcer\u00e1ria&#8230;&nbsp;\u00c9&nbsp;tanta gente \u2013, j\u00e1 sabia antes da pandemia surgir.\u201d&nbsp;<\/p>\n\n\n\n<figure class=\"wp-block-image\"><img data-recalc-dims=\"1\" decoding=\"async\" src=\"https:\/\/i0.wp.com\/images01.brasildefato.com.br\/a0f63923aaa10bbf1faff578d557eb69.jpeg?w=600&#038;ssl=1\" alt=\"\"\/><\/figure>\n\n\n\n<p><br>Jurema Werneck (foto) denunciou a gest\u00e3o da pandemia feita pelo governo Bolsonaro durante a CPI da covid-19 \/ Edilson Rodrigues\/Ag\u00eancia Senado<\/p>\n\n\n\n<p>\u201cE, quando surgiu, em vez de tomar medidas para garantir a essas pessoas as condi\u00e7\u00f5es m\u00ednimas de subsist\u00eancia, fez justo o contr\u00e1rio\u201d, continua, exemplificando com a extin\u00e7\u00e3o do programa Bolsa Fam\u00edlia e sua substitui\u00e7\u00e3o pelo&nbsp;<a href=\"https:\/\/www.brasildefato.com.br\/2021\/12\/09\/meramente-eleitoral-diz-economista-sobre-auxilio-brasil\" target=\"_blank\" rel=\"noreferrer noopener\">Aux\u00edlio Brasil, que inclui um n\u00famero menor de beneficiados<\/a>.&nbsp;&nbsp;<\/p>\n\n\n\n<p>\u201cPorque essas pessoas t\u00eam direitos. E a outra face do direito dessas pessoas \u00e9 a obriga\u00e7\u00e3o da administra\u00e7\u00e3o p\u00fablica. Um presidente da Rep\u00fablica, um governador e um prefeito, n\u00e3o t\u00eam, entre os seus poderes, o de escolher quem vive e quem morre\u201d, defende Jurema Werneck.&nbsp;<\/p>\n\n\n\n<p><strong>Leia tamb\u00e9m:&nbsp;<a href=\"https:\/\/www.brasildefato.com.br\/2021\/12\/09\/meramente-eleitoral-diz-economista-sobre-auxilio-brasil\" target=\"_blank\" rel=\"noreferrer noopener\">&#8220;Meramente eleitoral&#8221;, diz economista sobre Aux\u00edlio Brasil<\/a><\/strong><\/p>\n\n\n\n<p><strong>Viol\u00eancia policial e \u201cguerra \u00e0s drogas\u201d&nbsp;<\/strong><\/p>\n\n\n\n<p>Em 2020, conforme mostra o relat\u00f3rio da Anistia Internacional, nos Estados Unidos \u2013 pa\u00eds de&nbsp;<a href=\"https:\/\/www.brasildefato.com.br\/2021\/05\/25\/george-floyd-um-ano-do-levante-global-que-entrou-para-historia-da-luta-antirracista\" target=\"_blank\" rel=\"noreferrer noopener\">George Floyd<\/a>&nbsp;e conhecido pelo genoc\u00eddio racista estatal \u2013, 888 pessoas foram mortas pela pol\u00edcia.&nbsp;<\/p>\n\n\n\n<p>No mesmo ano, a pol\u00edcia matou 6.416 pessoas no Brasil. Entre elas, mais da metade eram jovens negros. O ano seguinte ficaria marcado pela chacina do Jacarezinho, que deixou 28 mortos em 6 de maio no Rio de Janeiro.&nbsp;<\/p>\n\n\n\n<figure class=\"wp-block-image\"><img data-recalc-dims=\"1\" decoding=\"async\" src=\"https:\/\/i0.wp.com\/images01.brasildefato.com.br\/7af55c2191a106e6ef6f68ab801c5598.jpeg?w=600&#038;ssl=1\" alt=\"\"\/><\/figure>\n\n\n\n<p><br>Protesto em den\u00fancia \u00e0 chacina no Jacarezinho&nbsp;\/ Reprodu\u00e7\u00e3o<\/p>\n\n\n\n<p>Na vis\u00e3o de Werneck, s\u00e3o m\u00faltiplos os fatores que explicam a crescente viol\u00eancia do Estado brasileiro contra sua pr\u00f3pria popula\u00e7\u00e3o. \u201cO n\u00e3o enfrentamento ao racismo e, pior que isso, o desmantelamento dos mecanismos de corre\u00e7\u00e3o da trag\u00e9dia que o racismo produz est\u00e1 por tr\u00e1s disso\u201d.&nbsp;<\/p>\n\n\n\n<p>A falta de pol\u00edticas p\u00fablicas de amparo \u00e0 popula\u00e7\u00e3o negra e tamb\u00e9m \u201ca op\u00e7\u00e3o do Estado brasileiro em desenvolver o que eles chamam de \u2018guerra \u00e0s drogas\u2019\u201d, elenca.&nbsp;&nbsp;<\/p>\n\n\n\n<p>\u201cMas n\u00e3o se trata de uma guerra. Jovens negros, jovens pobres, n\u00e3o s\u00e3o inimigos da na\u00e7\u00e3o. Muito pelo contr\u00e1rio, s\u00e3o v\u00edtimas e produto dessas inequidades, injusti\u00e7as e discrimina\u00e7\u00f5es\u201d, avalia a ativista. \u201cO que o Estado faz \u00e9 decidir implementar a elimina\u00e7\u00e3o dessas pessoas, vistas como inimigas\u201d.&nbsp;&nbsp;<\/p>\n\n\n\n<p><a href=\"https:\/\/www.brasildefato.com.br\/2021\/12\/15\/policia-mata-uma-pessoa-negra-a-cada-quatro-horas-aponta-relatorio\" target=\"_blank\" rel=\"noreferrer noopener\"><strong>::&nbsp;Pol\u00edcia mata uma pessoa negra a cada quatro horas, aponta relat\u00f3rio ::<\/strong><\/a><\/p>\n\n\n\n<p><strong>Continente americano&nbsp;<\/strong><\/p>\n\n\n\n<p>A Anistia Internacional tamb\u00e9m traz dados sobre os direitos humanos nas Am\u00e9ricas. Aponta como um avan\u00e7o as mudan\u00e7as legislativas na Argentina, na Col\u00f4mbia e no M\u00e9xico que, em diferentes n\u00edveis, ampliaram o&nbsp;<a href=\"https:\/\/www.brasildefato.com.br\/2022\/02\/25\/entenda-os-desafios-para-garantir-o-direito-do-aborto-na-colombia\" target=\"_blank\" rel=\"noreferrer noopener\">acesso das mulheres ao direito ao aborto<\/a>.&nbsp;&nbsp;<\/p>\n\n\n\n<p>No combate \u00e0 pandemia, o continente americano tem o segundo maior \u00edndice de vacina\u00e7\u00e3o&nbsp;<em>per capta<\/em>. O problema, de acordo com o documento, s\u00e3o os contrastes.&nbsp;&nbsp;<\/p>\n\n\n\n<p>\u201cTemos Cuba e Chile que vacinaram 90% da popula\u00e7\u00e3o e temos o Haiti, que, no mesmo per\u00edodo, o do ano passado, tinha vacinado s\u00f3 2%. E tamb\u00e9m os Estados Unidos e o Canad\u00e1, com estoque que dava para vacinar a popula\u00e7\u00e3o toda da regi\u00e3o. E nem vacinam o total da sua popula\u00e7\u00e3o, nem distribuem para o resto do mundo, que est\u00e1 carente de vacina\u201d, descreve Jurema.&nbsp;<\/p>\n\n\n\n<p><strong>Leia mais:&nbsp;<a href=\"https:\/\/www.brasildefato.com.br\/2022\/02\/25\/entenda-os-desafios-para-garantir-o-direito-do-aborto-na-colombia\" target=\"_blank\" rel=\"noreferrer noopener\">Entenda os desafios para garantir o direito do aborto na Col\u00f4mbia<\/a><\/strong><\/p>\n\n\n\n<p><strong>Ativismo&nbsp;<\/strong><\/p>\n\n\n\n<p>\u201cAqui \u00e9 o pa\u00eds onde mais se mata ativistas, mas a sociedade precisa dizer n\u00e3o\u201d, aponta a diretora executiva da Anistia Internacional sobre o contexto brasileiro.&nbsp;&nbsp;<\/p>\n\n\n\n<p>Em rela\u00e7\u00e3o aos caminhos diante da fotografia apresentada pela entidade, Jurema Werneck defende que \u201c\u00e9 preciso dizer que ativistas s\u00e3o uma riqueza que a sociedade tem para garantir um caminho em busca da dignidade e da justi\u00e7a\u201d.&nbsp;&nbsp;<\/p>\n\n\n\n<p>\u201cN\u00e3o h\u00e1 outro caminho\u201d, destaca, \u201csen\u00e3o o caminho da luta\u201d.<\/p>\n\n\n\n<p>Edi\u00e7\u00e3o: Rodrigo Dur\u00e3o Coelho<\/p>\n","protected":false},"excerpt":{"rendered":"<p>Entidade internacional vai oficiar Jair Bolsonaro (PL) por viola\u00e7\u00f5es especialmente durante pandemia de covid-19<\/p>\n","protected":false},"author":1,"featured_media":0,"comment_status":"closed","ping_status":"open","sticky":false,"template":"","format":"standard","meta":{"_exactmetrics_skip_tracking":false,"_exactmetrics_sitenote_active":false,"_exactmetrics_sitenote_note":"","_exactmetrics_sitenote_category":0,"jetpack_post_was_ever_published":false,"_jetpack_newsletter_access":"","_jetpack_dont_email_post_to_subs":false,"_jetpack_newsletter_tier_id":0,"_jetpack_memberships_contains_paywalled_content":false,"_jetpack_memberships_contains_paid_content":false,"footnotes":"","jetpack_publicize_message":"","jetpack_publicize_feature_enabled":true,"jetpack_social_post_already_shared":true,"jetpack_social_options":{"image_generator_settings":{"template":"highway","enabled":false},"version":2}},"categories":[1],"tags":[],"class_list":["post-33506","post","type-post","status-publish","format-standard","hentry","category-notas"],"jetpack_publicize_connections":[],"jetpack_sharing_enabled":true,"jetpack_featured_media_url":"","jetpack_shortlink":"https:\/\/wp.me\/p7wKYW-8Iq","jetpack-related-posts":[],"_links":{"self":[{"href":"http:\/\/blogdalucianaoliveira.com.br\/blog\/wp-json\/wp\/v2\/posts\/33506","targetHints":{"allow":["GET"]}}],"collection":[{"href":"http:\/\/blogdalucianaoliveira.com.br\/blog\/wp-json\/wp\/v2\/posts"}],"about":[{"href":"http:\/\/blogdalucianaoliveira.com.br\/blog\/wp-json\/wp\/v2\/types\/post"}],"author":[{"embeddable":true,"href":"http:\/\/blogdalucianaoliveira.com.br\/blog\/wp-json\/wp\/v2\/users\/1"}],"replies":[{"embeddable":true,"href":"http:\/\/blogdalucianaoliveira.com.br\/blog\/wp-json\/wp\/v2\/comments?post=33506"}],"version-history":[{"count":1,"href":"http:\/\/blogdalucianaoliveira.com.br\/blog\/wp-json\/wp\/v2\/posts\/33506\/revisions"}],"predecessor-version":[{"id":33507,"href":"http:\/\/blogdalucianaoliveira.com.br\/blog\/wp-json\/wp\/v2\/posts\/33506\/revisions\/33507"}],"wp:attachment":[{"href":"http:\/\/blogdalucianaoliveira.com.br\/blog\/wp-json\/wp\/v2\/media?parent=33506"}],"wp:term":[{"taxonomy":"category","embeddable":true,"href":"http:\/\/blogdalucianaoliveira.com.br\/blog\/wp-json\/wp\/v2\/categories?post=33506"},{"taxonomy":"post_tag","embeddable":true,"href":"http:\/\/blogdalucianaoliveira.com.br\/blog\/wp-json\/wp\/v2\/tags?post=33506"}],"curies":[{"name":"wp","href":"https:\/\/api.w.org\/{rel}","templated":true}]}}