{"id":33511,"date":"2022-04-01T16:14:43","date_gmt":"2022-04-01T20:14:43","guid":{"rendered":"http:\/\/blogdalucianaoliveira.com.br\/blog\/?p=33511"},"modified":"2022-04-01T16:14:47","modified_gmt":"2022-04-01T20:14:47","slug":"dia-da-mentira-nao-e-so-1o-de-abril-para-bolsonaro-veja-6-vezes-em-que-presidente-mentiu","status":"publish","type":"post","link":"http:\/\/blogdalucianaoliveira.com.br\/blog\/2022\/04\/01\/dia-da-mentira-nao-e-so-1o-de-abril-para-bolsonaro-veja-6-vezes-em-que-presidente-mentiu\/","title":{"rendered":"Dia da Mentira n\u00e3o \u00e9 s\u00f3 1\u00ba de abril para Bolsonaro: veja 6 vezes em que presidente mentiu"},"content":{"rendered":"\n<figure class=\"wp-block-image size-large\"><img data-recalc-dims=\"1\" loading=\"lazy\" decoding=\"async\" width=\"600\" height=\"400\" data-attachment-id=\"33512\" data-permalink=\"http:\/\/blogdalucianaoliveira.com.br\/blog\/2022\/04\/01\/dia-da-mentira-nao-e-so-1o-de-abril-para-bolsonaro-veja-6-vezes-em-que-presidente-mentiu\/53a57c92-cbfc-43b2-b72f-93d27bd39dfc\/\" data-orig-file=\"https:\/\/i0.wp.com\/blogdalucianaoliveira.com.br\/blog\/wp-content\/uploads\/2022\/04\/53A57C92-CBFC-43B2-B72F-93D27BD39DFC.jpeg?fit=800%2C533\" data-orig-size=\"800,533\" data-comments-opened=\"0\" data-image-meta=\"{&quot;aperture&quot;:&quot;0&quot;,&quot;credit&quot;:&quot;Carolina Antunes&quot;,&quot;camera&quot;:&quot;&quot;,&quot;caption&quot;:&quot;&quot;,&quot;created_timestamp&quot;:&quot;0&quot;,&quot;copyright&quot;:&quot;&quot;,&quot;focal_length&quot;:&quot;0&quot;,&quot;iso&quot;:&quot;0&quot;,&quot;shutter_speed&quot;:&quot;0&quot;,&quot;title&quot;:&quot;&quot;,&quot;orientation&quot;:&quot;0&quot;}\" data-image-title=\"53A57C92-CBFC-43B2-B72F-93D27BD39DFC\" data-image-description=\"\" data-image-caption=\"\" data-medium-file=\"https:\/\/i0.wp.com\/blogdalucianaoliveira.com.br\/blog\/wp-content\/uploads\/2022\/04\/53A57C92-CBFC-43B2-B72F-93D27BD39DFC.jpeg?fit=300%2C200\" data-large-file=\"https:\/\/i0.wp.com\/blogdalucianaoliveira.com.br\/blog\/wp-content\/uploads\/2022\/04\/53A57C92-CBFC-43B2-B72F-93D27BD39DFC.jpeg?fit=600%2C400\" src=\"https:\/\/i0.wp.com\/blogdalucianaoliveira.com.br\/blog\/wp-content\/uploads\/2022\/04\/53A57C92-CBFC-43B2-B72F-93D27BD39DFC.jpeg?resize=600%2C400\" alt=\"\" class=\"wp-image-33512\" srcset=\"https:\/\/i0.wp.com\/blogdalucianaoliveira.com.br\/blog\/wp-content\/uploads\/2022\/04\/53A57C92-CBFC-43B2-B72F-93D27BD39DFC.jpeg?w=800 800w, https:\/\/i0.wp.com\/blogdalucianaoliveira.com.br\/blog\/wp-content\/uploads\/2022\/04\/53A57C92-CBFC-43B2-B72F-93D27BD39DFC.jpeg?resize=300%2C200 300w, https:\/\/i0.wp.com\/blogdalucianaoliveira.com.br\/blog\/wp-content\/uploads\/2022\/04\/53A57C92-CBFC-43B2-B72F-93D27BD39DFC.jpeg?resize=768%2C512 768w, https:\/\/i0.wp.com\/blogdalucianaoliveira.com.br\/blog\/wp-content\/uploads\/2022\/04\/53A57C92-CBFC-43B2-B72F-93D27BD39DFC.jpeg?resize=450%2C300 450w\" sizes=\"auto, (max-width: 600px) 100vw, 600px\" \/><\/figure>\n\n\n\n<h4 class=\"wp-block-heading\">At\u00e9 agora, em 1.185 dias como presidente, Bolsonaro j\u00e1 deu 5.145 declara\u00e7\u00f5es falsas ou distorcidas&nbsp;<\/h4>\n\n\n\n<!--more-->\n\n\n\n<p>Reda\u00e7\u00e3o &#8211; Brasil de Fato | S\u00e3o Paulo (SP)\u00a0<\/p>\n\n\n\n<p>A&nbsp;<a href=\"https:\/\/www.brasildefato.com.br\/2022\/04\/01\/bolsonaro-bate-5-mil-mentiras-desde-2019-bolsonaromentiroso-e-bolsonaroday-crescem-nas-redes\" target=\"_blank\" rel=\"noreferrer noopener\">hashtag #ForaBolsonaro<\/a>&nbsp;est\u00e1 sendo utilizada nesta sexta-feira, 1\u00ba de abril, considerado o Dia da Mentira, para relembrar as falsidades ditas pelo presidente Jair Bolsonaro (PL) durante a sua gest\u00e3o. A a\u00e7\u00e3o nas redes sociais est\u00e1 sendo promovida pela Campanha Nacional Fora Bolsonaro. &nbsp;&nbsp;<\/p>\n\n\n\n<p>At\u00e9 agora, em 1.185 dias como presidente, Bolsonaro j\u00e1 deu 5.145 declara\u00e7\u00f5es falsas ou distorcidas, segundo o site de checagem<em>&nbsp;Aos Fatos.<\/em>&nbsp;<\/p>\n\n\n\n<p><a href=\"https:\/\/www.brasildefato.com.br\/2022\/04\/01\/bolsonaro-bate-5-mil-mentiras-desde-2019-bolsonaromentiroso-e-bolsonaroday-crescem-nas-redes\" target=\"_blank\" rel=\"noreferrer noopener\">::&nbsp;Bolsonaro bate 5 mil mentiras desde 2019; #BolsonaroMentiroso e #BolsonaroDay crescem nas redes ::<\/a><\/p>\n\n\n\n<p>Relembre algumas das mentiras de Bolsonaro:&nbsp;<\/p>\n\n\n\n<p>1) N\u00e3o h\u00e1 mais corrup\u00e7\u00e3o no Brasil&nbsp;<\/p>\n\n\n\n<p>Uma das frases mais repetidas \u00e9 que em seu governo n\u00e3o h\u00e1 corrup\u00e7\u00e3o. \u201cTr\u00eas anos e tr\u00eas meses em paz nessas quest\u00f5es [corrup\u00e7\u00e3o]\u201d, disse o presidente 191 vezes. Frequentemente, funcion\u00e1rios da gest\u00e3o s\u00e3o alvos de den\u00fancias e investiga\u00e7\u00f5es sobre casos de corrup\u00e7\u00e3o e outros crimes relacionados \u00e0 administra\u00e7\u00e3o p\u00fablica. &nbsp; &nbsp;<\/p>\n\n\n\n<p>No caso mais recente, o agora ex-ministro da Educa\u00e7\u00e3o, Milton Ribeiro, \u00e9 investigado por um suposto esquema corrup\u00e7\u00e3o dentro da pasta envolvendo a distribui\u00e7\u00e3o de verbas para prefeituras intermediada por pastores.<\/p>\n\n\n\n<p><strong><a href=\"https:\/\/www.brasildefato.com.br\/2022\/03\/23\/ouro-dinheiro-fila-de-pastores-o-que-se-sabe-sobre-o-bolsolao-no-ministerio-da-educacao\" target=\"_blank\" rel=\"noreferrer noopener\">::Ouro, dinheiro, fila de pastores: o que se sabe sobre o &#8220;Bolsol\u00e3o&#8221; no Minist\u00e9rio da Educa\u00e7\u00e3o::<\/a><\/strong><\/p>\n\n\n\n<p>Mas, mesmo antes de chegar \u00e0 Presid\u00eancia, o nome do capit\u00e3o reformado esteve envolto em den\u00fancias de corrup\u00e7\u00e3o. Enquanto deputado federal, Bolsonaro, seus filhos e aliados foram acusados de praticar a famosa \u201crachadinha\u201d, empregando funcion\u00e1rios fantasmas que devolviam parte de seus sal\u00e1rios para a fam\u00edlia. O caso que ganhou maior repercuss\u00e3o envolve Fabr\u00edcio Queiroz, que fez movimenta\u00e7\u00f5es banc\u00e1rias na ordem de R$ 1,2 milh\u00e3o, incluindo o envio de cheques para a primeira-dama, Michele Bolsonaro. &nbsp;<\/p>\n\n\n\n<p>No ano passado, os casos que tomaram os ve\u00edculos de comunica\u00e7\u00e3o envolveram o suposto esquema de corrup\u00e7\u00e3o na aquisi\u00e7\u00e3o de vacinas contra a covid-19, que transformou o Minist\u00e9rio da Sa\u00fade em um balc\u00e3o de neg\u00f3cios. Nomes como do ex-ministro Eduardo Pazuello, do ex-secret\u00e1rio-geral da pasta \u00c9lcio Franco e do l\u00edder do governo na C\u00e2mara, o deputado Ricardo Barros (PP-PR), ganharam espa\u00e7o na m\u00eddia. Todos s\u00e3o pr\u00f3ximos do presidente Jair Bolsonaro.&nbsp;<\/p>\n\n\n\n<p><a href=\"https:\/\/www.brasildefato.com.br\/2021\/04\/01\/com-bolsonaro-1-de-abril-e-todo-dia-presidente-diz-3-mentiras-por-dia-de-mandato\" target=\"_blank\" rel=\"noreferrer noopener\"><em>::&nbsp;<\/em>Com Bolsonaro, 1\u00ba de abril \u00e9 todo dia; presidente diz 3 mentiras por dia de mandato<em>&nbsp;::<\/em><\/a><\/p>\n\n\n\n<p>2) Pandemia seria s\u00f3 uma \u201cgripezinha\u201d&nbsp;<\/p>\n\n\n\n<p>Durante toda a pandemia, o presidente deu declara\u00e7\u00f5es falsas e enganosas sobre a pandemia. Bolsonaro relacionou, inclusive, a doen\u00e7a a uma \u201cgripezinha\u201d, e fez uma campanha contumaz contra o isolamento social, al\u00e9m de propagandear medicamentos comprovadamente ineficazes contra a covid-19 pela ci\u00eancia.&nbsp;<\/p>\n\n\n\n<p>Bolsonaro chegou at\u00e9 mesmo a solicitar a efic\u00e1cia da proxalutamida contra a covid-19. O medicamento, indicado para tratamento de c\u00e2ncer de pr\u00f3stata e de mama, n\u00e3o \u00e9 aprovado para uso contra o coronav\u00edrus em nenhum lugar do mundo. Sem citar fontes, o presidente defendeu que a droga &#8220;t\u00eam apresentado melhora&#8221; em &#8220;alguns pa\u00edses&#8221;.&nbsp;<\/p>\n\n\n\n<p><strong><a href=\"https:\/\/www.brasildefato.com.br\/2021\/04\/19\/obsessao-de-bolsonaro-hidroxicloroquina-aumenta-mortes-de-pacientes-com-covid-19\" target=\"_blank\" rel=\"noreferrer noopener\">::Obsess\u00e3o de Bolsonaro, hidroxicloroquina aumenta mortes de pacientes com covid-19::<\/a><\/strong><\/p>\n\n\n\n<p>Em abril de 2020, no in\u00edcio da pandemia no Brasil, a Ag\u00eancia Nacional de Vigil\u00e2ncia Sanit\u00e1ria (Anvisa) enviou ao Minist\u00e9rio da Sa\u00fade e ao Comit\u00ea de Crise para Supervis\u00e3o e Monitoramento dos Impactos da Covid-19 uma nota informativa desaconselhando o uso de hidroxicloroquina no tratamento para coronav\u00edrus.&nbsp;<\/p>\n\n\n\n<p>Dias antes, o governo brasileiro havia anunciado que a hidroxicloroquina seria liberada para uso em pacientes com a covid-19, desde que apresentassem uma receita assinada por um m\u00e9dico. Em seu site, a Anvisa divulgou uma nota, no dia 31 de mar\u00e7o, com as regras para o uso do medicamento.&nbsp;<\/p>\n\n\n\n<p>Nesta sexta-feira (1\u00ba), o Brasil somou 659.757 \u00f3bitos em decorr\u00eancia da covid-19 e quase 30 milh\u00f5es de infectados, segundo o Conselho Nacional de Secret\u00e1rios de Sa\u00fade (Conass).&nbsp;<\/p>\n\n\n\n<p>3) Bolsonaro mente sobre as urnas eletr\u00f4nicas&nbsp;<\/p>\n\n\n\n<p>Em diversos momentos, Bolsonaro e seus aliados defenderam que as urnas eletr\u00f4nicas n\u00e3o s\u00e3o seguras e que, por isso, seria necess\u00e1rio implementar o voto impresso no Brasil. Recentemente, ele afirmou a seus aliados em evento que, nas elei\u00e7\u00f5es deste ano, haver\u00e1 contagem de votos em decorr\u00eancia da suposta fragilidade do sistema eleitoral brasileiro.&nbsp;<\/p>\n\n\n\n<p><strong><a href=\"https:\/\/www.brasildefato.com.br\/2021\/06\/16\/desconstruindo-mentiras-urna-eletronica-e-auditavel-e-mais-segura-que-voto-impresso\" target=\"_blank\" rel=\"noreferrer noopener\">::Desconstruindo mentiras: urna eletr\u00f4nica \u00e9 audit\u00e1vel e mais segura que voto impresso::<\/a><\/strong><\/p>\n\n\n\n<p>Em mar\u00e7o de 2020, Bolsonaro disse que as elei\u00e7\u00f5es presidenciais brasileiras de 2018 tinham sido fraudadas, com adultera\u00e7\u00e3o do resultado do primeiro turno, tirando-lhe a vit\u00f3ria antecipada que teria obtido nos votos. Desde ent\u00e3o, ele repete que ir\u00e1 apresentar &#8220;muito brevemente&#8221; as provas do crime eleitoral que denuncia. &nbsp;<\/p>\n\n\n\n<p>Mais de um ano depois, ele admitiu que n\u00e3o tem provas sobre suposta fraude, mas n\u00e3o deixou de acusar o sistema de fraudulento. Na ocasi\u00e3o, em junho de 2021, o Tribunal Superior Eleitoral (TSE) rebateu as acusa\u00e7\u00f5es e explicou que a pr\u00f3pria urna eletr\u00f4nica realiza apura\u00e7\u00f5es autom\u00e1ticas, em processo p\u00fablico e audit\u00e1vel. &nbsp;<\/p>\n\n\n\n<p><a href=\"https:\/\/www.brasildefato.com.br\/2019\/04\/30\/apologia-de-bolsonaro-a-exploracao-sexual-de-brasileiras-e-repudiada-nacionalmente\" target=\"_blank\" rel=\"noreferrer noopener\">::&nbsp;Apologia de Bolsonaro \u00e0 explora\u00e7\u00e3o sexual de brasileiras \u00e9 repudiada nacionalmente ::<\/a><\/p>\n\n\n\n<p>4) Para Bolsonaro, Golpe de 64 n\u00e3o existiu&nbsp;<\/p>\n\n\n\n<p>Bolsonaro tamb\u00e9m faz a defesa irrestrita do Golpe Militar de 1964, que completa 58 anos entre esta quinta (31) e sexta-feira (1\u00ba). O presidente aproveitou o dia para celebrar a data pelo quarto ano seguido em seu governo.&nbsp;<\/p>\n\n\n\n<p><strong><a href=\"https:\/\/www.brasildefato.com.br\/2022\/03\/30\/forcas-armadas-celebram-golpe-de-64-em-nota-legado-de-paz-de-liberdade-e-de-democracia\" target=\"_blank\" rel=\"noreferrer noopener\">::For\u00e7as Armadas celebram golpe de 64 em nota: &#8220;Legado de paz, de liberdade e de democracia&#8221;::<\/a><\/strong><\/p>\n\n\n\n<p>\u201cHoje s\u00e3o 31 de mar\u00e7o, o que aconteceu nesse dia? Nada. A hist\u00f3ria n\u00e3o regista nem um presidente da Rep\u00fablica tendo perdido seu mandato neste dia\u201d, afirmou Bolsonaro. O golpe destituiu o ent\u00e3o presidente Jo\u00e3o Goulart, que se exilou no Uruguai. No dia 2 de abril, a Presid\u00eancia foi declarada \u201cvaga\u201d e ocupada, posteriormente, de forma interina, pelo presidente da C\u00e2mara dos Deputados, Ranieri Mazzilli. Na pr\u00e1tica, o poder ficou nas m\u00e3os dos militares.&nbsp;<\/p>\n\n\n\n<p>5) Bolsonaro disse que diminuiria o pre\u00e7o da gasolina&nbsp;<\/p>\n\n\n\n<p>Durante a campanha presidencial, Bolsonaro prometeu que, se eleito, diminuiria o pre\u00e7o dos combust\u00edveis.&nbsp;<\/p>\n\n\n\n<p>Em mar\u00e7o deste ano, entretanto, o pre\u00e7o m\u00e9dio da gasolina ultrapassou os R$ 7 por litro em 24 dos 27 estados brasileiros. O dado consta da primeira pesquisa de pre\u00e7os de combust\u00edveis divulgada pela Ag\u00eancia Nacional do Petr\u00f3leo (ANP) com valores apurados ap\u00f3s a Petrobras reajustar o custo dos produtos vendidos pela estatal a distribuidores. A Petrobras aplicou aumento de quase 19% na gasolina e 25% no diesel produzidos em suas refinarias no \u00faltimo dia 11. &nbsp;<\/p>\n\n\n\n<p><strong><a href=\"https:\/\/www.brasildefato.com.br\/2022\/03\/23\/por-que-os-precos-dos-combustiveis-nao-param-de-subir-e-quais-as-perspectivas-para-o-futuro\" target=\"_blank\" rel=\"noreferrer noopener\">::Por que os pre\u00e7os dos combust\u00edveis n\u00e3o param de subir e quais as perspectivas para o futuro?::<\/a><\/strong><\/p>\n\n\n\n<p>A pesquisa de pre\u00e7os mais recente da ANP leva em conta valores apurados em postos de combust\u00edveis entre os dias 13 e 19 de mar\u00e7o, ou seja, j\u00e1 ap\u00f3s o aumento. De acordo com o levantamento, a gasolina comum s\u00f3 tem pre\u00e7o m\u00e9dio abaixo de R$ 7 no Amap\u00e1 (R$ 6,279), no Rio Grande do Sul (R$ 6,975) e em S\u00e3o Paulo (R$ 6,867).&nbsp;<\/p>\n\n\n\n<p>6) Desmatamento na Amaz\u00f4nia&nbsp;<\/p>\n\n\n\n<p>Em 2021, durante seu discurso na abertura da 76\u00aa Assembleia-Geral da ONU, nos Estados Unidos, Bolsonaro mentiu ao dizer &#8220;na Amaz\u00f4nia, houve uma redu\u00e7\u00e3o de 32% no desmatamento no m\u00eas de agosto, quando comparado a agosto do ano anterior&#8221;. Segundo estudos da plataforma Imazon, houve aumento de 7% no per\u00edodo. Na m\u00e9dia anual, a perda de floresta foi 56,6% maior entre 2019 e 2021 do que no intervalo entre 2016 e 2018. &nbsp;<\/p>\n\n\n\n<p>No mesmo ano da Assembleia-Geral, o desmatamento na Amaz\u00f4nia bateu recorde. Abril de 2021 foi o pior m\u00eas registrado desde 2015, quando iniciou a s\u00e9rie hist\u00f3rica do Instituto de Pesquisas Espaciais (Inpe). Somente neste m\u00eas, foi desmatada uma \u00e1rea de 580,55 km\u00b2, o equivalente a 58 mil campos de futebol. Em rela\u00e7\u00e3o ao mesmo m\u00eas no anterior, os n\u00fameros representaram um aumento de 42%.&nbsp;<\/p>\n\n\n\n<p><strong><a href=\"https:\/\/www.brasildefato.com.br\/2022\/01\/19\/desmatamento-anual-da-amazonia-dispara-29-e-e-o-pior-da-ultima-decada-diz-instituto\" target=\"_blank\" rel=\"noreferrer noopener\">::Desmatamento anual da Amaz\u00f4nia dispara 29% e \u00e9 o pior da \u00faltima d\u00e9cada, diz Instituto::<\/a><\/strong><\/p>\n\n\n\n<p>Em junho, outro recorde para o m\u00eas. O desmatamento atingiu uma \u00e1rea de 1.061,9 km\u00b2, o pior desde o in\u00edcio da s\u00e9rie. Em outubro, mais um recorde: 877 km\u00b2, o maior n\u00edvel de desmatamento registrado para o m\u00eas desde 2016. A \u00e1rea destru\u00edda equivale a mais da metade da superf\u00edcie do munic\u00edpio de S\u00e3o Paulo. Os primeiros seis meses de 2021 registraram, ao todo, uma \u00e1rea desmatada de 3.609,6 km\u00b2. O n\u00famero representou um aumento de 17% em rela\u00e7\u00e3o ao primeiro semestre do ano passado. &nbsp;&nbsp;<\/p>\n\n\n\n<p>Edi\u00e7\u00e3o: Vivian Virissimo<\/p>\n","protected":false},"excerpt":{"rendered":"<p>At\u00e9 agora, em 1.185 dias como presidente, Bolsonaro j\u00e1 deu 5.145 declara\u00e7\u00f5es falsas ou distorcidas&nbsp;<\/p>\n","protected":false},"author":1,"featured_media":0,"comment_status":"closed","ping_status":"open","sticky":false,"template":"","format":"standard","meta":{"_exactmetrics_skip_tracking":false,"_exactmetrics_sitenote_active":false,"_exactmetrics_sitenote_note":"","_exactmetrics_sitenote_category":0,"jetpack_post_was_ever_published":false,"_jetpack_newsletter_access":"","_jetpack_dont_email_post_to_subs":false,"_jetpack_newsletter_tier_id":0,"_jetpack_memberships_contains_paywalled_content":false,"_jetpack_memberships_contains_paid_content":false,"footnotes":"","jetpack_publicize_message":"","jetpack_publicize_feature_enabled":true,"jetpack_social_post_already_shared":true,"jetpack_social_options":{"image_generator_settings":{"template":"highway","enabled":false},"version":2}},"categories":[1],"tags":[],"class_list":["post-33511","post","type-post","status-publish","format-standard","hentry","category-notas"],"jetpack_publicize_connections":[],"jetpack_sharing_enabled":true,"jetpack_featured_media_url":"","jetpack_shortlink":"https:\/\/wp.me\/p7wKYW-8Iv","jetpack-related-posts":[],"_links":{"self":[{"href":"http:\/\/blogdalucianaoliveira.com.br\/blog\/wp-json\/wp\/v2\/posts\/33511","targetHints":{"allow":["GET"]}}],"collection":[{"href":"http:\/\/blogdalucianaoliveira.com.br\/blog\/wp-json\/wp\/v2\/posts"}],"about":[{"href":"http:\/\/blogdalucianaoliveira.com.br\/blog\/wp-json\/wp\/v2\/types\/post"}],"author":[{"embeddable":true,"href":"http:\/\/blogdalucianaoliveira.com.br\/blog\/wp-json\/wp\/v2\/users\/1"}],"replies":[{"embeddable":true,"href":"http:\/\/blogdalucianaoliveira.com.br\/blog\/wp-json\/wp\/v2\/comments?post=33511"}],"version-history":[{"count":1,"href":"http:\/\/blogdalucianaoliveira.com.br\/blog\/wp-json\/wp\/v2\/posts\/33511\/revisions"}],"predecessor-version":[{"id":33513,"href":"http:\/\/blogdalucianaoliveira.com.br\/blog\/wp-json\/wp\/v2\/posts\/33511\/revisions\/33513"}],"wp:attachment":[{"href":"http:\/\/blogdalucianaoliveira.com.br\/blog\/wp-json\/wp\/v2\/media?parent=33511"}],"wp:term":[{"taxonomy":"category","embeddable":true,"href":"http:\/\/blogdalucianaoliveira.com.br\/blog\/wp-json\/wp\/v2\/categories?post=33511"},{"taxonomy":"post_tag","embeddable":true,"href":"http:\/\/blogdalucianaoliveira.com.br\/blog\/wp-json\/wp\/v2\/tags?post=33511"}],"curies":[{"name":"wp","href":"https:\/\/api.w.org\/{rel}","templated":true}]}}