{"id":33526,"date":"2022-04-05T10:34:30","date_gmt":"2022-04-05T14:34:30","guid":{"rendered":"http:\/\/blogdalucianaoliveira.com.br\/blog\/?p=33526"},"modified":"2022-04-05T10:35:58","modified_gmt":"2022-04-05T14:35:58","slug":"bar-do-calixto-tera-ato-simbolico-nesta-quinta-feira","status":"publish","type":"post","link":"http:\/\/blogdalucianaoliveira.com.br\/blog\/2022\/04\/05\/bar-do-calixto-tera-ato-simbolico-nesta-quinta-feira\/","title":{"rendered":"Bar do Calixto ter\u00e1 ato simb\u00f3lico nesta quinta-feira"},"content":{"rendered":"\n<figure class=\"wp-block-image size-large\"><img data-recalc-dims=\"1\" loading=\"lazy\" decoding=\"async\" width=\"600\" height=\"338\" data-attachment-id=\"33527\" data-permalink=\"http:\/\/blogdalucianaoliveira.com.br\/blog\/2022\/04\/05\/bar-do-calixto-tera-ato-simbolico-nesta-quinta-feira\/whatsapp-image-2022-04-05-at-10-28-03\/\" data-orig-file=\"https:\/\/i0.wp.com\/blogdalucianaoliveira.com.br\/blog\/wp-content\/uploads\/2022\/04\/WhatsApp-Image-2022-04-05-at-10.28.03.jpeg?fit=750%2C423\" data-orig-size=\"750,423\" data-comments-opened=\"0\" data-image-meta=\"{&quot;aperture&quot;:&quot;0&quot;,&quot;credit&quot;:&quot;&quot;,&quot;camera&quot;:&quot;&quot;,&quot;caption&quot;:&quot;&quot;,&quot;created_timestamp&quot;:&quot;0&quot;,&quot;copyright&quot;:&quot;&quot;,&quot;focal_length&quot;:&quot;0&quot;,&quot;iso&quot;:&quot;0&quot;,&quot;shutter_speed&quot;:&quot;0&quot;,&quot;title&quot;:&quot;&quot;,&quot;orientation&quot;:&quot;0&quot;}\" data-image-title=\"WhatsApp-Image-2022-04-05-at-10.28.03\" data-image-description=\"\" data-image-caption=\"\" data-medium-file=\"https:\/\/i0.wp.com\/blogdalucianaoliveira.com.br\/blog\/wp-content\/uploads\/2022\/04\/WhatsApp-Image-2022-04-05-at-10.28.03.jpeg?fit=300%2C169\" data-large-file=\"https:\/\/i0.wp.com\/blogdalucianaoliveira.com.br\/blog\/wp-content\/uploads\/2022\/04\/WhatsApp-Image-2022-04-05-at-10.28.03.jpeg?fit=600%2C338\" src=\"https:\/\/i0.wp.com\/blogdalucianaoliveira.com.br\/blog\/wp-content\/uploads\/2022\/04\/WhatsApp-Image-2022-04-05-at-10.28.03.jpeg?resize=600%2C338&#038;ssl=1\" alt=\"\" class=\"wp-image-33527\" srcset=\"https:\/\/i0.wp.com\/blogdalucianaoliveira.com.br\/blog\/wp-content\/uploads\/2022\/04\/WhatsApp-Image-2022-04-05-at-10.28.03.jpeg?w=750 750w, https:\/\/i0.wp.com\/blogdalucianaoliveira.com.br\/blog\/wp-content\/uploads\/2022\/04\/WhatsApp-Image-2022-04-05-at-10.28.03.jpeg?resize=300%2C169 300w, https:\/\/i0.wp.com\/blogdalucianaoliveira.com.br\/blog\/wp-content\/uploads\/2022\/04\/WhatsApp-Image-2022-04-05-at-10.28.03.jpeg?resize=532%2C300 532w\" sizes=\"auto, (max-width: 600px) 100vw, 600px\" \/><\/figure>\n\n\n\n<p>A iniciativa partiu dos frequentadores da roda de samba\nmais tradicional da capital.<\/p>\n\n\n\n<p>Inconformados com a opera\u00e7\u00e3o policial que interrompeu as atividades do bar e dos m\u00fasicos no \u00faltimo dia 2, convocam todos que colaboram com a cultura para um abra\u00e7o simb\u00f3lico no estabelecimento nesta quinta-feira, a partir das 19:30 hs.<\/p>\n\n\n\n<!--more-->\n\n\n\n<p>A orienta\u00e7\u00e3o \u00e9 para que todos compare\u00e7am vestidos de branco e usem a fala para defender o &#8216;santu\u00e1rio do samba&#8217;.<\/p>\n\n\n\n<p>A batucada dos tant\u00e3s foi silenciada em raz\u00e3o de uma den\u00fancia de polui\u00e7\u00e3o sonora feita em nome de uma associa\u00e7\u00e3o de funer\u00e1rias. O bar tem d\u00e9cadas de funcionamento e uma funer\u00e1ria se instalou h\u00e1 poucos anos, desde ent\u00e3o, o samba passou a ser visto como um problema.<\/p>\n\n\n\n<p>Os frequentadores se indignaram com a quantidade de viaturas e policiais empregados na opera\u00e7\u00e3o, desproporcional para resultar na apreens\u00e3o de uma caixa e uma mesa de som.<\/p>\n\n\n\n<figure class=\"wp-block-image size-large\"><img loading=\"lazy\" decoding=\"async\" width=\"1600\" height=\"1197\" data-attachment-id=\"33529\" data-permalink=\"http:\/\/blogdalucianaoliveira.com.br\/blog\/2022\/04\/05\/bar-do-calixto-tera-ato-simbolico-nesta-quinta-feira\/7dfb2c07-f718-4446-9960-80a87a8e008a\/\" data-orig-file=\"https:\/\/i0.wp.com\/blogdalucianaoliveira.com.br\/blog\/wp-content\/uploads\/2022\/04\/7DFB2C07-F718-4446-9960-80A87A8E008A.jpeg?fit=1600%2C1197\" data-orig-size=\"1600,1197\" data-comments-opened=\"0\" data-image-meta=\"{&quot;aperture&quot;:&quot;0&quot;,&quot;credit&quot;:&quot;&quot;,&quot;camera&quot;:&quot;&quot;,&quot;caption&quot;:&quot;&quot;,&quot;created_timestamp&quot;:&quot;0&quot;,&quot;copyright&quot;:&quot;&quot;,&quot;focal_length&quot;:&quot;0&quot;,&quot;iso&quot;:&quot;0&quot;,&quot;shutter_speed&quot;:&quot;0&quot;,&quot;title&quot;:&quot;&quot;,&quot;orientation&quot;:&quot;0&quot;}\" data-image-title=\"7DFB2C07-F718-4446-9960-80A87A8E008A\" data-image-description=\"\" data-image-caption=\"\" data-medium-file=\"https:\/\/i0.wp.com\/blogdalucianaoliveira.com.br\/blog\/wp-content\/uploads\/2022\/04\/7DFB2C07-F718-4446-9960-80A87A8E008A.jpeg?fit=300%2C224\" data-large-file=\"https:\/\/i0.wp.com\/blogdalucianaoliveira.com.br\/blog\/wp-content\/uploads\/2022\/04\/7DFB2C07-F718-4446-9960-80A87A8E008A.jpeg?fit=600%2C449\" src=\"https:\/\/i0.wp.com\/blogdalucianaoliveira.com.br\/blog\/wp-content\/uploads\/2022\/04\/7DFB2C07-F718-4446-9960-80A87A8E008A.jpeg?fit=600%2C449\" alt=\"\" class=\"wp-image-33529\" srcset=\"https:\/\/i0.wp.com\/blogdalucianaoliveira.com.br\/blog\/wp-content\/uploads\/2022\/04\/7DFB2C07-F718-4446-9960-80A87A8E008A.jpeg?w=1600 1600w, https:\/\/i0.wp.com\/blogdalucianaoliveira.com.br\/blog\/wp-content\/uploads\/2022\/04\/7DFB2C07-F718-4446-9960-80A87A8E008A.jpeg?resize=300%2C224 300w, https:\/\/i0.wp.com\/blogdalucianaoliveira.com.br\/blog\/wp-content\/uploads\/2022\/04\/7DFB2C07-F718-4446-9960-80A87A8E008A.jpeg?resize=1024%2C766 1024w, https:\/\/i0.wp.com\/blogdalucianaoliveira.com.br\/blog\/wp-content\/uploads\/2022\/04\/7DFB2C07-F718-4446-9960-80A87A8E008A.jpeg?resize=768%2C575 768w, https:\/\/i0.wp.com\/blogdalucianaoliveira.com.br\/blog\/wp-content\/uploads\/2022\/04\/7DFB2C07-F718-4446-9960-80A87A8E008A.jpeg?resize=1536%2C1149 1536w, https:\/\/i0.wp.com\/blogdalucianaoliveira.com.br\/blog\/wp-content\/uploads\/2022\/04\/7DFB2C07-F718-4446-9960-80A87A8E008A.jpeg?resize=401%2C300 401w, https:\/\/i0.wp.com\/blogdalucianaoliveira.com.br\/blog\/wp-content\/uploads\/2022\/04\/7DFB2C07-F718-4446-9960-80A87A8E008A.jpeg?w=1200 1200w\" sizes=\"auto, (max-width: 600px) 100vw, 600px\" \/><\/figure>\n\n\n\n<p>Para pessoas ouvidas pela reportagem e que testemunharam a opera\u00e7\u00e3o, o grande aparato policial utilizado foi para intimidar e acabar com a popular roda de samba do bairro de Santa B\u00e1rbara.<\/p>\n\n\n\n<figure class=\"wp-block-image size-large\"><img loading=\"lazy\" decoding=\"async\" width=\"1200\" height=\"1600\" data-attachment-id=\"33530\" data-permalink=\"http:\/\/blogdalucianaoliveira.com.br\/blog\/2022\/04\/05\/bar-do-calixto-tera-ato-simbolico-nesta-quinta-feira\/9a5203ff-eed4-483c-b593-c567b992e6a1\/\" data-orig-file=\"https:\/\/i0.wp.com\/blogdalucianaoliveira.com.br\/blog\/wp-content\/uploads\/2022\/04\/9A5203FF-EED4-483C-B593-C567B992E6A1.jpeg?fit=1200%2C1600\" data-orig-size=\"1200,1600\" data-comments-opened=\"0\" data-image-meta=\"{&quot;aperture&quot;:&quot;0&quot;,&quot;credit&quot;:&quot;&quot;,&quot;camera&quot;:&quot;&quot;,&quot;caption&quot;:&quot;&quot;,&quot;created_timestamp&quot;:&quot;0&quot;,&quot;copyright&quot;:&quot;&quot;,&quot;focal_length&quot;:&quot;0&quot;,&quot;iso&quot;:&quot;0&quot;,&quot;shutter_speed&quot;:&quot;0&quot;,&quot;title&quot;:&quot;&quot;,&quot;orientation&quot;:&quot;0&quot;}\" data-image-title=\"9A5203FF-EED4-483C-B593-C567B992E6A1\" data-image-description=\"\" data-image-caption=\"\" data-medium-file=\"https:\/\/i0.wp.com\/blogdalucianaoliveira.com.br\/blog\/wp-content\/uploads\/2022\/04\/9A5203FF-EED4-483C-B593-C567B992E6A1.jpeg?fit=225%2C300\" data-large-file=\"https:\/\/i0.wp.com\/blogdalucianaoliveira.com.br\/blog\/wp-content\/uploads\/2022\/04\/9A5203FF-EED4-483C-B593-C567B992E6A1.jpeg?fit=600%2C800\" src=\"https:\/\/i0.wp.com\/blogdalucianaoliveira.com.br\/blog\/wp-content\/uploads\/2022\/04\/9A5203FF-EED4-483C-B593-C567B992E6A1.jpeg?fit=600%2C800\" alt=\"\" class=\"wp-image-33530\" srcset=\"https:\/\/i0.wp.com\/blogdalucianaoliveira.com.br\/blog\/wp-content\/uploads\/2022\/04\/9A5203FF-EED4-483C-B593-C567B992E6A1.jpeg?w=1200 1200w, https:\/\/i0.wp.com\/blogdalucianaoliveira.com.br\/blog\/wp-content\/uploads\/2022\/04\/9A5203FF-EED4-483C-B593-C567B992E6A1.jpeg?resize=225%2C300 225w, https:\/\/i0.wp.com\/blogdalucianaoliveira.com.br\/blog\/wp-content\/uploads\/2022\/04\/9A5203FF-EED4-483C-B593-C567B992E6A1.jpeg?resize=768%2C1024 768w, https:\/\/i0.wp.com\/blogdalucianaoliveira.com.br\/blog\/wp-content\/uploads\/2022\/04\/9A5203FF-EED4-483C-B593-C567B992E6A1.jpeg?resize=1152%2C1536 1152w\" sizes=\"auto, (max-width: 600px) 100vw, 600px\" \/><\/figure>\n\n\n\n<p>Ao pequeno bar tocado por uma fam\u00edlia da comunidade foi aplicada uma multa de cinco mil reais.<\/p>\n\n\n\n<figure class=\"wp-block-image size-large\"><img loading=\"lazy\" decoding=\"async\" width=\"1200\" height=\"1600\" data-attachment-id=\"33531\" data-permalink=\"http:\/\/blogdalucianaoliveira.com.br\/blog\/2022\/04\/05\/bar-do-calixto-tera-ato-simbolico-nesta-quinta-feira\/a9424416-1b39-4cee-80c1-1ac37db866bb\/\" data-orig-file=\"https:\/\/i0.wp.com\/blogdalucianaoliveira.com.br\/blog\/wp-content\/uploads\/2022\/04\/A9424416-1B39-4CEE-80C1-1AC37DB866BB.jpeg?fit=1200%2C1600\" data-orig-size=\"1200,1600\" data-comments-opened=\"0\" data-image-meta=\"{&quot;aperture&quot;:&quot;0&quot;,&quot;credit&quot;:&quot;&quot;,&quot;camera&quot;:&quot;&quot;,&quot;caption&quot;:&quot;&quot;,&quot;created_timestamp&quot;:&quot;0&quot;,&quot;copyright&quot;:&quot;&quot;,&quot;focal_length&quot;:&quot;0&quot;,&quot;iso&quot;:&quot;0&quot;,&quot;shutter_speed&quot;:&quot;0&quot;,&quot;title&quot;:&quot;&quot;,&quot;orientation&quot;:&quot;0&quot;}\" data-image-title=\"A9424416-1B39-4CEE-80C1-1AC37DB866BB\" data-image-description=\"\" data-image-caption=\"\" data-medium-file=\"https:\/\/i0.wp.com\/blogdalucianaoliveira.com.br\/blog\/wp-content\/uploads\/2022\/04\/A9424416-1B39-4CEE-80C1-1AC37DB866BB.jpeg?fit=225%2C300\" data-large-file=\"https:\/\/i0.wp.com\/blogdalucianaoliveira.com.br\/blog\/wp-content\/uploads\/2022\/04\/A9424416-1B39-4CEE-80C1-1AC37DB866BB.jpeg?fit=600%2C800\" src=\"https:\/\/i0.wp.com\/blogdalucianaoliveira.com.br\/blog\/wp-content\/uploads\/2022\/04\/A9424416-1B39-4CEE-80C1-1AC37DB866BB.jpeg?fit=600%2C800\" alt=\"\" class=\"wp-image-33531\" srcset=\"https:\/\/i0.wp.com\/blogdalucianaoliveira.com.br\/blog\/wp-content\/uploads\/2022\/04\/A9424416-1B39-4CEE-80C1-1AC37DB866BB.jpeg?w=1200 1200w, https:\/\/i0.wp.com\/blogdalucianaoliveira.com.br\/blog\/wp-content\/uploads\/2022\/04\/A9424416-1B39-4CEE-80C1-1AC37DB866BB.jpeg?resize=225%2C300 225w, https:\/\/i0.wp.com\/blogdalucianaoliveira.com.br\/blog\/wp-content\/uploads\/2022\/04\/A9424416-1B39-4CEE-80C1-1AC37DB866BB.jpeg?resize=768%2C1024 768w, https:\/\/i0.wp.com\/blogdalucianaoliveira.com.br\/blog\/wp-content\/uploads\/2022\/04\/A9424416-1B39-4CEE-80C1-1AC37DB866BB.jpeg?resize=1152%2C1536 1152w\" sizes=\"auto, (max-width: 600px) 100vw, 600px\" \/><\/figure>\n\n\n\n<p>Conforme Auto de Infra\u00e7\u00e3o, os n\u00edveis de decib\u00e9is\nencontrados estavam 16,57 acima do que determina o Art. 81, do decreto&nbsp; n 7.903 97.<\/p>\n\n\n\n<p>De dia s\u00e3o permitidos 55 decib\u00e9is e no per\u00edodo noturno, 45\ndecib\u00e9is.<\/p>\n\n\n\n<p>A propriet\u00e1ria reclama que n\u00e3o foi notificada para evitar a\ninfra\u00e7\u00e3o.<\/p>\n\n\n\n<p>A reportagem procurou a assessoria de comunica\u00e7\u00e3o da Pol\u00edcia Militar de Rond\u00f4nia para questionamentos ao Batalh\u00e3o Ambiental e aguarda resposta via e-mail para atualizar informa\u00e7\u00f5es. <\/p>\n\n\n\n<p><\/p>\n","protected":false},"excerpt":{"rendered":"<p>A iniciativa partiu dos frequentadores da roda de samba mais tradicional da capital. Inconformados com a opera\u00e7\u00e3o policial que interrompeu as atividades do bar e dos m\u00fasicos no \u00faltimo dia 2, convocam todos que colaboram com a cultura para um abra\u00e7o simb\u00f3lico no estabelecimento nesta quinta-feira, a partir das 19:30 hs.<\/p>\n","protected":false},"author":1,"featured_media":0,"comment_status":"closed","ping_status":"open","sticky":false,"template":"","format":"standard","meta":{"_exactmetrics_skip_tracking":false,"_exactmetrics_sitenote_active":false,"_exactmetrics_sitenote_note":"","_exactmetrics_sitenote_category":0,"jetpack_post_was_ever_published":false,"_jetpack_newsletter_access":"","_jetpack_dont_email_post_to_subs":false,"_jetpack_newsletter_tier_id":0,"_jetpack_memberships_contains_paywalled_content":false,"_jetpack_memberships_contains_paid_content":false,"footnotes":"","jetpack_publicize_message":"","jetpack_publicize_feature_enabled":true,"jetpack_social_post_already_shared":true,"jetpack_social_options":{"image_generator_settings":{"template":"highway","enabled":false},"version":2}},"categories":[1],"tags":[691,28,694,692],"class_list":["post-33526","post","type-post","status-publish","format-standard","hentry","category-notas","tag-bar-do-calixto","tag-policia","tag-poluicao-sonora","tag-samba"],"jetpack_publicize_connections":[],"jetpack_sharing_enabled":true,"jetpack_featured_media_url":"","jetpack_shortlink":"https:\/\/wp.me\/p7wKYW-8IK","jetpack-related-posts":[],"_links":{"self":[{"href":"http:\/\/blogdalucianaoliveira.com.br\/blog\/wp-json\/wp\/v2\/posts\/33526","targetHints":{"allow":["GET"]}}],"collection":[{"href":"http:\/\/blogdalucianaoliveira.com.br\/blog\/wp-json\/wp\/v2\/posts"}],"about":[{"href":"http:\/\/blogdalucianaoliveira.com.br\/blog\/wp-json\/wp\/v2\/types\/post"}],"author":[{"embeddable":true,"href":"http:\/\/blogdalucianaoliveira.com.br\/blog\/wp-json\/wp\/v2\/users\/1"}],"replies":[{"embeddable":true,"href":"http:\/\/blogdalucianaoliveira.com.br\/blog\/wp-json\/wp\/v2\/comments?post=33526"}],"version-history":[{"count":2,"href":"http:\/\/blogdalucianaoliveira.com.br\/blog\/wp-json\/wp\/v2\/posts\/33526\/revisions"}],"predecessor-version":[{"id":33532,"href":"http:\/\/blogdalucianaoliveira.com.br\/blog\/wp-json\/wp\/v2\/posts\/33526\/revisions\/33532"}],"wp:attachment":[{"href":"http:\/\/blogdalucianaoliveira.com.br\/blog\/wp-json\/wp\/v2\/media?parent=33526"}],"wp:term":[{"taxonomy":"category","embeddable":true,"href":"http:\/\/blogdalucianaoliveira.com.br\/blog\/wp-json\/wp\/v2\/categories?post=33526"},{"taxonomy":"post_tag","embeddable":true,"href":"http:\/\/blogdalucianaoliveira.com.br\/blog\/wp-json\/wp\/v2\/tags?post=33526"}],"curies":[{"name":"wp","href":"https:\/\/api.w.org\/{rel}","templated":true}]}}