{"id":33533,"date":"2022-04-05T10:49:30","date_gmt":"2022-04-05T14:49:30","guid":{"rendered":"http:\/\/blogdalucianaoliveira.com.br\/blog\/?p=33533"},"modified":"2022-04-05T10:49:34","modified_gmt":"2022-04-05T14:49:34","slug":"a-terra-e-livre","status":"publish","type":"post","link":"http:\/\/blogdalucianaoliveira.com.br\/blog\/2022\/04\/05\/a-terra-e-livre\/","title":{"rendered":"A Terra \u00e9 livre"},"content":{"rendered":"\n<figure class=\"wp-block-image\"><img data-recalc-dims=\"1\" decoding=\"async\" src=\"https:\/\/i0.wp.com\/jornalistaslivres.org\/wp-content\/uploads\/2022\/04\/pu2.jpg?w=600&#038;ssl=1\" alt=\"\"\/><\/figure>\n\n\n\n<p><strong>Jornalistas Livres<\/strong> &#8211; H\u00e1 dezenas de etnias em Bras\u00edlia, centenas de ind\u00edgenas de todos os cantos se re\u00fanem no Complexo Cultural da Funarte. Uma grande aldeia se estabelece em defesa dos direitos escritos na Constitui\u00e7\u00e3o, e pela vida e pela preserva\u00e7\u00e3o do meio-ambiente, das florestas, da \u00e1gua e do ar. \u00c9 como um vento, algo invis\u00edvel que mexe as folhas das \u00e1rvores, traz frescor nas ideias dum mundo que anda triste.<\/p>\n\n\n\n<!--more-->\n\n\n\n<figure class=\"wp-block-image\"><img data-recalc-dims=\"1\" decoding=\"async\" src=\"https:\/\/i0.wp.com\/jornalistaslivres.org\/wp-content\/uploads\/2022\/04\/pu13.jpg?w=600&#038;ssl=1\" alt=\"\" class=\"wp-image-118013\"\/><figcaption><em>Ubiranan Patax\u00f3<\/em><\/figcaption><\/figure>\n\n\n\n<p>H\u00e1 esperan\u00e7a na persist\u00eancia ind\u00edgena que, de repente, invade o Eixo. Monumental \u00e9 a coragem deles, descubro diante do Est\u00e1dio Man\u00e9 Garrincha, que no horizonte do ocaso parece uma grande casa de \u00edndios. \u00c9 capital, mas \u00e9 aldeia.<\/p>\n\n\n\n<figure class=\"wp-block-image\"><img data-recalc-dims=\"1\" decoding=\"async\" src=\"https:\/\/i0.wp.com\/jornalistaslivres.org\/wp-content\/uploads\/2022\/04\/pu4.jpg?w=600&#038;ssl=1\" alt=\"\" class=\"wp-image-118015\"\/><figcaption><em>Est\u00e1dio&nbsp;Nacional de Bras\u00edlia \u201cMan\u00e9 Garrincha\u201d<\/em><\/figcaption><\/figure>\n\n\n\n<p>\u00c9 o Acampamento Terra Livre, nome t\u00e3o f\u00e9rtil \u00e0 vontade de tantos, um disparate na inten\u00e7\u00e3o de poucos governantes que querem meter insanidades nas leis atuais.<\/p>\n\n\n\n<figure class=\"wp-block-image\"><img data-recalc-dims=\"1\" decoding=\"async\" src=\"https:\/\/i0.wp.com\/jornalistaslivres.org\/wp-content\/uploads\/2022\/04\/pu3.jpg?w=600&#038;ssl=1\" alt=\"\" class=\"wp-image-118016\"\/><\/figure>\n\n\n\n<figure class=\"wp-block-image\"><img data-recalc-dims=\"1\" decoding=\"async\" src=\"https:\/\/i0.wp.com\/jornalistaslivres.org\/wp-content\/uploads\/2022\/04\/pu5.jpg?w=600&#038;ssl=1\" alt=\"\" class=\"wp-image-118017\"\/><figcaption><em>S\u00f4nia Guajajara<\/em><\/figcaption><\/figure>\n\n\n\n<figure class=\"wp-block-image\"><img data-recalc-dims=\"1\" decoding=\"async\" src=\"https:\/\/i0.wp.com\/jornalistaslivres.org\/wp-content\/uploads\/2022\/04\/pu6.jpg?w=600&#038;ssl=1\" alt=\"\" class=\"wp-image-118018\"\/><figcaption><em>S\u00f4nia Guarani M\u2019bya<\/em><\/figcaption><\/figure>\n\n\n\n<figure class=\"wp-block-image\"><img data-recalc-dims=\"1\" decoding=\"async\" src=\"https:\/\/i0.wp.com\/jornalistaslivres.org\/wp-content\/uploads\/2022\/04\/pu7.jpg?w=600&#038;ssl=1\" alt=\"\" class=\"wp-image-118019\"\/><figcaption><em>mulheres Kayap\u00f3 dan\u00e7am na abertura do ATL<\/em><\/figcaption><\/figure>\n\n\n\n<figure class=\"wp-block-image\"><img data-recalc-dims=\"1\" decoding=\"async\" src=\"https:\/\/i0.wp.com\/jornalistaslivres.org\/wp-content\/uploads\/2022\/04\/pu8.jpg?w=600&#038;ssl=1\" alt=\"\" class=\"wp-image-118020\"\/><figcaption><em>guerreiros do Nordeste e suas etnias se unem&nbsp;<\/em>em grande canto<\/figcaption><\/figure>\n\n\n\n<figure class=\"wp-block-image\"><img data-recalc-dims=\"1\" decoding=\"async\" src=\"https:\/\/i0.wp.com\/jornalistaslivres.org\/wp-content\/uploads\/2022\/04\/pu-9.jpg?w=600&#038;ssl=1\" alt=\"\" class=\"wp-image-118021\"\/><figcaption><em>os Karaj\u00e1 e seus imensos esplendores<\/em><\/figcaption><\/figure>\n\n\n\n<figure class=\"wp-block-image\"><img data-recalc-dims=\"1\" decoding=\"async\" src=\"https:\/\/i0.wp.com\/jornalistaslivres.org\/wp-content\/uploads\/2022\/04\/pu-10.jpg?w=600&#038;ssl=1\" alt=\"\" class=\"wp-image-118022\"\/><figcaption><em>o encantamento diante das apresenta\u00e7\u00f5es e pautas ind\u00edgenas<\/em><\/figcaption><\/figure>\n\n\n\n<p>Os ind\u00edgenas querem sustentar o planeta em suas m\u00e3os. Ele pesa, mas t\u00e3o leve se mostra no grande acampamento, flutua t\u00e3o pr\u00f3ximo do ch\u00e3o. Os homens suportam seus cocares, lindas plumas entre mulheres pintadas de preto. Entoam seus cantos, t\u00e3o finas vozes, aguda \u00e9 a certeza.<\/p>\n\n\n\n<figure class=\"wp-block-image\"><img data-recalc-dims=\"1\" decoding=\"async\" src=\"https:\/\/i0.wp.com\/jornalistaslivres.org\/wp-content\/uploads\/2022\/04\/pu11.jpg?w=600&#038;ssl=1\" alt=\"\" class=\"wp-image-118023\"\/><figcaption><em>Kamatxi Ikpeng<\/em>&nbsp;e a Terra que paira<\/figcaption><\/figure>\n\n\n\n<p>\u00c9 bonita a manh\u00e3, e a noite parece uma poesia de Thiago de Mello. Se muitos dan\u00e7am e cantam \u00e9 porque celebram a resist\u00eancia, o amanh\u00e3 est\u00e1 apenas come\u00e7ando.<\/p>\n\n\n\n<figure class=\"wp-block-image\"><img data-recalc-dims=\"1\" decoding=\"async\" src=\"https:\/\/i0.wp.com\/jornalistaslivres.org\/wp-content\/uploads\/2022\/04\/bu17.jpg?w=600&#038;ssl=1\" alt=\"\" class=\"wp-image-118029\"\/><\/figure>\n","protected":false},"excerpt":{"rendered":"<p>Jornalistas Livres &#8211; H\u00e1 dezenas de etnias em Bras\u00edlia, centenas de ind\u00edgenas de todos os cantos se re\u00fanem no Complexo Cultural da Funarte. Uma grande aldeia se estabelece em defesa dos direitos escritos na Constitui\u00e7\u00e3o, e pela vida e pela preserva\u00e7\u00e3o do meio-ambiente, das florestas, da \u00e1gua e do ar. \u00c9 como um vento, algo&#8230;<a class=\"more-link\" href=\"http:\/\/blogdalucianaoliveira.com.br\/blog\/2022\/04\/05\/a-terra-e-livre\/\">Continue a leitura <span class=\"meta-nav\">&raquo;<\/span><\/a><\/p>\n","protected":false},"author":1,"featured_media":0,"comment_status":"closed","ping_status":"open","sticky":false,"template":"","format":"standard","meta":{"_exactmetrics_skip_tracking":false,"_exactmetrics_sitenote_active":false,"_exactmetrics_sitenote_note":"","_exactmetrics_sitenote_category":0,"jetpack_post_was_ever_published":false,"_jetpack_newsletter_access":"","_jetpack_dont_email_post_to_subs":false,"_jetpack_newsletter_tier_id":0,"_jetpack_memberships_contains_paywalled_content":false,"_jetpack_memberships_contains_paid_content":false,"footnotes":"","jetpack_publicize_message":"","jetpack_publicize_feature_enabled":true,"jetpack_social_post_already_shared":true,"jetpack_social_options":{"image_generator_settings":{"template":"highway","enabled":false},"version":2}},"categories":[1],"tags":[697,695,696,306],"class_list":["post-33533","post","type-post","status-publish","format-standard","hentry","category-notas","tag-acampamento","tag-atl","tag-brasilia","tag-indigenas"],"jetpack_publicize_connections":[],"jetpack_sharing_enabled":true,"jetpack_featured_media_url":"","jetpack_shortlink":"https:\/\/wp.me\/p7wKYW-8IR","jetpack-related-posts":[],"_links":{"self":[{"href":"http:\/\/blogdalucianaoliveira.com.br\/blog\/wp-json\/wp\/v2\/posts\/33533","targetHints":{"allow":["GET"]}}],"collection":[{"href":"http:\/\/blogdalucianaoliveira.com.br\/blog\/wp-json\/wp\/v2\/posts"}],"about":[{"href":"http:\/\/blogdalucianaoliveira.com.br\/blog\/wp-json\/wp\/v2\/types\/post"}],"author":[{"embeddable":true,"href":"http:\/\/blogdalucianaoliveira.com.br\/blog\/wp-json\/wp\/v2\/users\/1"}],"replies":[{"embeddable":true,"href":"http:\/\/blogdalucianaoliveira.com.br\/blog\/wp-json\/wp\/v2\/comments?post=33533"}],"version-history":[{"count":2,"href":"http:\/\/blogdalucianaoliveira.com.br\/blog\/wp-json\/wp\/v2\/posts\/33533\/revisions"}],"predecessor-version":[{"id":33535,"href":"http:\/\/blogdalucianaoliveira.com.br\/blog\/wp-json\/wp\/v2\/posts\/33533\/revisions\/33535"}],"wp:attachment":[{"href":"http:\/\/blogdalucianaoliveira.com.br\/blog\/wp-json\/wp\/v2\/media?parent=33533"}],"wp:term":[{"taxonomy":"category","embeddable":true,"href":"http:\/\/blogdalucianaoliveira.com.br\/blog\/wp-json\/wp\/v2\/categories?post=33533"},{"taxonomy":"post_tag","embeddable":true,"href":"http:\/\/blogdalucianaoliveira.com.br\/blog\/wp-json\/wp\/v2\/tags?post=33533"}],"curies":[{"name":"wp","href":"https:\/\/api.w.org\/{rel}","templated":true}]}}