{"id":33536,"date":"2022-04-06T08:53:44","date_gmt":"2022-04-06T12:53:44","guid":{"rendered":"http:\/\/blogdalucianaoliveira.com.br\/blog\/?p=33536"},"modified":"2022-04-06T22:36:41","modified_gmt":"2022-04-07T02:36:41","slug":"oficina-sobre-o-uso-do-video-com-celular-na-defesa-dos-direitos-humanos","status":"publish","type":"post","link":"http:\/\/blogdalucianaoliveira.com.br\/blog\/2022\/04\/06\/oficina-sobre-o-uso-do-video-com-celular-na-defesa-dos-direitos-humanos\/","title":{"rendered":"Oficina sobre o uso do v\u00eddeo com celular na defesa dos Direitos Humanos"},"content":{"rendered":"\n<p><br><\/p>\n\n\n\n<figure class=\"wp-block-image size-large\"><img loading=\"lazy\" decoding=\"async\" width=\"1080\" height=\"1080\" data-attachment-id=\"33542\" data-permalink=\"http:\/\/blogdalucianaoliveira.com.br\/blog\/2022\/04\/06\/oficina-sobre-o-uso-do-video-com-celular-na-defesa-dos-direitos-humanos\/001002ad-9e46-4170-8977-2c7e62efe1d8\/\" data-orig-file=\"https:\/\/i0.wp.com\/blogdalucianaoliveira.com.br\/blog\/wp-content\/uploads\/2022\/04\/001002AD-9E46-4170-8977-2C7E62EFE1D8.png?fit=1080%2C1080\" data-orig-size=\"1080,1080\" data-comments-opened=\"0\" data-image-meta=\"{&quot;aperture&quot;:&quot;0&quot;,&quot;credit&quot;:&quot;&quot;,&quot;camera&quot;:&quot;&quot;,&quot;caption&quot;:&quot;&quot;,&quot;created_timestamp&quot;:&quot;0&quot;,&quot;copyright&quot;:&quot;&quot;,&quot;focal_length&quot;:&quot;0&quot;,&quot;iso&quot;:&quot;0&quot;,&quot;shutter_speed&quot;:&quot;0&quot;,&quot;title&quot;:&quot;&quot;,&quot;orientation&quot;:&quot;0&quot;}\" data-image-title=\"001002AD-9E46-4170-8977-2C7E62EFE1D8\" data-image-description=\"\" data-image-caption=\"\" data-medium-file=\"https:\/\/i0.wp.com\/blogdalucianaoliveira.com.br\/blog\/wp-content\/uploads\/2022\/04\/001002AD-9E46-4170-8977-2C7E62EFE1D8.png?fit=300%2C300\" data-large-file=\"https:\/\/i0.wp.com\/blogdalucianaoliveira.com.br\/blog\/wp-content\/uploads\/2022\/04\/001002AD-9E46-4170-8977-2C7E62EFE1D8.png?fit=600%2C600\" src=\"https:\/\/i1.wp.com\/blogdalucianaoliveira.com.br\/blog\/wp-content\/uploads\/2022\/04\/001002AD-9E46-4170-8977-2C7E62EFE1D8.png?fit=600%2C600\" alt=\"\" class=\"wp-image-33542\" srcset=\"https:\/\/i0.wp.com\/blogdalucianaoliveira.com.br\/blog\/wp-content\/uploads\/2022\/04\/001002AD-9E46-4170-8977-2C7E62EFE1D8.png?w=1080 1080w, https:\/\/i0.wp.com\/blogdalucianaoliveira.com.br\/blog\/wp-content\/uploads\/2022\/04\/001002AD-9E46-4170-8977-2C7E62EFE1D8.png?resize=300%2C300 300w, https:\/\/i0.wp.com\/blogdalucianaoliveira.com.br\/blog\/wp-content\/uploads\/2022\/04\/001002AD-9E46-4170-8977-2C7E62EFE1D8.png?resize=1024%2C1024 1024w, https:\/\/i0.wp.com\/blogdalucianaoliveira.com.br\/blog\/wp-content\/uploads\/2022\/04\/001002AD-9E46-4170-8977-2C7E62EFE1D8.png?resize=150%2C150 150w, https:\/\/i0.wp.com\/blogdalucianaoliveira.com.br\/blog\/wp-content\/uploads\/2022\/04\/001002AD-9E46-4170-8977-2C7E62EFE1D8.png?resize=768%2C768 768w\" sizes=\"auto, (max-width: 600px) 100vw, 600px\" \/><\/figure>\n\n\n\n<p>No dia 26\/04 acontecer\u00e1 a oficina da  Witness em Porto Velho, que visa a  multiplica\u00e7\u00e3o de t\u00e9cnicas de uso de v\u00eddeo (com celular) na defesa dos Direitos Humanos.<\/p>\n\n\n\n<p>O foco \u00e9 capacitar ativistas e cidad\u00e3os com t\u00e9cnicas b\u00e1sicas de filmagem para o uso de celular na defesa dos direitos humanos. <\/p>\n\n\n\n<!--more-->\n\n\n\n<p>A oficina ser\u00e1 facilitada  por Luciana Oliveira e Ra\u00edssa Dourado. <\/p>\n\n\n\n<p>O que \u00e9 a Witness:<\/p>\n\n\n\n<p>A WITNESS \u00e9 uma organiza\u00e7\u00e3o internacional sem fins lucrativos, que capacita e auxilia pessoas a usarem v\u00eddeos na luta por direitos humanos.<\/p>\n\n\n\n<p>PROGRAMA\u00c7\u00c3O <\/p>\n\n\n\n<figure class=\"wp-block-image size-large\"><img decoding=\"async\" src=\"blob:http:\/\/blogdalucianaoliveira.com.br\/3372a4a9-61ef-4e77-bc2f-54572bb0b447\" alt=\"\"\/><\/figure>\n\n\n\n<figure class=\"wp-block-image size-large\"><img loading=\"lazy\" decoding=\"async\" width=\"1080\" height=\"1080\" data-attachment-id=\"33540\" data-permalink=\"http:\/\/blogdalucianaoliveira.com.br\/blog\/2022\/04\/06\/oficina-sobre-o-uso-do-video-com-celular-na-defesa-dos-direitos-humanos\/875c52bc-e6fa-4408-8231-db5c84225114\/\" data-orig-file=\"https:\/\/i0.wp.com\/blogdalucianaoliveira.com.br\/blog\/wp-content\/uploads\/2022\/04\/875C52BC-E6FA-4408-8231-DB5C84225114.png?fit=1080%2C1080\" data-orig-size=\"1080,1080\" data-comments-opened=\"0\" data-image-meta=\"{&quot;aperture&quot;:&quot;0&quot;,&quot;credit&quot;:&quot;&quot;,&quot;camera&quot;:&quot;&quot;,&quot;caption&quot;:&quot;&quot;,&quot;created_timestamp&quot;:&quot;0&quot;,&quot;copyright&quot;:&quot;&quot;,&quot;focal_length&quot;:&quot;0&quot;,&quot;iso&quot;:&quot;0&quot;,&quot;shutter_speed&quot;:&quot;0&quot;,&quot;title&quot;:&quot;&quot;,&quot;orientation&quot;:&quot;0&quot;}\" data-image-title=\"875C52BC-E6FA-4408-8231-DB5C84225114\" data-image-description=\"\" data-image-caption=\"\" data-medium-file=\"https:\/\/i0.wp.com\/blogdalucianaoliveira.com.br\/blog\/wp-content\/uploads\/2022\/04\/875C52BC-E6FA-4408-8231-DB5C84225114.png?fit=300%2C300\" data-large-file=\"https:\/\/i0.wp.com\/blogdalucianaoliveira.com.br\/blog\/wp-content\/uploads\/2022\/04\/875C52BC-E6FA-4408-8231-DB5C84225114.png?fit=600%2C600\" src=\"https:\/\/i0.wp.com\/blogdalucianaoliveira.com.br\/blog\/wp-content\/uploads\/2022\/04\/875C52BC-E6FA-4408-8231-DB5C84225114.png?fit=600%2C600\" alt=\"\" class=\"wp-image-33540\" srcset=\"https:\/\/i0.wp.com\/blogdalucianaoliveira.com.br\/blog\/wp-content\/uploads\/2022\/04\/875C52BC-E6FA-4408-8231-DB5C84225114.png?w=1080 1080w, https:\/\/i0.wp.com\/blogdalucianaoliveira.com.br\/blog\/wp-content\/uploads\/2022\/04\/875C52BC-E6FA-4408-8231-DB5C84225114.png?resize=300%2C300 300w, https:\/\/i0.wp.com\/blogdalucianaoliveira.com.br\/blog\/wp-content\/uploads\/2022\/04\/875C52BC-E6FA-4408-8231-DB5C84225114.png?resize=1024%2C1024 1024w, https:\/\/i0.wp.com\/blogdalucianaoliveira.com.br\/blog\/wp-content\/uploads\/2022\/04\/875C52BC-E6FA-4408-8231-DB5C84225114.png?resize=150%2C150 150w, https:\/\/i0.wp.com\/blogdalucianaoliveira.com.br\/blog\/wp-content\/uploads\/2022\/04\/875C52BC-E6FA-4408-8231-DB5C84225114.png?resize=768%2C768 768w\" sizes=\"auto, (max-width: 600px) 100vw, 600px\" \/><\/figure>\n\n\n\n<figure class=\"wp-block-image size-large\"><img loading=\"lazy\" decoding=\"async\" width=\"1080\" height=\"1080\" data-attachment-id=\"33539\" data-permalink=\"http:\/\/blogdalucianaoliveira.com.br\/blog\/2022\/04\/06\/oficina-sobre-o-uso-do-video-com-celular-na-defesa-dos-direitos-humanos\/34c0b230-6f31-49a0-829d-455413d25ee4\/\" data-orig-file=\"https:\/\/i0.wp.com\/blogdalucianaoliveira.com.br\/blog\/wp-content\/uploads\/2022\/04\/34C0B230-6F31-49A0-829D-455413D25EE4.png?fit=1080%2C1080\" data-orig-size=\"1080,1080\" data-comments-opened=\"0\" data-image-meta=\"{&quot;aperture&quot;:&quot;0&quot;,&quot;credit&quot;:&quot;&quot;,&quot;camera&quot;:&quot;&quot;,&quot;caption&quot;:&quot;&quot;,&quot;created_timestamp&quot;:&quot;0&quot;,&quot;copyright&quot;:&quot;&quot;,&quot;focal_length&quot;:&quot;0&quot;,&quot;iso&quot;:&quot;0&quot;,&quot;shutter_speed&quot;:&quot;0&quot;,&quot;title&quot;:&quot;&quot;,&quot;orientation&quot;:&quot;0&quot;}\" data-image-title=\"34C0B230-6F31-49A0-829D-455413D25EE4\" data-image-description=\"\" data-image-caption=\"\" data-medium-file=\"https:\/\/i0.wp.com\/blogdalucianaoliveira.com.br\/blog\/wp-content\/uploads\/2022\/04\/34C0B230-6F31-49A0-829D-455413D25EE4.png?fit=300%2C300\" data-large-file=\"https:\/\/i0.wp.com\/blogdalucianaoliveira.com.br\/blog\/wp-content\/uploads\/2022\/04\/34C0B230-6F31-49A0-829D-455413D25EE4.png?fit=600%2C600\" src=\"https:\/\/i0.wp.com\/blogdalucianaoliveira.com.br\/blog\/wp-content\/uploads\/2022\/04\/34C0B230-6F31-49A0-829D-455413D25EE4.png?fit=600%2C600\" alt=\"\" class=\"wp-image-33539\" srcset=\"https:\/\/i0.wp.com\/blogdalucianaoliveira.com.br\/blog\/wp-content\/uploads\/2022\/04\/34C0B230-6F31-49A0-829D-455413D25EE4.png?w=1080 1080w, https:\/\/i0.wp.com\/blogdalucianaoliveira.com.br\/blog\/wp-content\/uploads\/2022\/04\/34C0B230-6F31-49A0-829D-455413D25EE4.png?resize=300%2C300 300w, https:\/\/i0.wp.com\/blogdalucianaoliveira.com.br\/blog\/wp-content\/uploads\/2022\/04\/34C0B230-6F31-49A0-829D-455413D25EE4.png?resize=1024%2C1024 1024w, https:\/\/i0.wp.com\/blogdalucianaoliveira.com.br\/blog\/wp-content\/uploads\/2022\/04\/34C0B230-6F31-49A0-829D-455413D25EE4.png?resize=150%2C150 150w, https:\/\/i0.wp.com\/blogdalucianaoliveira.com.br\/blog\/wp-content\/uploads\/2022\/04\/34C0B230-6F31-49A0-829D-455413D25EE4.png?resize=768%2C768 768w\" sizes=\"auto, (max-width: 600px) 100vw, 600px\" \/><\/figure>\n","protected":false},"excerpt":{"rendered":"<p>No dia 26\/04 acontecer\u00e1 a oficina da Witness em Porto Velho, que visa a multiplica\u00e7\u00e3o de t\u00e9cnicas de uso de v\u00eddeo (com celular) na defesa dos Direitos Humanos. O foco \u00e9 capacitar ativistas e cidad\u00e3os com t\u00e9cnicas b\u00e1sicas de filmagem para o uso de celular na defesa dos direitos humanos.<\/p>\n","protected":false},"author":1,"featured_media":0,"comment_status":"closed","ping_status":"open","sticky":false,"template":"","format":"standard","meta":{"_exactmetrics_skip_tracking":false,"_exactmetrics_sitenote_active":false,"_exactmetrics_sitenote_note":"","_exactmetrics_sitenote_category":0,"jetpack_post_was_ever_published":false,"_jetpack_newsletter_access":"","_jetpack_dont_email_post_to_subs":false,"_jetpack_newsletter_tier_id":0,"_jetpack_memberships_contains_paywalled_content":false,"_jetpack_memberships_contains_paid_content":false,"footnotes":"","jetpack_publicize_message":"","jetpack_publicize_feature_enabled":true,"jetpack_social_post_already_shared":true,"jetpack_social_options":{"image_generator_settings":{"template":"highway","enabled":false},"version":2}},"categories":[1],"tags":[317,698],"class_list":["post-33536","post","type-post","status-publish","format-standard","hentry","category-notas","tag-direitos-humanos","tag-oficina"],"jetpack_publicize_connections":[],"jetpack_sharing_enabled":true,"jetpack_featured_media_url":"","jetpack_shortlink":"https:\/\/wp.me\/p7wKYW-8IU","jetpack-related-posts":[],"_links":{"self":[{"href":"http:\/\/blogdalucianaoliveira.com.br\/blog\/wp-json\/wp\/v2\/posts\/33536","targetHints":{"allow":["GET"]}}],"collection":[{"href":"http:\/\/blogdalucianaoliveira.com.br\/blog\/wp-json\/wp\/v2\/posts"}],"about":[{"href":"http:\/\/blogdalucianaoliveira.com.br\/blog\/wp-json\/wp\/v2\/types\/post"}],"author":[{"embeddable":true,"href":"http:\/\/blogdalucianaoliveira.com.br\/blog\/wp-json\/wp\/v2\/users\/1"}],"replies":[{"embeddable":true,"href":"http:\/\/blogdalucianaoliveira.com.br\/blog\/wp-json\/wp\/v2\/comments?post=33536"}],"version-history":[{"count":2,"href":"http:\/\/blogdalucianaoliveira.com.br\/blog\/wp-json\/wp\/v2\/posts\/33536\/revisions"}],"predecessor-version":[{"id":33544,"href":"http:\/\/blogdalucianaoliveira.com.br\/blog\/wp-json\/wp\/v2\/posts\/33536\/revisions\/33544"}],"wp:attachment":[{"href":"http:\/\/blogdalucianaoliveira.com.br\/blog\/wp-json\/wp\/v2\/media?parent=33536"}],"wp:term":[{"taxonomy":"category","embeddable":true,"href":"http:\/\/blogdalucianaoliveira.com.br\/blog\/wp-json\/wp\/v2\/categories?post=33536"},{"taxonomy":"post_tag","embeddable":true,"href":"http:\/\/blogdalucianaoliveira.com.br\/blog\/wp-json\/wp\/v2\/tags?post=33536"}],"curies":[{"name":"wp","href":"https:\/\/api.w.org\/{rel}","templated":true}]}}