{"id":33545,"date":"2022-04-07T09:18:34","date_gmt":"2022-04-07T13:18:34","guid":{"rendered":"http:\/\/blogdalucianaoliveira.com.br\/blog\/?p=33545"},"modified":"2022-04-07T09:18:37","modified_gmt":"2022-04-07T13:18:37","slug":"dia-do-jornalista-ataques-de-bolsonaro-contra-a-imprensa-incitam-violencia-que-cresce-no-pais","status":"publish","type":"post","link":"http:\/\/blogdalucianaoliveira.com.br\/blog\/2022\/04\/07\/dia-do-jornalista-ataques-de-bolsonaro-contra-a-imprensa-incitam-violencia-que-cresce-no-pais\/","title":{"rendered":"Dia do Jornalista: ataques de Bolsonaro contra a imprensa incitam viol\u00eancia, que cresce no pa\u00eds"},"content":{"rendered":"\n<figure class=\"wp-block-image\"><img data-recalc-dims=\"1\" decoding=\"async\" src=\"https:\/\/i0.wp.com\/images01.brasildefato.com.br\/2c73398cd78dfc72112f4bf722f5534f.jpeg?w=600&#038;ssl=1\" alt=\"\"\/><\/figure>\n\n\n\n<h4 class=\"wp-block-heading\">Estudo da Fenaj mostra que o presidente &#8220;\u00e9 o maior agressor&#8221; dos profissionais da categoria<\/h4>\n\n\n\n<!--more-->\n\n\n\n<p>Thayn\u00e1 Schuquel &#8211; Brasil de Fato <\/p>\n\n\n\n<p>No dia 7 de abril \u00e9 comemorado o Dia do Jornalista. A data, que foi estabelecida em 1931 pela Associa\u00e7\u00e3o Brasileira de Imprensa para legitimar a atua\u00e7\u00e3o e assegurar direitos dos jornalistas, vem ganhando um prop\u00f3sito diferente nos \u00faltimos anos: denunciar amea\u00e7as, ataques e agress\u00f5es contra a categoria, que n\u00e3o param de crescer.<\/p>\n\n\n\n<p>De acordo com o mais recente levantamento realizado pela Federa\u00e7\u00e3o Nacional dos Jornalistas (<a href=\"https:\/\/fenaj.org.br\/\" target=\"_blank\" rel=\"noreferrer noopener\">Fenaj<\/a>), em 2021 foram contabilizados 430 casos de viol\u00eancia contra os profissionais da \u00e1rea. O&nbsp;<a href=\"https:\/\/fenaj.org.br\/relatorios-de-violencia-contra-jornalistas-e-liberdade-de-imprensa-no-brasil\/\" target=\"_blank\" rel=\"noreferrer noopener\">Relat\u00f3rio da Viol\u00eancia contra Jornalistas e Liberdade de Imprensa<\/a>&nbsp;mostra que 2021 foi o segundo ano consecutivo com recorde de registros desde que a s\u00e9rie hist\u00f3rica come\u00e7ou a ser feita, na d\u00e9cada de 1990. Em 2020, foram 428 casos.<\/p>\n\n\n\n<p>A pesquisa aponta que a censura \u00e9, atualmente, o tipo de viol\u00eancia mais comum sofrido pelos jornalistas.&nbsp;Foram registradas 140 ocorr\u00eancias, representando 32,56% do total de casos, enquanto a descredibiliza\u00e7\u00e3o da imprensa&nbsp;\u2013 que chegou a liderar a lista em levantamentos anteriores&nbsp;respondeu por 30,46%&nbsp; \u2013 foram 131 ocorr\u00eancias no total.<\/p>\n\n\n\n<p>Agress\u00f5es f\u00edsicas e verbais s\u00e3o disparadas de todas as partes, e o &#8220;campe\u00e3o&#8221; nesse quesito \u00e9 o pr\u00f3prio presidente da Rep\u00fablica.<\/p>\n\n\n\n<p>A presidente da Fenaj, Maria Jos\u00e9 Braga, diz que os n\u00fameros s\u00e3o alarmantes, e a entidade acredita que haja ainda mais casos. \u201cN\u00f3s acreditamos que h\u00e1 uma subnotifica\u00e7\u00e3o. Muitos n\u00e3o denunciam, principalmente quando as agress\u00f5es s\u00e3o feitas por meio virtual\u201d, explicou.<\/p>\n\n\n\n<p><strong>Bolsonaro \u00e9 o maior agressor<\/strong><\/p>\n\n\n\n<p>Segundo o relat\u00f3rio, o presidente Jair Bolsonaro (PL) foi o principal agressor em 2021. Sozinho ele foi respons\u00e1vel por 147 casos (34,19% do total), sendo 129 epis\u00f3dios de descredibiliza\u00e7\u00e3o da imprensa (98,47% do total de registros desse tipo de viol\u00eancia) e 18 agress\u00f5es verbais.<\/p>\n\n\n\n<p>\u00c9 o terceiro ano seguido que Bolsonaro \u00e9 o maior agressor em casos registrados pela Fenaj.&nbsp;Durante uma coletiva de imprensa, em 2020, ele chegou a disparar a seguinte fala a um rep\u00f3rter: \u201cVontade de encher a tua boca com porrada\u201d. No Pal\u00e1cio da Alvorada, ele tamb\u00e9m mandou os profissionais \u201ccalarem a boca\u201d.<\/p>\n\n\n\n<p>Para a presidente da Fenaj, a postura de Bolsonaro, al\u00e9m de ser violenta, \u201c<a href=\"https:\/\/www.brasildefato.com.br\/2021\/07\/10\/ataques-a-jornalistas-nao-sao-novidade-durante-o-governo-bolsonaro\" target=\"_blank\" rel=\"noreferrer noopener\">impulsiona que os seus apoiadores tamb\u00e9m agridam jornalistas<\/a>&nbsp;e atuem para descredibilizar a imprensa. \u00c9 um processo preocupante porque se trata de uma institui\u00e7\u00e3o da Rep\u00fablica, incentivando, sim, agress\u00f5es contra jornalistas\u201d, afirmou.<\/p>\n\n\n\n<p>Nesta semana, o deputado federal Eduardo Bolsonaro (PL-SP), filho do presidente, recebeu in\u00fameras cr\u00edticas ao&nbsp;<a href=\"https:\/\/www.brasildefato.com.br\/2022\/04\/05\/lula-sobre-ataques-da-familia-bolsonaro-a-miriam-leitao-esse-tipo-de-gente-nao-presta\" target=\"_blank\" rel=\"noreferrer noopener\">debochar de tortura sofrida pela jornalista Miriam Leit\u00e3o durante a ditadura<\/a>. No Twitter, ele disse sentir &#8220;pena da cobra&#8221; que torturou a jornalista. Miriam passou horas trancada em uma sala com uma jiboia, al\u00e9m de ter sido agredida com tapas, chutes e golpes que causaram graves ferimentos na cabe\u00e7a. Tamb\u00e9m teve de ficar&nbsp;nua em frente a dez soldados e tr\u00eas agentes de repress\u00e3o.<\/p>\n\n\n\n<p>As entidades que representam os jornalistas est\u00e3o preocupadas com uma poss\u00edvel escalada de agress\u00f5es no ano eleitoral. \u201cH\u00e1 um foco de ataque a jornalistas e imprensa por partidos e pol\u00edticos da direita, que querem manter seus apoiadores na desinforma\u00e7\u00e3o. N\u00f3s teremos uma guerra informacional e tememos pela seguran\u00e7a dos profissionais\u201d, alerta Maria Jos\u00e9 Braga.<\/p>\n\n\n\n<p><strong>Viol\u00eancia de g\u00eanero<\/strong><\/p>\n\n\n\n<p>Em mar\u00e7o, a Associa\u00e7\u00e3o Brasileira de Jornalismo Investigativo (Abraji) divulgou estudo sobre viol\u00eancia de g\u00eanero contra jornalistas, realizado com apoio do Global Media Defence Fund, da Unesco, em 2021. Segundo o levantamento, 127 mulheres jornalistas (cis e trans) e meios de comunica\u00e7\u00e3o foram alvos de 119 casos de viol\u00eancia de g\u00eanero.<\/p>\n\n\n\n<p>O relat\u00f3rio da Abraji monitorou redes sociais como propagadoras de agress\u00f5es a profissionais de imprensa. Quase 60% dos casos de discursos estigmatizantes foram iniciados por publica\u00e7\u00f5es de autoridades de Estado e outras figuras&nbsp;proeminentes no campo pol\u00edtico brasileiro. A maioria das v\u00edtimas eram jornalistas que cobriam pol\u00edtica.<\/p>\n\n\n\n<p>Em 2020, Bolsonaro foi criticado por entidades e chegou a ser processado ap\u00f3s preferir um coment\u00e1rio de cunho sexual a respeito da jornalista da Folha de S. Paulo Patr\u00edcia Campos Mello. Na ocasi\u00e3o, ele usou a palavra \u201cfuro\u201d de forma pejorativa. &#8220;Ela [Patr\u00edcia] queria um furo. Ela queria dar um furo a qualquer pre\u00e7o contra mim&#8221;, disse aos risos. No jarg\u00e3o jornal\u00edstico, &#8220;furo&#8221; \u00e9 a informa\u00e7\u00e3o publicada em primeira m\u00e3o por um ve\u00edculo ou profissional de imprensa.<\/p>\n\n\n\n<p>Em outro epis\u00f3dio, o presidente disse a um jornalista que ele tem \u201cuma cara de homossexual terr\u00edvel\u201d. A declara\u00e7\u00e3o foi dada depois que Bolsonaro foi questionado sobre o que faria se o senador Fl\u00e1vio Bolsonaro (PL-RJ), seu filho mais velho, estivesse envolvido em algum esquema de corrup\u00e7\u00e3o.<\/p>\n\n\n\n<p><strong>Viol\u00eancia f\u00edsica<\/strong><\/p>\n\n\n\n<p>A viol\u00eancia f\u00edsica tamb\u00e9m faz parte do cotidiano dos profissionais de imprensa. Recentemente, dois rep\u00f3rteres foram agredidos por um homem&nbsp;com uma corrente de metal e um cachorro, durante a grava\u00e7\u00e3o de uma reportagem em S\u00e3o Paulo.<\/p>\n\n\n\n<p>Em janeiro, durante uma grava\u00e7\u00e3o de reportagem, uma rep\u00f3rter foi agredida por um homem. Ele arrancou o microfone das m\u00e3os da profissional e pisoteou o equipamento. O caso tamb\u00e9m ocorreu em S\u00e3o Paulo.<\/p>\n\n\n\n<p>J\u00e1 no final do ano passado, na Bahia, equipes de reportagem foram agredidas por seguran\u00e7as e apoiadores do presidente Jair Bolsonaro. Na ocasi\u00e3o, um dos profissionais levou um tapa no rosto. O chefe do Executivo chegou a pedir desculpas ap\u00f3s o caso.<\/p>\n\n\n\n<p>De acordo com a presidente da Fenaj, o combate \u00e0 viol\u00eancia contra jornalistas exige medidas de diversos atores, como o poder p\u00fablico e a sociedade. \u201c\u00c9 preciso que as empregadoras assumam a responsabilidade pela seguran\u00e7a, pela integridade f\u00edsica e mental de seus profissionais. Obviamente o poder p\u00fablico tem uma parcela a cumprir. \u00c9 preciso que as institui\u00e7\u00f5es da Rep\u00fablica funcionem para a prote\u00e7\u00e3o dos profissionais. Que as pol\u00edcias, o Minist\u00e9rio P\u00fablico e o Judici\u00e1rio cumpram seus papeis\u201d, destacou.<\/p>\n\n\n\n<p>\u201cEsperamos que haja, tamb\u00e9m, comportamento da sociedade recha\u00e7ando a viol\u00eancia e contribuindo para que os agressores n\u00e3o tenham nenhum tipo de respaldo em suas a\u00e7\u00f5es&nbsp;violentas\u201d, finalizou.<\/p>\n\n\n\n<p>Edi\u00e7\u00e3o: Felipe Mendes<\/p>\n","protected":false},"excerpt":{"rendered":"<p>Estudo da Fenaj mostra que o presidente &#8220;\u00e9 o maior agressor&#8221; dos profissionais da categoria<\/p>\n","protected":false},"author":1,"featured_media":0,"comment_status":"closed","ping_status":"open","sticky":false,"template":"","format":"standard","meta":{"_exactmetrics_skip_tracking":false,"_exactmetrics_sitenote_active":false,"_exactmetrics_sitenote_note":"","_exactmetrics_sitenote_category":0,"jetpack_post_was_ever_published":false,"_jetpack_newsletter_access":"","_jetpack_dont_email_post_to_subs":false,"_jetpack_newsletter_tier_id":0,"_jetpack_memberships_contains_paywalled_content":false,"_jetpack_memberships_contains_paid_content":false,"footnotes":"","jetpack_publicize_message":"","jetpack_publicize_feature_enabled":true,"jetpack_social_post_already_shared":true,"jetpack_social_options":{"image_generator_settings":{"template":"highway","enabled":false},"version":2}},"categories":[1],"tags":[390,53,470,34],"class_list":["post-33545","post","type-post","status-publish","format-standard","hentry","category-notas","tag-ataques","tag-bolsonaro","tag-dia-do-jornalista","tag-violencia"],"jetpack_publicize_connections":[],"jetpack_sharing_enabled":true,"jetpack_featured_media_url":"","jetpack_shortlink":"https:\/\/wp.me\/p7wKYW-8J3","jetpack-related-posts":[],"_links":{"self":[{"href":"http:\/\/blogdalucianaoliveira.com.br\/blog\/wp-json\/wp\/v2\/posts\/33545","targetHints":{"allow":["GET"]}}],"collection":[{"href":"http:\/\/blogdalucianaoliveira.com.br\/blog\/wp-json\/wp\/v2\/posts"}],"about":[{"href":"http:\/\/blogdalucianaoliveira.com.br\/blog\/wp-json\/wp\/v2\/types\/post"}],"author":[{"embeddable":true,"href":"http:\/\/blogdalucianaoliveira.com.br\/blog\/wp-json\/wp\/v2\/users\/1"}],"replies":[{"embeddable":true,"href":"http:\/\/blogdalucianaoliveira.com.br\/blog\/wp-json\/wp\/v2\/comments?post=33545"}],"version-history":[{"count":1,"href":"http:\/\/blogdalucianaoliveira.com.br\/blog\/wp-json\/wp\/v2\/posts\/33545\/revisions"}],"predecessor-version":[{"id":33546,"href":"http:\/\/blogdalucianaoliveira.com.br\/blog\/wp-json\/wp\/v2\/posts\/33545\/revisions\/33546"}],"wp:attachment":[{"href":"http:\/\/blogdalucianaoliveira.com.br\/blog\/wp-json\/wp\/v2\/media?parent=33545"}],"wp:term":[{"taxonomy":"category","embeddable":true,"href":"http:\/\/blogdalucianaoliveira.com.br\/blog\/wp-json\/wp\/v2\/categories?post=33545"},{"taxonomy":"post_tag","embeddable":true,"href":"http:\/\/blogdalucianaoliveira.com.br\/blog\/wp-json\/wp\/v2\/tags?post=33545"}],"curies":[{"name":"wp","href":"https:\/\/api.w.org\/{rel}","templated":true}]}}