{"id":33547,"date":"2022-04-07T09:45:35","date_gmt":"2022-04-07T13:45:35","guid":{"rendered":"http:\/\/blogdalucianaoliveira.com.br\/blog\/?p=33547"},"modified":"2022-04-07T09:45:39","modified_gmt":"2022-04-07T13:45:39","slug":"livro-imagina-como-seria-o-impeachment-de-bolsonaro","status":"publish","type":"post","link":"http:\/\/blogdalucianaoliveira.com.br\/blog\/2022\/04\/07\/livro-imagina-como-seria-o-impeachment-de-bolsonaro\/","title":{"rendered":"Livro imagina como seria o impeachment de Bolsonaro"},"content":{"rendered":"\n<figure class=\"wp-block-image size-large\"><img loading=\"lazy\" decoding=\"async\" width=\"1333\" height=\"2000\" data-attachment-id=\"33548\" data-permalink=\"http:\/\/blogdalucianaoliveira.com.br\/blog\/2022\/04\/07\/livro-imagina-como-seria-o-impeachment-de-bolsonaro\/impeachment-capa-vitor-cei-1\/\" data-orig-file=\"https:\/\/i0.wp.com\/blogdalucianaoliveira.com.br\/blog\/wp-content\/uploads\/2022\/04\/Impeachment-capa-Vitor-Cei-1.png?fit=1333%2C2000\" data-orig-size=\"1333,2000\" data-comments-opened=\"0\" data-image-meta=\"{&quot;aperture&quot;:&quot;0&quot;,&quot;credit&quot;:&quot;&quot;,&quot;camera&quot;:&quot;&quot;,&quot;caption&quot;:&quot;&quot;,&quot;created_timestamp&quot;:&quot;0&quot;,&quot;copyright&quot;:&quot;&quot;,&quot;focal_length&quot;:&quot;0&quot;,&quot;iso&quot;:&quot;0&quot;,&quot;shutter_speed&quot;:&quot;0&quot;,&quot;title&quot;:&quot;&quot;,&quot;orientation&quot;:&quot;0&quot;}\" data-image-title=\"Impeachment-capa-Vitor-Cei-1\" data-image-description=\"\" data-image-caption=\"\" data-medium-file=\"https:\/\/i0.wp.com\/blogdalucianaoliveira.com.br\/blog\/wp-content\/uploads\/2022\/04\/Impeachment-capa-Vitor-Cei-1.png?fit=200%2C300\" data-large-file=\"https:\/\/i0.wp.com\/blogdalucianaoliveira.com.br\/blog\/wp-content\/uploads\/2022\/04\/Impeachment-capa-Vitor-Cei-1.png?fit=600%2C901\" src=\"https:\/\/i0.wp.com\/blogdalucianaoliveira.com.br\/blog\/wp-content\/uploads\/2022\/04\/Impeachment-capa-Vitor-Cei-1.png?fit=600%2C901&amp;ssl=1\" alt=\"\" class=\"wp-image-33548\" srcset=\"https:\/\/i0.wp.com\/blogdalucianaoliveira.com.br\/blog\/wp-content\/uploads\/2022\/04\/Impeachment-capa-Vitor-Cei-1.png?w=1333 1333w, https:\/\/i0.wp.com\/blogdalucianaoliveira.com.br\/blog\/wp-content\/uploads\/2022\/04\/Impeachment-capa-Vitor-Cei-1.png?resize=200%2C300 200w, https:\/\/i0.wp.com\/blogdalucianaoliveira.com.br\/blog\/wp-content\/uploads\/2022\/04\/Impeachment-capa-Vitor-Cei-1.png?resize=682%2C1024 682w, https:\/\/i0.wp.com\/blogdalucianaoliveira.com.br\/blog\/wp-content\/uploads\/2022\/04\/Impeachment-capa-Vitor-Cei-1.png?resize=768%2C1152 768w, https:\/\/i0.wp.com\/blogdalucianaoliveira.com.br\/blog\/wp-content\/uploads\/2022\/04\/Impeachment-capa-Vitor-Cei-1.png?resize=1024%2C1536 1024w, https:\/\/i0.wp.com\/blogdalucianaoliveira.com.br\/blog\/wp-content\/uploads\/2022\/04\/Impeachment-capa-Vitor-Cei-1.png?w=1200 1200w\" sizes=\"auto, (max-width: 600px) 100vw, 600px\" \/><\/figure>\n\n\n\n<p>A narrativa mostra o Presidente da Rep\u00fablica condenado por crimes de genoc\u00eddio e crimes contra a humanidade. <\/p>\n\n\n\n<!--more-->\n\n\n\n<p>O professor da Universidade Federal do Esp\u00edrito Santo (Ufes),\nVitor Cei, est\u00e1 lan\u00e7ando o e-book de drama pol\u00edtico <em>Impeachment: o julgamento do presidente\nbolsonaro no senado federal<\/em>. Nomeando o presidente com iniciais min\u00fasculas,\na narrativa de fic\u00e7\u00e3o imagina o que aconteceria se o Senado Federal cassasse o mandato do\npresidente Jair Bolsonaro por crimes de responsabilidade e crimes\ncontra a humanidade.<\/p>\n\n\n\n<p>Mix de hist\u00f3ria\nalternativa e escrita n\u00e3o-criativa, o texto de <em>Impeachment<\/em> \u00e9 um tecido\nde cita\u00e7\u00f5es que imagina um presente alternativo em que o Presidente da\nRep\u00fablica sofre um processo de impeachment. &nbsp;O escriv\u00e3o Isa\u00edas\nCaminha, com o aux\u00edlio dos escriv\u00e3es <em>Bartleby, <\/em>Turkeye\nNippers, apresenta excertos das notas taquigr\u00e1ficas da ut\u00f3pica sess\u00e3o, presidida\npela Senadora Vana, Presidenta do Senado Federal.<\/p>\n\n\n\n<p>Em evento\ntransmitido ao vivo por Facebook, Instagram, YouTube e TikTok, o\nPresidente da Rep\u00fablica \u00e9 condenado por <em>crimes contra a exist\u00eancia da Uni\u00e3o, crimes contra o livre exerc\u00edcio\ndos poderes legislativo e judici\u00e1rio e dos poderes constitucionais dos Estados,\ncrimes contra o exerc\u00edcio dos direitos pol\u00edticos, individuais e sociais, crimes\ncontra a seguran\u00e7a interna, crimes contra a probidade na administra\u00e7\u00e3o, crimes\ncontra a guarda e legal emprego dos dinheiros p\u00fablicos, crimes contra o\ncumprimento de decis\u00f5es judici\u00e1rias, epidemia com resultado de morte, infra\u00e7\u00e3o\nde medida sanit\u00e1ria preventiva, charlatanismo, incita\u00e7\u00e3o ao crime, prevarica\u00e7\u00e3o\ne crimes contra a humanidade, nas modalidades exterm\u00ednio, persegui\u00e7\u00e3o e outros\natos desumanos.<\/em><\/p>\n\n\n\n<p>Na introdu\u00e7\u00e3o, o personagem Isa\u00edas Caminha\nafirma ter selecionado os principais depoimentos, quest\u00f5es de ordem e votos das\n7.000 laudas de falas taquigrafadas, para oferecer aos leitores uma narra\u00e7\u00e3o com\nin\u00edcio, meio e fim. A\nnarrativa\nsem g\u00eanero liter\u00e1rio pr\u00e9-definido constitui-se de um mosaico de cita\u00e7\u00f5es em que hist\u00f3ria\ne forma s\u00e3o indissoci\u00e1veis. Insere-se\nem tend\u00eancias\ncontempor\u00e2neas como literatura\npor apropria\u00e7\u00e3o, cultura do remix, escrita n\u00e3o criativa, literatura sampler e\nescrita citacional, em fus\u00e3o com a realidade sociopol\u00edtica.<\/p>\n\n\n\n<p>A protagonista do livro \u00e9 a Senadora Vana,\nPresidenta do Senado Federal e presidenta do processo de impeachment de bolsonaro.\nDentre as testemunhas de defesa encontram-se personagens inspirados em Olavo de\nCarvalho, Fl\u00e1vio Bolsonaro, Eduardo Bolsonaro e Carlos Bolsonaro. Os destaques\nda acusa\u00e7\u00e3o s\u00e3o personagens baseados no ex-presidente Lula e no ex-deputado Jean\nWyllys.<\/p>\n\n\n\n<p>No desfecho, uma ir\u00f4nica advert\u00eancia sem assinatura\nafirma que a obra de fic\u00e7\u00e3o foi baseada na livre cria\u00e7\u00e3o art\u00edstica,\nsem compromisso com a realidade e que qualquer semelhan\u00e7a com nomes, pessoas,\nfatos ou situa\u00e7\u00f5es da vida real ter\u00e1 sido mera coincid\u00eancia, pois o texto\nliter\u00e1rio n\u00e3o seria uma reprodu\u00e7\u00e3o da realidade.<\/p>\n\n\n\n<p>No posf\u00e1cio, o professor do Instituto\nFederal do Esp\u00edrito Santo e vocalista da banda Lordose, Adolfo Oleare, conclui o\npersonagem Ia\u00edas Caminha e Vitor Cei, \u201csuposto autor da obra, dariam orgulho ao Lima Barreto dos\nr\u00edspidos tempos nos quais a lucidez forjou o <em>D<\/em><em>i\u00e1rio do hosp\u00edcio<\/em>\u201d.<\/p>\n\n\n\n<p><em>O Fim do Minist\u00e9rio\nda Cultura: Reflex\u00f5es sobre as Pol\u00edticas Culturais na Era P\u00f3s-MinC<\/em>, de Rafael Moreira e Lincoln Spada, Imagin\u00e1rio Coletivo, 272 p\u00e1ginas,\nR$ 50,00.<\/p>\n\n\n\n<p>diretamente com os\nautores atrav\u00e9s do Instagram e do Facebook (@rafaelpolitica) e por e-mail\n(rafaeldardaqueusa@hotmail.com).<\/p>\n\n\n\n<p><em>Impeachment:\no julgamento do presidente bolsonaro no senado federal<\/em>, de Vitor Cei, 61 p\u00e1ginas, R$9,90\nou 1,99 \u20ac<\/p>\n\n\n\n<p>O livro pode ser adquirido na Amazon, na Google Play Store e\nna livraria francesa FNAC.<\/p>\n\n\n\n<p>Ilustra\u00e7\u00e3o da capa: \u201cCybercharge Impeachment j\u00e1\u201d, de Marcio Vaccari.<\/p>\n\n\n\n<p><strong>Sobre\nautor<\/strong><\/p>\n\n\n\n<p>Vitor Cei nasceu em Vit\u00f3ria (ES), em\n1983. \u00c9 mestre em Letras pela Universidade Federal do Esp\u00edrito Santo e doutor\nem Estudos Liter\u00e1rios pela Universidade Federal de Minas Gerais, com\ndoutorado-sandu\u00edche na Freie Universit\u00e4t Berlin, Alemanha. Trabalha como\nprofessor de literatura nos cursos de gradua\u00e7\u00e3o, mestrado e doutorado em Letras\nda Ufes. Coautor de, entre outros, <em>Brasil em crise<\/em>\n(Praia, 2015),<em> O que resta das jornadas de junho<\/em> (Fi, 2017), <em>Not\u00edcia da atual literatura\nbrasileira: entrevistas<\/em>\n(Cousa, 2020) e<em> Not\u00edcia da atual literatura brasileira II: entrevistas<\/em>\n(Cousa, 2021).<em> Impeachment<\/em>\n\u00e9 seu primeiro texto de fic\u00e7\u00e3o.<\/p>\n","protected":false},"excerpt":{"rendered":"<p>A narrativa mostra o Presidente da Rep\u00fablica condenado por crimes de genoc\u00eddio e crimes contra a humanidade.<\/p>\n","protected":false},"author":1,"featured_media":0,"comment_status":"closed","ping_status":"open","sticky":false,"template":"","format":"standard","meta":{"_exactmetrics_skip_tracking":false,"_exactmetrics_sitenote_active":false,"_exactmetrics_sitenote_note":"","_exactmetrics_sitenote_category":0,"jetpack_post_was_ever_published":false,"_jetpack_newsletter_access":"","_jetpack_dont_email_post_to_subs":false,"_jetpack_newsletter_tier_id":0,"_jetpack_memberships_contains_paywalled_content":false,"_jetpack_memberships_contains_paid_content":false,"footnotes":"","jetpack_publicize_message":"","jetpack_publicize_feature_enabled":true,"jetpack_social_post_already_shared":true,"jetpack_social_options":{"image_generator_settings":{"template":"highway","enabled":false},"version":2}},"categories":[1],"tags":[53,14,699],"class_list":["post-33547","post","type-post","status-publish","format-standard","hentry","category-notas","tag-bolsonaro","tag-impeachment","tag-vitor-cei"],"jetpack_publicize_connections":[],"jetpack_sharing_enabled":true,"jetpack_featured_media_url":"","jetpack_shortlink":"https:\/\/wp.me\/p7wKYW-8J5","jetpack-related-posts":[],"_links":{"self":[{"href":"http:\/\/blogdalucianaoliveira.com.br\/blog\/wp-json\/wp\/v2\/posts\/33547","targetHints":{"allow":["GET"]}}],"collection":[{"href":"http:\/\/blogdalucianaoliveira.com.br\/blog\/wp-json\/wp\/v2\/posts"}],"about":[{"href":"http:\/\/blogdalucianaoliveira.com.br\/blog\/wp-json\/wp\/v2\/types\/post"}],"author":[{"embeddable":true,"href":"http:\/\/blogdalucianaoliveira.com.br\/blog\/wp-json\/wp\/v2\/users\/1"}],"replies":[{"embeddable":true,"href":"http:\/\/blogdalucianaoliveira.com.br\/blog\/wp-json\/wp\/v2\/comments?post=33547"}],"version-history":[{"count":1,"href":"http:\/\/blogdalucianaoliveira.com.br\/blog\/wp-json\/wp\/v2\/posts\/33547\/revisions"}],"predecessor-version":[{"id":33549,"href":"http:\/\/blogdalucianaoliveira.com.br\/blog\/wp-json\/wp\/v2\/posts\/33547\/revisions\/33549"}],"wp:attachment":[{"href":"http:\/\/blogdalucianaoliveira.com.br\/blog\/wp-json\/wp\/v2\/media?parent=33547"}],"wp:term":[{"taxonomy":"category","embeddable":true,"href":"http:\/\/blogdalucianaoliveira.com.br\/blog\/wp-json\/wp\/v2\/categories?post=33547"},{"taxonomy":"post_tag","embeddable":true,"href":"http:\/\/blogdalucianaoliveira.com.br\/blog\/wp-json\/wp\/v2\/tags?post=33547"}],"curies":[{"name":"wp","href":"https:\/\/api.w.org\/{rel}","templated":true}]}}