{"id":33553,"date":"2022-04-08T11:30:39","date_gmt":"2022-04-08T15:30:39","guid":{"rendered":"http:\/\/blogdalucianaoliveira.com.br\/blog\/?p=33553"},"modified":"2022-04-08T11:30:42","modified_gmt":"2022-04-08T15:30:42","slug":"facebook-identifica-militares-como-chefes-de-perfis-com-desinformacao-sobre-a-amazonia","status":"publish","type":"post","link":"http:\/\/blogdalucianaoliveira.com.br\/blog\/2022\/04\/08\/facebook-identifica-militares-como-chefes-de-perfis-com-desinformacao-sobre-a-amazonia\/","title":{"rendered":"Facebook identifica militares como \u2018chefes\u2019 de perfis com desinforma\u00e7\u00e3o sobre a Amaz\u00f4nia"},"content":{"rendered":"\n<figure class=\"wp-block-image size-large\"><img data-recalc-dims=\"1\" loading=\"lazy\" decoding=\"async\" width=\"600\" height=\"375\" data-attachment-id=\"33554\" data-permalink=\"http:\/\/blogdalucianaoliveira.com.br\/blog\/2022\/04\/08\/facebook-identifica-militares-como-chefes-de-perfis-com-desinformacao-sobre-a-amazonia\/8e0e3bef-827b-4c77-b9ac-63852f6b33a1\/\" data-orig-file=\"https:\/\/i0.wp.com\/blogdalucianaoliveira.com.br\/blog\/wp-content\/uploads\/2022\/04\/8E0E3BEF-827B-4C77-B9AC-63852F6B33A1.jpeg?fit=640%2C400\" data-orig-size=\"640,400\" data-comments-opened=\"0\" data-image-meta=\"{&quot;aperture&quot;:&quot;0&quot;,&quot;credit&quot;:&quot;&quot;,&quot;camera&quot;:&quot;&quot;,&quot;caption&quot;:&quot;&quot;,&quot;created_timestamp&quot;:&quot;0&quot;,&quot;copyright&quot;:&quot;&quot;,&quot;focal_length&quot;:&quot;0&quot;,&quot;iso&quot;:&quot;0&quot;,&quot;shutter_speed&quot;:&quot;0&quot;,&quot;title&quot;:&quot;&quot;,&quot;orientation&quot;:&quot;0&quot;}\" data-image-title=\"8E0E3BEF-827B-4C77-B9AC-63852F6B33A1\" data-image-description=\"\" data-image-caption=\"\" data-medium-file=\"https:\/\/i0.wp.com\/blogdalucianaoliveira.com.br\/blog\/wp-content\/uploads\/2022\/04\/8E0E3BEF-827B-4C77-B9AC-63852F6B33A1.jpeg?fit=300%2C188\" data-large-file=\"https:\/\/i0.wp.com\/blogdalucianaoliveira.com.br\/blog\/wp-content\/uploads\/2022\/04\/8E0E3BEF-827B-4C77-B9AC-63852F6B33A1.jpeg?fit=600%2C375\" src=\"https:\/\/i0.wp.com\/blogdalucianaoliveira.com.br\/blog\/wp-content\/uploads\/2022\/04\/8E0E3BEF-827B-4C77-B9AC-63852F6B33A1.jpeg?resize=600%2C375\" alt=\"\" class=\"wp-image-33554\" srcset=\"https:\/\/i0.wp.com\/blogdalucianaoliveira.com.br\/blog\/wp-content\/uploads\/2022\/04\/8E0E3BEF-827B-4C77-B9AC-63852F6B33A1.jpeg?w=640 640w, https:\/\/i0.wp.com\/blogdalucianaoliveira.com.br\/blog\/wp-content\/uploads\/2022\/04\/8E0E3BEF-827B-4C77-B9AC-63852F6B33A1.jpeg?resize=300%2C188 300w, https:\/\/i0.wp.com\/blogdalucianaoliveira.com.br\/blog\/wp-content\/uploads\/2022\/04\/8E0E3BEF-827B-4C77-B9AC-63852F6B33A1.jpeg?resize=480%2C300 480w\" sizes=\"auto, (max-width: 600px) 100vw, 600px\" \/><\/figure>\n\n\n\n<p>Rede social, que derrubou os perfis, chegou a dois oficiais do Ex\u00e9rcito Brasileiro como criadores da rede que inclu\u00eda not\u00edcias falsas ou enganosas sobre desmatamento na regi\u00e3o; postagens tamb\u00e9m atacavam ONGs dedicadas ao meio ambiente.<\/p>\n\n\n\n<!--more-->\n\n\n\n<p>\u00a0Por Bruno Romani &#8211; O Estado de S. Paulo<\/p>\n\n\n\n<p>Amaz\u00f4nia virou alvo de rede de desinforma\u00e7\u00e3o&nbsp;<\/p>\n\n\n\n<p>O&nbsp;<a href=\"https:\/\/tudo-sobre.estadao.com.br\/facebook\">Facebook<\/a>&nbsp;anunciou nesta quinta-feira, 7, que derrubou uma rede de contas e perfis falsos que tentavam distorcer o debate p\u00fablico relacionado a quest\u00f5es ambientais, como o desmatamento da Amaz\u00f4nia. Segundo a Meta (holding do Facebook), oficiais do&nbsp;<a href=\"https:\/\/tudo-sobre.estadao.com.br\/exercito-brasileiro\">Ex\u00e9rcito Brasileiro<\/a>&nbsp;eram respons\u00e1veis pela opera\u00e7\u00e3o de desinforma\u00e7\u00e3o, mas as suas identidades n\u00e3o foram reveladas pela rede social.<\/p>\n\n\n\n<p>As informa\u00e7\u00f5es surgiram no relat\u00f3rio trimestral que a empresa produz sobre amea\u00e7as na plataforma. Na atual edi\u00e7\u00e3o do relat\u00f3rio, foram listados casos no Azerbaij\u00e3o, na R\u00fassia, na Ucr\u00e2nia, no Ir\u00e3, na Costa Rica e nas Filipinas. A rede brasileira aparece como um exemplo de \u201ccomportamento inaut\u00eantico coordenado\u201d, termo da empresa que se refere a redes de perfis e p\u00e1ginas falsas usadas em esfor\u00e7o para manipular o debate p\u00fablico.&nbsp;<\/p>\n\n\n\n<p>No total, foram derrubados 14 perfis falsos e nove p\u00e1ginas no Facebook, al\u00e9m de 39 contas no Instagram &#8211; parte desses perfis e p\u00e1ginas tamb\u00e9m estavam conectadas a p\u00e1ginas no Twitter. Nos servi\u00e7os do Facebook, a rede somava 25 mil seguidores.<\/p>\n\n\n\n<p>\u201cN\u00e3o podemos compartilhar muitos detalhes de como nossa investiga\u00e7\u00e3o chegou aos militares. Quanto mais compartilhamos, mais essas redes conseguem se esconder. Usamos sinais t\u00e9cnicos e comportamentais\u201d, disse ao&nbsp;<strong>Estad\u00e3o<\/strong>&nbsp;Nathaniel Gleicher, chefe de pol\u00edtica de seguran\u00e7a global do Facebook.&nbsp;<\/p>\n\n\n\n<p>Antes de derrubar a rede, por\u00e9m, o Facebook compartilhou suas informa\u00e7\u00f5es com a Graphika, empresa de monitoramento de redes sociais \u2014 a ideia era ter um olhar terceiro al\u00e9m da pesquisa realizada pela companhia de&nbsp;<a href=\"https:\/\/tudo-sobre.estadao.com.br\/mark-zuckerberg\">Mark Zuckerberg<\/a>. A Graphika publicou um relat\u00f3rio independente, no qual deu mais detalhes sobre como conseguiu mapear os militares. Novamente, as identidades n\u00e3o foram reveladas.&nbsp;<\/p>\n\n\n\n<figure class=\"wp-block-image\"><a href=\"http:\/\/10.10.0.46\/javascript:void(0);\"><img data-recalc-dims=\"1\" decoding=\"async\" src=\"https:\/\/i0.wp.com\/img.estadao.com.br\/fotos\/crop\/640x400\/resources\/jpg\/8\/7\/1649291091978.jpg?w=600&#038;ssl=1\" alt=\"P\u00e1gina NaturAmazon tentava passar imagem positiva de militares na Amaz\u00f4nia\u00a0\"\/><\/a><\/figure>\n\n\n\n<p>P\u00e1gina NaturAmazon tentava passar imagem positiva de militares na Amaz\u00f4nia&nbsp;<\/p>\n\n\n\n<p>Segundo o documento, dois oficiais do Ex\u00e9rcito est\u00e3o por tr\u00e1s da rede \u2014 a empresa confirmou pelo Portal da Transpar\u00eancia, do governo federal, que, at\u00e9 dezembro de 2021, quando fez a checagem, ambos estavam na ativa. Quatro perfis pessoais dos oficiais foram identificados, o que permitiu determinar a liga\u00e7\u00e3o dos homens com o Ex\u00e9rcito. Entre as evid\u00eancias est\u00e3o posts nos quais eles aparecem fardados e congratula\u00e7\u00f5es de parentes por conquistas em treinamentos e cursos militares, al\u00e9m de fotos de arquivo pessoal que abrangem um per\u00edodo de 10 anos.&nbsp;<\/p>\n\n\n\n<p>\u201cOs nomes deles apareciam em registros governamentais e documentos p\u00fablicos militares,incluindo os resultados de exames de admiss\u00e3o no Ex\u00e9rcito e uma tese de gradua\u00e7\u00e3o da Academia Militar, o que nos permitiu determinar que suas carreiras come\u00e7aram em 2012 e 2014\u201d, diz o relat\u00f3rio. A Graphika n\u00e3o conseguiu determinar as fun\u00e7\u00f5es espec\u00edficas dos homens no Ex\u00e9rcito, mas acredita que ambos t\u00eam fun\u00e7\u00f5es ligadas \u00e0 cavalaria.<\/p>\n\n\n\n<p>Por\u00e9m, tanto Facebook quanto Graphika n\u00e3o fazem conex\u00f5es dos oficiais ao comando do Ex\u00e9rcito.&nbsp;<\/p>\n\n\n\n<h3 class=\"wp-block-heading\">Desmatamento, a\u00e7\u00e3o militar e ONGs &nbsp; &nbsp;&nbsp;<\/h3>\n\n\n\n<p>Segundo o relat\u00f3rio do Facebook, os perfis e p\u00e1ginas tentavam se passar por organiza\u00e7\u00f5es da sociedade civil e ativistas interessados na preserva\u00e7\u00e3o da Amaz\u00f4nia \u2014 foi a primeira vez que a rede social identificou uma rede do tipo atuando em quest\u00f5es ambientais. O documento diz que alguns posts diziam que \u201cnem todo o desmatamento da floresta \u00e9 prejudicial&#8221;. Al\u00e9m disso, havia ataques a ONGs que atuam para a preserva\u00e7\u00e3o do meio ambiente.&nbsp;<\/p>\n\n\n\n<p>No relat\u00f3rio da Graphika, \u00e9 citada a p\u00e1gina NaturAmazon, organiza\u00e7\u00e3o ambiental inexistente que tinha 6.650 seguidores no Instagram e que operou entre maio e setembro de 2021. Al\u00e9m de postar imagens de animais, a p\u00e1gina costumava elogiar o governo no combate ao desmatamento e afirmava que o Brasil \u00e9 l\u00edder na prote\u00e7\u00e3o ao meio ambiente.&nbsp;<\/p>\n\n\n\n<p>A Graphika ainda afirma que a p\u00e1gina postava sobre o suposto sucesso do governo e do Ex\u00e9rcito no combate ao desmatamento \u2014 a culpa pelo impacto ambiental negativo era transferida para os cidad\u00e3os em n\u00edvel individual, ignorando causas sist\u00eamicas nas a\u00e7\u00f5es. \u201cA NaturAmazon postava apenas not\u00edcias e estat\u00edsticas que apresentavam o governo e os militares de maneira positiva\u201d, diz o documento. &nbsp; &nbsp; &nbsp;<\/p>\n\n\n\n<figure class=\"wp-block-image\"><a href=\"http:\/\/10.10.0.46\/javascript:void(0);\"><img data-recalc-dims=\"1\" decoding=\"async\" src=\"https:\/\/i0.wp.com\/img.estadao.com.br\/fotos\/crop\/640x400\/resources\/jpg\/0\/8\/1649291091980.jpg?w=600&#038;ssl=1\" alt=\"O Fiscal das ONGs tentava minar credibilidade de organiza\u00e7\u00f5es ambientais\u00a0\"\/><\/a><\/figure>\n\n\n\n<p>O Fiscal das ONGs tentava minar credibilidade de organiza\u00e7\u00f5es ambientais&nbsp;<\/p>\n\n\n\n<p>Outra p\u00e1gina citada \u00e9 a O Fiscal das ONGs, que tinha 7 mil seguidores no Instagram e parou de postar em setembro de 2021. O objetivo do perfil, segundo a Graphika, era abalar a credibilidade de ONGs ambientais. Entre os alvos estavam o Imazon, o Instituto Socioambiental (ISA), o&nbsp;<a href=\"https:\/\/tudo-sobre.estadao.com.br\/greenpeace\">Greenpeace<\/a>&nbsp;e o WWF. &nbsp;<\/p>\n\n\n\n<p>O Fiscal das ONGs costumava postar tamb\u00e9m partes de um filme conspirat\u00f3rio produzido pelo site bolsonarista Brasil Paralelo. A Graphika identificou tamb\u00e9m dois posts que inclu\u00edam falas do senador amazonense&nbsp;<a href=\"https:\/\/tudo-sobre.estadao.com.br\/plinio-valerio\">Pl\u00ednio Val\u00e9rio (PSDB)<\/a>&nbsp;sobre supostamente ter evid\u00eancias de que ONGs querem comprar terras na Amaz\u00f4nia para atender a interesses estrangeiros.&nbsp;<\/p>\n\n\n\n<h3 class=\"wp-block-heading\">Ataques a Bolsonaro &nbsp;<\/h3>\n\n\n\n<p>A rede desmontada pelo Facebook teve uma fase anterior envolvimento com quest\u00f5es ambientais. Entre abril e junho de 2020, os perfis e p\u00e1ginas eram usados para criticar o presidente&nbsp;<a href=\"https:\/\/tudo-sobre.estadao.com.br\/jair-bolsonaro\">Jair Bolsonaro (PL)<\/a>&nbsp;e promover quest\u00f5es sociais. Segundo o documento, a rede fracassou para obter engajamento nessa fase e foi desativada. Ela s\u00f3 voltou a operar em maio de 2021 j\u00e1 na etapa ambiental, considerada a principal da opera\u00e7\u00e3o.&nbsp;<\/p>\n\n\n\n<p>Na sua primeira fase, uma das p\u00e1ginas, chamada Resist\u00eancia Jovem, postava memes, infogr\u00e1ficos e manchetes de ve\u00edculos de imprensa tradicionais que criticavam Bolsonaro, especialmente a sua atua\u00e7\u00e3o na pandemia. O perfil, por\u00e9m, obteve apenas 531 seguidores.&nbsp;<\/p>\n\n\n\n<figure class=\"wp-block-image\"><a href=\"http:\/\/10.10.0.46\/javascript:void(0);\"><img data-recalc-dims=\"1\" decoding=\"async\" src=\"https:\/\/i0.wp.com\/img.estadao.com.br\/fotos\/crop\/640x400\/resources\/jpg\/8\/4\/1649291182048.jpg?w=600&#038;ssl=1\" alt=\"P\u00e1gina Resist\u00eancia Jovem criticava Bolsonaro na primeira fase da rede de perfis falsos\"\/><\/a><\/figure>\n\n\n\n<p>P\u00e1gina Resist\u00eancia Jovem criticava Bolsonaro na primeira fase da rede de perfis falsos<\/p>\n\n\n\n<p>Outro perfil, Orgulho Sem Terra, postava conte\u00fado relacionado ao Movimento Sem Terra, al\u00e9m de cr\u00edticas a Bolsonaro.&nbsp;<\/p>\n\n\n\n<p>As duas fases claramente antag\u00f4nicas em conte\u00fado n\u00e3o s\u00e3o explicadas pelo Facebook ou pela Graphika. As duas empresas dizem focar apenas nas opera\u00e7\u00f5es que resultam em comportamento coordenado inaut\u00eantico. O estudo da Graphika diz que \u201ca atividade refor\u00e7a a import\u00e2ncia de analisar as opera\u00e7\u00f5es dentro de um contexto social e pol\u00edtico\u201d. E diz ainda: \u201cIsso \u00e9 particularmente relevante no Brasil, que tem uma hist\u00f3ria de agentes com motiva\u00e7\u00f5es pol\u00edticas engajados em comportamento coordenado online prejudicial\u201d. &nbsp;&nbsp;<\/p>\n\n\n\n<p>O documento cita as desaven\u00e7as entre Bolsonaro e os militares, que resultaram nas trocas de comando nas For\u00e7as Armadas em mar\u00e7o de 2021.&nbsp;<\/p>\n\n\n\n<p>Procurado pela reportagem, o Exercito Brasileiro emitiu a seguinte nota:<\/p>\n\n\n\n<p>&#8220;O Ex\u00e9rcito Brasileiro n\u00e3o fomenta a desinforma\u00e7\u00e3o por meio das m\u00eddias sociais. A institui\u00e7\u00e3o possui contas oficiais nessas m\u00eddias e obedece as pol\u00edticas de uso das empresas respons\u00e1veis por essas plataformas. Assim, o Ex\u00e9rcito j\u00e1 entrou em contato com a empresa Meta para viabilizar, dentro dos par\u00e2metros legais vigentes, acesso aos dados que fundamentaram o relat\u00f3rio, no que diz respeito \u00e0 suposta participa\u00e7\u00e3o de militares nas atividades descritas.&#8221;&nbsp;<\/p>\n\n\n\n<p>E completou: &#8220;Cabe ressaltar que a Institui\u00e7\u00e3o requer de seus profissionais o cumprimento de deveres militares, tais como o culto \u00e0 verdade, a probidade e a honestidade&#8221;.<\/p>\n\n\n\n<h3 class=\"wp-block-heading\">Repercuss\u00e3o<\/h3>\n\n\n\n<p>O envolvimento de militares com&nbsp;canais de desinforma\u00e7\u00e3o gerou preocupa\u00e7\u00f5es em especialistas. Segundo&nbsp;Eduardo Grin, cientista pol\u00edtico da FGV, a postura parcial que o Ex\u00e9rcito acaba adotando com o epis\u00f3dio \u00e9 um sinal de alerta para as elei\u00e7\u00f5es deste ano.<\/p>\n\n\n\n<p>&#8220;O ex\u00e9rcito n\u00e3o tem lado. Esse tipo de informa\u00e7\u00e3o falsa revela um tipo de conduta pol\u00edtica absolutamente inadequada. \u00c9 extremamente preocupante que epis\u00f3dios como esse venham \u00e0 tona e nos faz pensar se o Ex\u00e9rcito n\u00e3o vai, ao longo deste ano, direcionar a popula\u00e7\u00e3o para informa\u00e7\u00f5es equivocadas&#8221;, explica Grin.<\/p>\n\n\n\n<p>O cientista ainda aprofunda a quest\u00e3o na raiz do retorno da &#8220;atividade partid\u00e1ria&#8221; dos militares no governo Bolsonaro. Segundo ele, o setor ganhou cargos p\u00fablicos importantes ao longo dos \u00faltimos anos em troca de uma maior a\u00e7\u00e3o em prol da agenda presidencial no Pa\u00eds \u2014 que condiz com as mensagens veiculadas pelos grupos revelados pelo Facebook.<\/p>\n\n\n\n<p>&#8220;Essa interfer\u00eancia dos militares na pol\u00edtica, que nunca deixou de existir no Brasil, volta a se mostrar de maneira bastante forte no governo Bolsonaro. Na medida em que o presidente vai instigando a l\u00f3gica de aproxima\u00e7\u00e3o desse setor, isso acaba autorizando militares a terem esse tipo de conduta que \u00e9 antirrepublicano e antidemocr\u00e1tico&#8221;, afirma Grin.<\/p>\n\n\n\n<p>J\u00e1 para Max Stabile, membro do Instituto de Ci\u00eancia Pol\u00edtica da Universidade de Bras\u00edlia (UnB), a t\u00e1tica se assemelha a uma decis\u00e3o comum em conflitos, onde a desinforma\u00e7\u00e3o \u00e9 utilizada para facilitar o discurso pr\u00f3 ou contra governo. Ainda assim, apesar de&nbsp;n\u00e3o ser poss\u00edvel identificar se a a\u00e7\u00e3o era isolada ou coordenada pela entidade, Stabile acredita que a a\u00e7\u00e3o como um todo \u00e9 problem\u00e1tica do ponto de vista pol\u00edtico.&nbsp;<\/p>\n\n\n\n<p>\u201c\u00c9 uma estrat\u00e9gia bastante conhecida no mundo militar, que \u00e9 a disson\u00e2ncia cognitiva, em que s\u00e3o geradas uma quantidade de informa\u00e7\u00f5es n\u00e3o precisas e que n\u00e3o s\u00e3o corretas para que aquele determinado ponto tenha um sentimento de inseguran\u00e7a\u201d, aponta Stabile. \u201cSeria problem\u00e1tico ter uma vis\u00e3o do Ex\u00e9rcito utilizando esse tipo de desinforma\u00e7\u00e3o ou de comportamento inaut\u00eantico\u201d.&nbsp;<strong>\/<\/strong><strong>COLABOROU BRUNA ARIMATHEA<\/strong><\/p>\n\n\n\n<p><\/p>\n","protected":false},"excerpt":{"rendered":"<p>Rede social, que derrubou os perfis, chegou a dois oficiais do Ex\u00e9rcito Brasileiro como criadores da rede que inclu\u00eda not\u00edcias falsas ou enganosas sobre desmatamento na regi\u00e3o; postagens tamb\u00e9m atacavam ONGs dedicadas ao meio ambiente.<\/p>\n","protected":false},"author":1,"featured_media":0,"comment_status":"closed","ping_status":"open","sticky":false,"template":"","format":"standard","meta":{"_exactmetrics_skip_tracking":false,"_exactmetrics_sitenote_active":false,"_exactmetrics_sitenote_note":"","_exactmetrics_sitenote_category":0,"jetpack_post_was_ever_published":false,"_jetpack_newsletter_access":"","_jetpack_dont_email_post_to_subs":false,"_jetpack_newsletter_tier_id":0,"_jetpack_memberships_contains_paywalled_content":false,"_jetpack_memberships_contains_paid_content":false,"footnotes":"","jetpack_publicize_message":"","jetpack_publicize_feature_enabled":true,"jetpack_social_post_already_shared":true,"jetpack_social_options":{"image_generator_settings":{"template":"highway","enabled":false},"version":2}},"categories":[1],"tags":[],"class_list":["post-33553","post","type-post","status-publish","format-standard","hentry","category-notas"],"jetpack_publicize_connections":[],"jetpack_sharing_enabled":true,"jetpack_featured_media_url":"","jetpack_shortlink":"https:\/\/wp.me\/p7wKYW-8Jb","jetpack-related-posts":[],"_links":{"self":[{"href":"http:\/\/blogdalucianaoliveira.com.br\/blog\/wp-json\/wp\/v2\/posts\/33553","targetHints":{"allow":["GET"]}}],"collection":[{"href":"http:\/\/blogdalucianaoliveira.com.br\/blog\/wp-json\/wp\/v2\/posts"}],"about":[{"href":"http:\/\/blogdalucianaoliveira.com.br\/blog\/wp-json\/wp\/v2\/types\/post"}],"author":[{"embeddable":true,"href":"http:\/\/blogdalucianaoliveira.com.br\/blog\/wp-json\/wp\/v2\/users\/1"}],"replies":[{"embeddable":true,"href":"http:\/\/blogdalucianaoliveira.com.br\/blog\/wp-json\/wp\/v2\/comments?post=33553"}],"version-history":[{"count":1,"href":"http:\/\/blogdalucianaoliveira.com.br\/blog\/wp-json\/wp\/v2\/posts\/33553\/revisions"}],"predecessor-version":[{"id":33555,"href":"http:\/\/blogdalucianaoliveira.com.br\/blog\/wp-json\/wp\/v2\/posts\/33553\/revisions\/33555"}],"wp:attachment":[{"href":"http:\/\/blogdalucianaoliveira.com.br\/blog\/wp-json\/wp\/v2\/media?parent=33553"}],"wp:term":[{"taxonomy":"category","embeddable":true,"href":"http:\/\/blogdalucianaoliveira.com.br\/blog\/wp-json\/wp\/v2\/categories?post=33553"},{"taxonomy":"post_tag","embeddable":true,"href":"http:\/\/blogdalucianaoliveira.com.br\/blog\/wp-json\/wp\/v2\/tags?post=33553"}],"curies":[{"name":"wp","href":"https:\/\/api.w.org\/{rel}","templated":true}]}}