{"id":33556,"date":"2022-04-11T08:07:38","date_gmt":"2022-04-11T12:07:38","guid":{"rendered":"http:\/\/blogdalucianaoliveira.com.br\/blog\/?p=33556"},"modified":"2022-04-11T08:07:41","modified_gmt":"2022-04-11T12:07:41","slug":"neidinha-surui-protesta-em-festival-e-tudo-verdade","status":"publish","type":"post","link":"http:\/\/blogdalucianaoliveira.com.br\/blog\/2022\/04\/11\/neidinha-surui-protesta-em-festival-e-tudo-verdade\/","title":{"rendered":"Neidinha Suru\u00ed protesta em festival \u00c9 Tudo Verdade"},"content":{"rendered":"\n<figure class=\"wp-block-image size-large\"><img loading=\"lazy\" decoding=\"async\" width=\"1106\" height=\"1556\" data-attachment-id=\"33558\" data-permalink=\"http:\/\/blogdalucianaoliveira.com.br\/blog\/2022\/04\/11\/neidinha-surui-protesta-em-festival-e-tudo-verdade\/6b15fdde-fdf0-45d7-aabb-7ad0b6b67ad2\/\" data-orig-file=\"https:\/\/i0.wp.com\/blogdalucianaoliveira.com.br\/blog\/wp-content\/uploads\/2022\/04\/6B15FDDE-FDF0-45D7-AABB-7AD0B6B67AD2.jpeg?fit=1106%2C1556\" data-orig-size=\"1106,1556\" data-comments-opened=\"0\" data-image-meta=\"{&quot;aperture&quot;:&quot;0&quot;,&quot;credit&quot;:&quot;&quot;,&quot;camera&quot;:&quot;&quot;,&quot;caption&quot;:&quot;&quot;,&quot;created_timestamp&quot;:&quot;0&quot;,&quot;copyright&quot;:&quot;&quot;,&quot;focal_length&quot;:&quot;0&quot;,&quot;iso&quot;:&quot;0&quot;,&quot;shutter_speed&quot;:&quot;0&quot;,&quot;title&quot;:&quot;&quot;,&quot;orientation&quot;:&quot;1&quot;}\" data-image-title=\"6B15FDDE-FDF0-45D7-AABB-7AD0B6B67AD2\" data-image-description=\"\" data-image-caption=\"\" data-medium-file=\"https:\/\/i0.wp.com\/blogdalucianaoliveira.com.br\/blog\/wp-content\/uploads\/2022\/04\/6B15FDDE-FDF0-45D7-AABB-7AD0B6B67AD2.jpeg?fit=213%2C300\" data-large-file=\"https:\/\/i0.wp.com\/blogdalucianaoliveira.com.br\/blog\/wp-content\/uploads\/2022\/04\/6B15FDDE-FDF0-45D7-AABB-7AD0B6B67AD2.jpeg?fit=600%2C844\" src=\"https:\/\/i2.wp.com\/blogdalucianaoliveira.com.br\/blog\/wp-content\/uploads\/2022\/04\/6B15FDDE-FDF0-45D7-AABB-7AD0B6B67AD2.jpeg?fit=600%2C844\" alt=\"\" class=\"wp-image-33558\" srcset=\"https:\/\/i0.wp.com\/blogdalucianaoliveira.com.br\/blog\/wp-content\/uploads\/2022\/04\/6B15FDDE-FDF0-45D7-AABB-7AD0B6B67AD2.jpeg?w=1106 1106w, https:\/\/i0.wp.com\/blogdalucianaoliveira.com.br\/blog\/wp-content\/uploads\/2022\/04\/6B15FDDE-FDF0-45D7-AABB-7AD0B6B67AD2.jpeg?resize=213%2C300 213w, https:\/\/i0.wp.com\/blogdalucianaoliveira.com.br\/blog\/wp-content\/uploads\/2022\/04\/6B15FDDE-FDF0-45D7-AABB-7AD0B6B67AD2.jpeg?resize=728%2C1024 728w, https:\/\/i0.wp.com\/blogdalucianaoliveira.com.br\/blog\/wp-content\/uploads\/2022\/04\/6B15FDDE-FDF0-45D7-AABB-7AD0B6B67AD2.jpeg?resize=768%2C1080 768w, https:\/\/i0.wp.com\/blogdalucianaoliveira.com.br\/blog\/wp-content\/uploads\/2022\/04\/6B15FDDE-FDF0-45D7-AABB-7AD0B6B67AD2.jpeg?resize=1092%2C1536 1092w\" sizes=\"auto, (max-width: 600px) 100vw, 600px\" \/><\/figure>\n\n\n\n<p>Foi com protesto, aplausos e coro de #ForaBolsonaro que Neidinha Surui encerrou o festival dedicado \u00e0 produ\u00e7\u00e3o documental da Am\u00e9rica Latina, o \u00c9 Tudo Verdade, em S\u00e3o Paulo.<\/p>\n\n\n\n<!--more-->\n\n\n\n<p>O premiado document\u00e1rio &#8211; O Territ\u00f3rio (The Territory), do cineasta norte-americano, Alex Pritz com colabora\u00e7\u00e3o de ind\u00edgenas Uru Eu Wau Wau, teve apresenta\u00e7\u00e3o especial no encerramento do festival. <\/p>\n\n\n\n<p>Vencedor do Pr\u00eamio do P\u00fablico e Pr\u00eamio Especial do J\u00fari por Document\u00e1rio Craft no Festival Sundance nos Estados Unidos (EUA), o filme retrata um pouco da luta dos ind\u00edgenas contra invasores de seus territ\u00f3rios. <\/p>\n\n\n\n<p>Neidinha fez protesto semelhante no Festival Internacional de Document\u00e1rios de Copenhagen (CPH:DOX), onde o filme recebeu \u201cMen\u00e7\u00e3o Especial\u201d.<\/p>\n\n\n\n<figure class=\"wp-block-embed-facebook wp-block-embed\"><div class=\"wp-block-embed__wrapper\">\n<div class=\"fb-post\" data-href=\"https:\/\/www.facebook.com\/100001977379087\/posts\/5150337215042140\/?d=n\" data-width=\"552\"><\/div>\n<\/div><\/figure>\n","protected":false},"excerpt":{"rendered":"<p>Foi com protesto, aplausos e coro de #ForaBolsonaro que Neidinha Surui encerrou o festival dedicado \u00e0 produ\u00e7\u00e3o documental da Am\u00e9rica Latina, o \u00c9 Tudo Verdade, em S\u00e3o Paulo.<\/p>\n","protected":false},"author":1,"featured_media":0,"comment_status":"closed","ping_status":"open","sticky":false,"template":"","format":"standard","meta":{"_exactmetrics_skip_tracking":false,"_exactmetrics_sitenote_active":false,"_exactmetrics_sitenote_note":"","_exactmetrics_sitenote_category":0,"jetpack_post_was_ever_published":false,"_jetpack_newsletter_access":"","_jetpack_dont_email_post_to_subs":false,"_jetpack_newsletter_tier_id":0,"_jetpack_memberships_contains_paywalled_content":false,"_jetpack_memberships_contains_paid_content":false,"footnotes":"","jetpack_publicize_message":"","jetpack_publicize_feature_enabled":true,"jetpack_social_post_already_shared":true,"jetpack_social_options":{"image_generator_settings":{"template":"highway","enabled":false},"version":2}},"categories":[1],"tags":[],"class_list":["post-33556","post","type-post","status-publish","format-standard","hentry","category-notas"],"jetpack_publicize_connections":[],"jetpack_sharing_enabled":true,"jetpack_featured_media_url":"","jetpack_shortlink":"https:\/\/wp.me\/p7wKYW-8Je","jetpack-related-posts":[],"_links":{"self":[{"href":"http:\/\/blogdalucianaoliveira.com.br\/blog\/wp-json\/wp\/v2\/posts\/33556","targetHints":{"allow":["GET"]}}],"collection":[{"href":"http:\/\/blogdalucianaoliveira.com.br\/blog\/wp-json\/wp\/v2\/posts"}],"about":[{"href":"http:\/\/blogdalucianaoliveira.com.br\/blog\/wp-json\/wp\/v2\/types\/post"}],"author":[{"embeddable":true,"href":"http:\/\/blogdalucianaoliveira.com.br\/blog\/wp-json\/wp\/v2\/users\/1"}],"replies":[{"embeddable":true,"href":"http:\/\/blogdalucianaoliveira.com.br\/blog\/wp-json\/wp\/v2\/comments?post=33556"}],"version-history":[{"count":2,"href":"http:\/\/blogdalucianaoliveira.com.br\/blog\/wp-json\/wp\/v2\/posts\/33556\/revisions"}],"predecessor-version":[{"id":33559,"href":"http:\/\/blogdalucianaoliveira.com.br\/blog\/wp-json\/wp\/v2\/posts\/33556\/revisions\/33559"}],"wp:attachment":[{"href":"http:\/\/blogdalucianaoliveira.com.br\/blog\/wp-json\/wp\/v2\/media?parent=33556"}],"wp:term":[{"taxonomy":"category","embeddable":true,"href":"http:\/\/blogdalucianaoliveira.com.br\/blog\/wp-json\/wp\/v2\/categories?post=33556"},{"taxonomy":"post_tag","embeddable":true,"href":"http:\/\/blogdalucianaoliveira.com.br\/blog\/wp-json\/wp\/v2\/tags?post=33556"}],"curies":[{"name":"wp","href":"https:\/\/api.w.org\/{rel}","templated":true}]}}