{"id":33563,"date":"2022-04-11T15:17:38","date_gmt":"2022-04-11T19:17:38","guid":{"rendered":"http:\/\/blogdalucianaoliveira.com.br\/blog\/?p=33563"},"modified":"2022-04-11T15:17:43","modified_gmt":"2022-04-11T19:17:43","slug":"assassinatos-no-campo-aumentam-75-entre-2020-e-2021-aponta-comissao-pastoral-da-terra","status":"publish","type":"post","link":"http:\/\/blogdalucianaoliveira.com.br\/blog\/2022\/04\/11\/assassinatos-no-campo-aumentam-75-entre-2020-e-2021-aponta-comissao-pastoral-da-terra\/","title":{"rendered":"Assassinatos no campo aumentam 75% entre 2020 e 2021, aponta Comiss\u00e3o Pastoral da Terra"},"content":{"rendered":"\n<figure class=\"wp-block-image size-large\"><img data-recalc-dims=\"1\" loading=\"lazy\" decoding=\"async\" width=\"600\" height=\"414\" data-attachment-id=\"33564\" data-permalink=\"http:\/\/blogdalucianaoliveira.com.br\/blog\/2022\/04\/11\/assassinatos-no-campo-aumentam-75-entre-2020-e-2021-aponta-comissao-pastoral-da-terra\/f7c95a0b-b2a4-416a-89bc-b661d1a54e30\/\" data-orig-file=\"https:\/\/i0.wp.com\/blogdalucianaoliveira.com.br\/blog\/wp-content\/uploads\/2022\/04\/F7C95A0B-B2A4-416A-89BC-B661D1A54E30.jpeg?fit=966%2C667\" data-orig-size=\"966,667\" data-comments-opened=\"0\" data-image-meta=\"{&quot;aperture&quot;:&quot;0&quot;,&quot;credit&quot;:&quot;&quot;,&quot;camera&quot;:&quot;&quot;,&quot;caption&quot;:&quot;&quot;,&quot;created_timestamp&quot;:&quot;0&quot;,&quot;copyright&quot;:&quot;&quot;,&quot;focal_length&quot;:&quot;0&quot;,&quot;iso&quot;:&quot;0&quot;,&quot;shutter_speed&quot;:&quot;0&quot;,&quot;title&quot;:&quot;&quot;,&quot;orientation&quot;:&quot;0&quot;}\" data-image-title=\"F7C95A0B-B2A4-416A-89BC-B661D1A54E30\" data-image-description=\"\" data-image-caption=\"\" data-medium-file=\"https:\/\/i0.wp.com\/blogdalucianaoliveira.com.br\/blog\/wp-content\/uploads\/2022\/04\/F7C95A0B-B2A4-416A-89BC-B661D1A54E30.jpeg?fit=300%2C207\" data-large-file=\"https:\/\/i0.wp.com\/blogdalucianaoliveira.com.br\/blog\/wp-content\/uploads\/2022\/04\/F7C95A0B-B2A4-416A-89BC-B661D1A54E30.jpeg?fit=600%2C414\" src=\"https:\/\/i0.wp.com\/blogdalucianaoliveira.com.br\/blog\/wp-content\/uploads\/2022\/04\/F7C95A0B-B2A4-416A-89BC-B661D1A54E30.jpeg?resize=600%2C414\" alt=\"\" class=\"wp-image-33564\" srcset=\"https:\/\/i0.wp.com\/blogdalucianaoliveira.com.br\/blog\/wp-content\/uploads\/2022\/04\/F7C95A0B-B2A4-416A-89BC-B661D1A54E30.jpeg?w=966 966w, https:\/\/i0.wp.com\/blogdalucianaoliveira.com.br\/blog\/wp-content\/uploads\/2022\/04\/F7C95A0B-B2A4-416A-89BC-B661D1A54E30.jpeg?resize=300%2C207 300w, https:\/\/i0.wp.com\/blogdalucianaoliveira.com.br\/blog\/wp-content\/uploads\/2022\/04\/F7C95A0B-B2A4-416A-89BC-B661D1A54E30.jpeg?resize=768%2C530 768w, https:\/\/i0.wp.com\/blogdalucianaoliveira.com.br\/blog\/wp-content\/uploads\/2022\/04\/F7C95A0B-B2A4-416A-89BC-B661D1A54E30.jpeg?resize=434%2C300 434w\" sizes=\"auto, (max-width: 600px) 100vw, 600px\" \/><\/figure>\n\n\n\n<h4 class=\"wp-block-heading\">Dados preliminares mostram que terra ind\u00edgena Yanomami, em Roraima, \u00e9 regi\u00e3o com mais registros.<\/h4>\n\n\n\n<!--more-->\n\n\n\n<p>Por Carolina Dantas*, g1<\/p>\n\n\n\n<p>Em 2021,<strong>&nbsp;<\/strong><strong>35 pessoas foram assassinadas em conflitos no campo<\/strong>,&nbsp;segundo dados do Centro de Documenta\u00e7\u00e3o da Comiss\u00e3o Pastoral da Terra (Cedoc-CPT). A alta \u00e9 de 75% em compara\u00e7\u00e3o com o ano anterior, quando foram registrados 20 homic\u00eddios.&nbsp;<\/p>\n\n\n\n<ul class=\"wp-block-list\"><li>11 assassinatos ocorreram no estado de Rond\u00f4nia;<\/li><li>Tr\u00eas ind\u00edgenas Moxihat\u00ebt\u00eba&nbsp;<em>(leia mais abaixo)<\/em>&nbsp;foram assassinados em Roraima;<\/li><li>Al\u00e9m disso, o n\u00famero de resgatados por trabalho escravo mais que dobrou no \u00faltimo ano: os casos aumentaram 76%.&nbsp;<\/li><\/ul>\n\n\n\n<figure class=\"wp-block-image\"><img data-recalc-dims=\"1\" decoding=\"async\" src=\"https:\/\/i0.wp.com\/s2.glbimg.com\/i4K4Wn8di7LJNhzkHmuLKubTTlo%3D\/0x0%3A2736x1824\/984x0\/smart\/filters%3Astrip_icc%28%29\/s.glbimg.com\/jo\/g1\/f\/original\/2016\/11\/22\/guilherme.gnipper-1340.jpg?w=600&#038;ssl=1\" alt=\"Ind\u00edgenas Moxihat\u00ebt\u00eba recusam contato com outros ind\u00edgenas e com n\u00e3o-\u00edndios \u2014 Foto: Guilherme Gnipper\/Hutukara\/Divulga\u00e7\u00e3o\"\/><\/figure>\n\n\n\n<p>Ind\u00edgenas Moxihat\u00ebt\u00eba recusam contato com outros ind\u00edgenas e com n\u00e3o-\u00edndios \u2014 Foto: Guilherme Gnipper\/Hutukara\/Divulga\u00e7\u00e3o&nbsp;<\/p>\n\n\n\n<h2 class=\"wp-block-heading\">Assassinatos x mortes por conflitos<\/h2>\n\n\n\n<p>J\u00e1 com rela\u00e7\u00e3o \u00e0s mortes por conflitos no campo \u2014 que n\u00e3o incluem os assassinatos \u2014, a alta \u00e9 de 1.100% na compara\u00e7\u00e3o entre 2021 e 2020. Foram 109 mortes no ano passado, contra nove no ano anterior. Nesta categoria, s\u00e3o inclu\u00eddos os \u00f3bitos decorrentes das a\u00e7\u00f5es, mas n\u00e3o s\u00e3o homic\u00eddios. Um caso, por exemplo, foi registrado em outubro de 2021, quando crian\u00e7as ind\u00edgenas foram\u00a0<a href=\"https:\/\/g1.globo.com\/rr\/roraima\/noticia\/2021\/10\/19\/investigacao-denuncia-morte-de-criancas-yanomami-sugadas-em-rio-por-draga-de-garimpo.ghtml\">sugadas por dragas em garimpo<\/a>.<\/p>\n\n\n\n<p>A regi\u00e3o mais afetada \u00e9 a terra ind\u00edgena Yanomami: foram 101 mortes, a maioria em decorr\u00eancia da a\u00e7\u00e3o da garimpeiros, segundo o relat\u00f3rio. Por enquanto, esses dados s\u00e3o preliminares, mas j\u00e1 contabilizam, no total, 144 \u00f3bitos por assassinatos (35) e conflitos (109).<strong>&nbsp;O documento completo ser\u00e1 divulgado pela CPT na pr\u00f3xima segunda-feira (18).&nbsp;<\/strong><\/p>\n\n\n\n<ul class=\"wp-block-list\"><li><a href=\"https:\/\/g1.globo.com\/rr\/roraima\/noticia\/2022\/04\/11\/garimpeiros-exigem-sexo-com-meninas-e-mulheres-yanomami-em-troca-de-comida-aponta-relatorio.ghtml\">Garimpeiros exigem sexo com meninas e mulheres Yanomami em troca de comida, aponta relat\u00f3rio<\/a><\/li><\/ul>\n\n\n\n<h2 class=\"wp-block-heading\">Casos em Rond\u00f4nia<\/h2>\n\n\n\n<p>Em agosto de 2021, na regi\u00e3o de Nova Mutum, em Porto Velho, uma opera\u00e7\u00e3o policial levou \u00e0 morte de tr\u00eas trabalhadores sem-terra. \u00c0 \u00e9poca, outras cinco pessoas ficaram desaparecidas, segundo a CPT.&nbsp;<\/p>\n\n\n\n<p>&#8220;A \u00e1rea onde aconteceu mais esta trag\u00e9dia rondoniense est\u00e1 situada nas proximidades da regi\u00e3o do Acampamento Dois Amigos e do Acampamento Thiago dos Santos, em Uni\u00e3o Bandeirantes, distrito do munic\u00edpio de Porto Velho. O fato ocorreu na \u00e1rea da Fazenda Santa Carmem, um latif\u00fandio ocupado em janeiro de 2021 e que tem registrado diversos atos de viol\u00eancia na regi\u00e3o de Nova Mutum-Paran\u00e1, norte de Rond\u00f4nia&#8221;, informou a comiss\u00e3o.&nbsp;<\/p>\n\n\n\n<p>Detalhes dos outros casos de assassinatos no estado ainda n\u00e3o foram divulgados pela CPT.&nbsp;<\/p>\n\n\n\n<h2 class=\"wp-block-heading\">Quem s\u00e3o os ind\u00edgenas Moxihat\u00ebt\u00eba<\/h2>\n\n\n\n<p>Os Moxihat\u00ebt\u00eba \u2014 tr\u00eas foram assassinados em 2021 \u2014 vivem em uma \u00e1rea na regi\u00e3o da Serra da Estrutura, na Terra Yanomami. Eles<a href=\"http:\/\/g1.globo.com\/rr\/roraima\/noticia\/2016\/11\/indios-de-tribo-isolada-na-amazonia-sao-fotografados-pela-1-vez-em-rr.html\">\u00a0vivem em total isolamento, sem contato com outros ind\u00edgenas ou n\u00e3o ind\u00edgenas<\/a>, e sobrevivem exclusivamente do que cultivam e ca\u00e7am na floresta.<\/p>\n\n\n\n<p>Apesar de n\u00e3o terem contato com os demais Yanomami, os Moxihat\u00ebt\u00eba s\u00e3o considerados um subgrupo da mesma etnia, porque possuem o mesmo tronco lingu\u00edstico.&nbsp;<\/p>\n\n\n\n<p>De acordo com a Associa\u00e7\u00e3o Yanomami (HAY), eles costumavam migrar, mas a comunidade est\u00e1 firmada na regi\u00e3o da Serra da Estrutura h\u00e1 pelo menos 15 anos.&nbsp;<\/p>\n\n\n\n<p>Os Moxihat\u00ebt\u00eba s\u00e3o o \u00fanico grupo isolado confirmado no territ\u00f3rio Yanomami, pela Funda\u00e7\u00e3o Nacional do \u00cdndio (<a href=\"https:\/\/g1.globo.com\/tudo-sobre\/funai\/\">Funai<\/a>). O garimpo, no entanto, est\u00e1 cada vez mais pr\u00f3ximo da comunidade. Uma reportagem publicada pela Ag\u00eancia P\u00fablica em setembro de 2021 denunciou que o acampamento dos invasores est\u00e1 a 12km da casa comunit\u00e1ria dos ind\u00edgenas.&nbsp;<\/p>\n\n\n\n<p><\/p>\n","protected":false},"excerpt":{"rendered":"<p>Dados preliminares mostram que terra ind\u00edgena Yanomami, em Roraima, \u00e9 regi\u00e3o com mais registros.<\/p>\n","protected":false},"author":1,"featured_media":0,"comment_status":"closed","ping_status":"open","sticky":false,"template":"","format":"standard","meta":{"_exactmetrics_skip_tracking":false,"_exactmetrics_sitenote_active":false,"_exactmetrics_sitenote_note":"","_exactmetrics_sitenote_category":0,"jetpack_post_was_ever_published":false,"_jetpack_newsletter_access":"","_jetpack_dont_email_post_to_subs":false,"_jetpack_newsletter_tier_id":0,"_jetpack_memberships_contains_paywalled_content":false,"_jetpack_memberships_contains_paid_content":false,"footnotes":"","jetpack_publicize_message":"","jetpack_publicize_feature_enabled":true,"jetpack_social_post_already_shared":true,"jetpack_social_options":{"image_generator_settings":{"template":"highway","enabled":false},"version":2}},"categories":[1],"tags":[],"class_list":["post-33563","post","type-post","status-publish","format-standard","hentry","category-notas"],"jetpack_publicize_connections":[],"jetpack_sharing_enabled":true,"jetpack_featured_media_url":"","jetpack_shortlink":"https:\/\/wp.me\/p7wKYW-8Jl","jetpack-related-posts":[],"_links":{"self":[{"href":"http:\/\/blogdalucianaoliveira.com.br\/blog\/wp-json\/wp\/v2\/posts\/33563","targetHints":{"allow":["GET"]}}],"collection":[{"href":"http:\/\/blogdalucianaoliveira.com.br\/blog\/wp-json\/wp\/v2\/posts"}],"about":[{"href":"http:\/\/blogdalucianaoliveira.com.br\/blog\/wp-json\/wp\/v2\/types\/post"}],"author":[{"embeddable":true,"href":"http:\/\/blogdalucianaoliveira.com.br\/blog\/wp-json\/wp\/v2\/users\/1"}],"replies":[{"embeddable":true,"href":"http:\/\/blogdalucianaoliveira.com.br\/blog\/wp-json\/wp\/v2\/comments?post=33563"}],"version-history":[{"count":1,"href":"http:\/\/blogdalucianaoliveira.com.br\/blog\/wp-json\/wp\/v2\/posts\/33563\/revisions"}],"predecessor-version":[{"id":33565,"href":"http:\/\/blogdalucianaoliveira.com.br\/blog\/wp-json\/wp\/v2\/posts\/33563\/revisions\/33565"}],"wp:attachment":[{"href":"http:\/\/blogdalucianaoliveira.com.br\/blog\/wp-json\/wp\/v2\/media?parent=33563"}],"wp:term":[{"taxonomy":"category","embeddable":true,"href":"http:\/\/blogdalucianaoliveira.com.br\/blog\/wp-json\/wp\/v2\/categories?post=33563"},{"taxonomy":"post_tag","embeddable":true,"href":"http:\/\/blogdalucianaoliveira.com.br\/blog\/wp-json\/wp\/v2\/tags?post=33563"}],"curies":[{"name":"wp","href":"https:\/\/api.w.org\/{rel}","templated":true}]}}