{"id":33566,"date":"2022-04-11T15:27:04","date_gmt":"2022-04-11T19:27:04","guid":{"rendered":"http:\/\/blogdalucianaoliveira.com.br\/blog\/?p=33566"},"modified":"2022-04-11T15:27:07","modified_gmt":"2022-04-11T19:27:07","slug":"titula-brasil-transfere-fiscalizacao-a-investigados-por-trabalho-escravo-e-invasao-de-terras-indigenas","status":"publish","type":"post","link":"http:\/\/blogdalucianaoliveira.com.br\/blog\/2022\/04\/11\/titula-brasil-transfere-fiscalizacao-a-investigados-por-trabalho-escravo-e-invasao-de-terras-indigenas\/","title":{"rendered":"Titula Brasil transfere fiscaliza\u00e7\u00e3o a investigados por trabalho escravo e invas\u00e3o de terras ind\u00edgenas"},"content":{"rendered":"\n<figure class=\"wp-block-image size-large\"><img data-recalc-dims=\"1\" loading=\"lazy\" decoding=\"async\" width=\"600\" height=\"411\" data-attachment-id=\"33567\" data-permalink=\"http:\/\/blogdalucianaoliveira.com.br\/blog\/2022\/04\/11\/titula-brasil-transfere-fiscalizacao-a-investigados-por-trabalho-escravo-e-invasao-de-terras-indigenas\/c1664eb1-17f6-476c-85aa-0517561646e8\/\" data-orig-file=\"https:\/\/i0.wp.com\/blogdalucianaoliveira.com.br\/blog\/wp-content\/uploads\/2022\/04\/C1664EB1-17F6-476C-85AA-0517561646E8.jpeg?fit=891%2C610\" data-orig-size=\"891,610\" data-comments-opened=\"0\" data-image-meta=\"{&quot;aperture&quot;:&quot;0&quot;,&quot;credit&quot;:&quot;&quot;,&quot;camera&quot;:&quot;&quot;,&quot;caption&quot;:&quot;&quot;,&quot;created_timestamp&quot;:&quot;0&quot;,&quot;copyright&quot;:&quot;&quot;,&quot;focal_length&quot;:&quot;0&quot;,&quot;iso&quot;:&quot;0&quot;,&quot;shutter_speed&quot;:&quot;0&quot;,&quot;title&quot;:&quot;&quot;,&quot;orientation&quot;:&quot;0&quot;}\" data-image-title=\"C1664EB1-17F6-476C-85AA-0517561646E8\" data-image-description=\"\" data-image-caption=\"\" data-medium-file=\"https:\/\/i0.wp.com\/blogdalucianaoliveira.com.br\/blog\/wp-content\/uploads\/2022\/04\/C1664EB1-17F6-476C-85AA-0517561646E8.jpeg?fit=300%2C205\" data-large-file=\"https:\/\/i0.wp.com\/blogdalucianaoliveira.com.br\/blog\/wp-content\/uploads\/2022\/04\/C1664EB1-17F6-476C-85AA-0517561646E8.jpeg?fit=600%2C411\" src=\"https:\/\/i0.wp.com\/blogdalucianaoliveira.com.br\/blog\/wp-content\/uploads\/2022\/04\/C1664EB1-17F6-476C-85AA-0517561646E8.jpeg?resize=600%2C411\" alt=\"\" class=\"wp-image-33567\" srcset=\"https:\/\/i0.wp.com\/blogdalucianaoliveira.com.br\/blog\/wp-content\/uploads\/2022\/04\/C1664EB1-17F6-476C-85AA-0517561646E8.jpeg?w=891 891w, https:\/\/i0.wp.com\/blogdalucianaoliveira.com.br\/blog\/wp-content\/uploads\/2022\/04\/C1664EB1-17F6-476C-85AA-0517561646E8.jpeg?resize=300%2C205 300w, https:\/\/i0.wp.com\/blogdalucianaoliveira.com.br\/blog\/wp-content\/uploads\/2022\/04\/C1664EB1-17F6-476C-85AA-0517561646E8.jpeg?resize=768%2C526 768w, https:\/\/i0.wp.com\/blogdalucianaoliveira.com.br\/blog\/wp-content\/uploads\/2022\/04\/C1664EB1-17F6-476C-85AA-0517561646E8.jpeg?resize=438%2C300 438w\" sizes=\"auto, (max-width: 600px) 100vw, 600px\" \/><\/figure>\n\n\n\n<p><strong><em>Prefeito que escravizou doze trabalhadores rurais comanda o programa em Alto Alegre do Pindar\u00e9 (MA); em Brasnorte (MT), autor de ataques racistas contra ind\u00edgenas Myky integra n\u00facleo de regulariza\u00e7\u00e3o fundi\u00e1ria<br><\/em><\/strong><\/p>\n\n\n\n<!--more-->\n\n\n\n<p>Por&nbsp;<strong>Bruno Stankevicius Bassi<\/strong>,&nbsp;<strong>Leonardo Fuhrmann<\/strong>&nbsp;e&nbsp;<strong>Mariana Franco Ramos<\/strong>, do De Olho nos Ruralistas<\/p>\n\n\n\n<figure class=\"wp-block-image\"><a href=\"https:\/\/deolhonosruralistas.com.br\/de-olho-nos-mil-parceiros\/\"><img decoding=\"async\" src=\"https:\/\/i0.wp.com\/deolhonosruralistas.com.br\/wp-content\/uploads\/2017\/03\/DEOLHO2017-chamada-meio-texto.png?resize=635%2C40\" alt=\"\" class=\"wp-image-3364\"\/><\/a><\/figure>\n\n\n\n<p>E por&nbsp;<strong>Tatiana Merlino<\/strong>, de O Joio e O Trigo<\/p>\n\n\n\n<div class=\"wp-block-image\"><figure class=\"alignleft\"><img decoding=\"async\" src=\"https:\/\/i0.wp.com\/deolhonosruralistas.com.br\/wp-content\/uploads\/2022\/04\/selo-titula-brasil-grilagem_pequeno.png?resize=213%2C104&amp;ssl=1\" alt=\"\" class=\"wp-image-24659\"\/><\/figure><\/div>\n\n\n\n<p>Os conflitos de interesse relacionados \u00e0 implementa\u00e7\u00e3o do programa Titula Brasil n\u00e3o se restringem apenas ao avan\u00e7o sobre os assentamentos localizados em terras p\u00fablicas federais. Ao repassar \u00e0s prefeituras a obriga\u00e7\u00e3o de vistoriar e georreferenciar as \u00e1reas sob dom\u00ednio da Uni\u00e3o, o programa joga no colo de latifundi\u00e1rios a gest\u00e3o de conflitos rurais.<\/p>\n\n\n\n<p>Do Maranh\u00e3o ao Mato Grosso, a reportagem identificou viola\u00e7\u00f5es de direitos humanos contra povos ind\u00edgenas e trabalhadores rurais envolvendo prefeitos e servidores diretamente respons\u00e1veis pela condu\u00e7\u00e3o dos N\u00facleos Municipais de Regulariza\u00e7\u00e3o Fundi\u00e1ria (NMRFs), estabelecidos em parceria com o Instituto Nacional de Coloniza\u00e7\u00e3o e Reforma Agr\u00e1ria (Incra).<\/p>\n\n\n\n<figure class=\"wp-block-image\"><img decoding=\"async\" src=\"https:\/\/i0.wp.com\/deolhonosruralistas.com.br\/wp-content\/uploads\/2022\/04\/45715a71-046d-42ad-be69-8460dc763db9.jpeg?resize=300%2C200&amp;ssl=1\" alt=\"\" class=\"wp-image-24768\"\/><figcaption>Entrega de t\u00edtulos a posseiros em Alto Alegre do Pindar\u00e9. (Foto: Incra)<\/figcaption><\/figure>\n\n\n\n<p>Um desses casos \u00e9 protagonizado pelo prefeito de Alto Alegre do Pindar\u00e9, Francisco Dantas Ribeiro Filho, mais conhecido como Fufuca Dantas (PP-MA), de 65 anos, que j\u00e1 esteve na<a href=\"https:\/\/deolhonosruralistas.com.br\/2017\/08\/29\/pai-do-deputado-fufuca-ja-esteve-na-lista-suja-do-trabalho-escravo\/\">lista suja do trabalho escravo<\/a>, divulgada pelo Minist\u00e9rio do Trabalho e Emprego, e acumula mais de R$ 450 mil em bens. Assim como 44% dos mandat\u00e1rios dos munic\u00edpios da Amaz\u00f4nia Legal que j\u00e1 aderiram ao Titula Brasil, ele \u00e9 um propriet\u00e1rio de terras.<\/p>\n\n\n\n<p>A s\u00e9rie \u201c<a href=\"https:\/\/deolhonosruralistas.com.br\/2022\/04\/04\/sem-modernizacao-titula-brasil-promove-conflitos-de-interesse-grilagem-e-violencia-contra-povos-do-campo\/\">Brasil, pa\u00eds que grila<\/a>\u201d feita pela equipe de O Joio e O Trigo e do observat\u00f3rio De Olho nos Ruralistas, est\u00e1 mostrando como, sob o discurso da moderniza\u00e7\u00e3o, o programa Titula Brasil esconde conflitos de interesse, grilagem e viol\u00eancia contra povos do campo. As duas primeiras reportagens mostraram casos envolvendo acusados pelo&nbsp;<a href=\"https:\/\/deolhonosruralistas.com.br\/2022\/04\/06\/no-para-envolvidos-no-dia-do-fogo-disputam-influencia-sobre-programa-titula-brasil\/\">Dia do Fogo<\/a>, no Par\u00e1, e prefeitos&nbsp;<a href=\"https:\/\/deolhonosruralistas.com.br\/2022\/04\/07\/titula-brasil-beneficia-madeireiros-na-nova-fronteira-do-desmatamento\/\">madeireiros<\/a>&nbsp;no sul do Amazonas e em Rond\u00f4nia.<\/p>\n\n\n\n<p>Como o programa do governo federal terceiriza \u00e0s prefeituras as atribui\u00e7\u00f5es de fiscaliza\u00e7\u00e3o da titula\u00e7\u00e3o, o processo em Alto Alegre caber\u00e1 a um pecuarista acusado de explorar a m\u00e3o de obra de doze trabalhadores. O caso aconteceu em 2005, na Fazenda Pi\u00e7arreiras, por\u00e9m, come\u00e7ou a tramitar em abril de 2013. A a\u00e7\u00e3o penal foi retomada em 2017 pelo Tribunal Regional Federal da 1\u00ba Regi\u00e3o (TRF-1).<\/p>\n\n\n\n<p>Na propriedade, Fufuca e seus aliados costumam realizar&nbsp;<a href=\"https:\/\/blogdominard.com.br\/2016\/08\/reuniao-politica-do-pai-de-andre-fufuca-acaba-em-bala-em-alto-alegre-do-pindare\/\">reuni\u00f5es pol\u00edticas<\/a>. E nem sempre elas s\u00e3o pac\u00edficas. Blogueiros maranhenses contaram que um desses encontros, em 2016, acabou em tiroteio. A briga teria ocorrido entre filiados ao Partido Progressista.<\/p>\n\n\n\n<h3 class=\"wp-block-heading\">INFLU\u00caNCIA DO CL\u00c3 FUFUCA VAI DE EDUARDO CUNHA A FL\u00c1VIO DINO<\/h3>\n\n\n\n<p>Esta \u00e9 a quarta vez que o fazendeiro administra o munic\u00edpio, um dos mais pobres do estado. Ele esteve \u00e0 frente do cargo em 1997-2000,&nbsp;<a href=\"tel:2991-2004\">2991-2004<\/a>&nbsp;e 2017-2020. O atual mandato termina em 2024. Apenas outros dois pol\u00edticos assumiram o Executivo municipal na hist\u00f3ria.<\/p>\n\n\n\n<p>A cidade de 32 mil habitantes e 26 anos possui um \u00cdndice de Desenvolvimento Humano (IDH) de 0,542, considerado baixo pela Organiza\u00e7\u00e3o das Na\u00e7\u00f5es Unidas (ONU), e uma economia baseada na agricultura.<\/p>\n\n\n\n<figure class=\"wp-block-image\"><img decoding=\"async\" src=\"https:\/\/i0.wp.com\/deolhonosruralistas.com.br\/wp-content\/uploads\/2022\/04\/fufuca-dantas.png?resize=300%2C201&amp;ssl=1\" alt=\"\" class=\"wp-image-24766\"\/><figcaption>Fufuca e Fufuquinha: pai e filho mandam em Alto Alegre do Pindar\u00e9. (Foto: Reprodu\u00e7\u00e3o)<\/figcaption><\/figure>\n\n\n\n<p>Fufuca \u00e9 pai do ex-secret\u00e1rio do Meio Ambiente no governo de Fl\u00e1vio Dino (PCdoB), o engenheiro ambiental Rafael Carvalho Ribeiro, e do deputado federal Andr\u00e9 Fufuca (PP-MA), o Fufuquinha, que ficou conhecido nacionalmente ap\u00f3s presidir a C\u00e2mara por alguns dias durante viagem do ent\u00e3o presidente Rodrigo Maia (DEM-RJ).<\/p>\n\n\n\n<p>Fufuquinha \u00e9 amigo pessoal de Eduardo Cunha e votou contra a&nbsp;<a href=\"http:\/\/g1.globo.com\/politica\/noticia\/2016\/06\/em-votacao-apertada-conselho-de-etica-aprova-cassar-eduardo-cunha.html\">cassa\u00e7\u00e3o<\/a>&nbsp;do ex-deputado no Conselho de \u00c9tica da Casa. A fam\u00edlia tamb\u00e9m tem liga\u00e7\u00e3o com os Sarney. O patriarca foi&nbsp;<a href=\"https:\/\/deolhonosruralistas.com.br\/2018\/09\/21\/com-roseana-familia-sarney-tenta-retomar-controle-do-feudo-politico-no-maranhao\/\">secret\u00e1rio<\/a>&nbsp;de Minas e Energia durante a gest\u00e3o de Roseana.<\/p>\n\n\n\n<p>O cl\u00e3 \u00e9 visto como dono da cidade. Para se ter uma ideia, em fevereiro de 2020, Dino inaugurou, ao lado dos \u201cFufucas\u201d, o Est\u00e1dio Municipal de Alto Alegre do Pindar\u00e9. O nome n\u00e3o podia ser mais apropriado: Francisco Dantas Ribeiro, o&nbsp;<a href=\"https:\/\/www.ma.gov.br\/agenciadenoticias\/?p=271184\">Fufuc\u00e3o<\/a>. O local tem 30 mil metros quadrados de \u00e1rea e campo com metragem oficial no padr\u00e3o Fifa.<\/p>\n\n\n\n<p>Dos R$ 450 mil em bens que Fufuca declarou no ano passado, R$ 35 mil correspondem a uma fazenda de 1.000 hectares, localizada no povoado Sapucaia, e R$ 25 mil s\u00e3o de 25 hectares no povoado Bacuri. Mais da metade de seu patrim\u00f4nio, R$ 250 mil, est\u00e1 guardada em esp\u00e9cie. Curiosamente, a lista \u00e9 maior do que a da elei\u00e7\u00e3o anterior, quando ele declarou R$ 535 mil, incluindo outra gleba, de 300 hectares, no povoado Barraca do Sal.<\/p>\n\n\n\n<p>Fufuquinha n\u00e3o especificou os bens. Em 2018, ele informou R$ 681 mil ao Tribunal Superior Eleitoral (TSE), sendo R$ 120 mil em dois terrenos e R$ 105 mil em outros bens e direitos. Pai e filho possuem patrim\u00f4nios maiores que o Produto Interno Bruto (PIB) do munic\u00edpio, que \u00e9 de R$ 134 mil, segundo c\u00e1lculos de 2008 do Instituto Brasileiro de Geografia e Estat\u00edstica (IBGE).<\/p>\n\n\n\n<h3 class=\"wp-block-heading\">PALCO DE GENOC\u00cdDIO, AMARANTE LIDERA DESMATAMENTO<br><\/h3>\n\n\n\n<p>No munic\u00edpio de Amarante do Maranh\u00e3o, na Amaz\u00f4nia maranhense, o prefeito eleito possui nada menos que dez propriedades rurais, al\u00e9m de 1.463 cabe\u00e7as de gado. Valderly Gomes Miranda, o Vanderly do Com\u00e9rcio (Patriotas-MA), informou ao TSE um patrim\u00f4nio de R$ 4,3 milh\u00f5es, quinze vezes maior que o PIB do munic\u00edpio, de R$ 285 mil. Assim como em Alto Alegre do Pindar\u00e9, o IDH da cidade \u00e9 baixo: 0,555.<\/p>\n\n\n\n<p>\u201c\u00c9 um munic\u00edpio com uma vasta extens\u00e3o, onde a zona rural \u00e9 enorme\u201d, relata Gilv\u00e2nia Ferreira da Silva, do MST. De acordo com ela, h\u00e1 na regi\u00e3o muitas terras p\u00fablicas, assentamentos de reforma agr\u00e1ria e comunidades antigas, tradicionais, que n\u00e3o t\u00eam o t\u00edtulo da terra. \u201cO poder latifundi\u00e1rio \u00e9 muito grande e a gente j\u00e1 sabe o que vai acontecer\u201d, diz.<\/p>\n\n\n\n<figure class=\"wp-block-image\"><img decoding=\"async\" src=\"https:\/\/i0.wp.com\/deolhonosruralistas.com.br\/wp-content\/uploads\/2022\/04\/36287.png?resize=265%2C300&amp;ssl=1\" alt=\"\" class=\"wp-image-24771\"\/><figcaption>Vanderly e seu chap\u00e9u: patrim\u00f4nio 15 vezes maior que PIB do munic\u00edpio. (Imagem: Prefeitura de Amarante)<\/figcaption><\/figure>\n\n\n\n<p>At\u00e9 2013, Amarante liderou o ranking de desmatamento no estado, sendo alvo constante de madeireiros e pecuaristas. Ap\u00f3s a implementa\u00e7\u00e3o de a\u00e7\u00f5es de controle, os \u00edndices foram reduzidos, levando \u00e0 promo\u00e7\u00e3o do munic\u00edpio da lista daqueles com desmatamento cr\u00edtico para o rol de regi\u00f5es com desmatamento sob controle, com \u00e1rea desmatada nos \u00faltimos quatro anos&nbsp;<a href=\"https:\/\/oeco.org.br\/salada-verde\/governo-atualiza-lista-de-municipios-que-mais-desmatam-a-amazonia\/\">inferior a 40 km\u00b2<\/a>.<\/p>\n\n\n\n<p>Se o desmatamento cai por um lado, os conflitos aumentam por outro. Amarante \u00e9 um dos 56 munic\u00edpios beneficiados pelo Titula Brasil que integram o Mapa de Conflitos da Fiocruz. Conforme o relat\u00f3rio, o povo Guajajara, que comp\u00f5e uma das etnias mais numerosas do pa\u00eds, sofre com a viol\u00eancia de madeireiros e com inc\u00eandios criminosos.<\/p>\n\n\n\n<p>Foi ali que, em novembro de 2019, foi assassinado o Guardi\u00e3o da Floresta Paulo Paulino Guajajara, crime de ampla repercuss\u00e3o internacional devido \u00e0 sua milit\u00e2ncia em defesa das florestas. Dias depois, em dezembro, Erisvan Guajajara, de apenas 15 anos, foi encontrado esquartejado na sede do munic\u00edpio. Ao todo, cinco ind\u00edgenas foram assassinados em apenas&nbsp;<a href=\"https:\/\/reporterbrasil.org.br\/2020\/04\/omissao-do-estado-e-impunidade-o-que-esta-por-tras-do-massacre-dos-guajajara-no-maranhao\/\">cinco meses<\/a>. A forma\u00e7\u00e3o e os ataques contra os Guardi\u00f5es da Floresta foram tema de um epis\u00f3dio do programa De Olho na Hist\u00f3ria, no&nbsp;<a href=\"https:\/\/www.youtube.com\/watch?v=IrJulRZUc7s\">YouTube<\/a>.<\/p>\n\n\n\n<p>Amarante do Maranh\u00e3o fica a 170 quil\u00f4metros de dist\u00e2ncia de A\u00e7ail\u00e2ndia, onde Jair Bolsonaro esteve, em maio de 2021, para entregar 287 t\u00edtulos de propriedade definitiva a fam\u00edlias que vivem no assentamento Assa\u00ed. A&nbsp;<a href=\"https:\/\/g1.globo.com\/ma\/maranhao\/noticia\/2021\/05\/21\/bolsonaro-participa-de-entrega-de-titulos-de-propriedade-rural-em-acailandia-no-ma.ghtml\">cerim\u00f4nia<\/a>, que visava promover o programa Titula Brasil, provocou aglomera\u00e7\u00e3o e tumulto.<\/p>\n\n\n\n<p>De acordo com o MST, a titula\u00e7\u00e3o da \u00e1rea ocorreu sem di\u00e1logo, favorecendo a mercantiliza\u00e7\u00e3o da terra pelo agroneg\u00f3cio. \u201cA\u00e7ail\u00e2ndia tamb\u00e9m \u00e9 um munic\u00edpio imenso, com muitos assentamentos de reforma agr\u00e1ria\u201d, conta Gilv\u00e2nia. \u201cH\u00e1 terras p\u00fablicas e muitas griladas, que foram regularizadas de 2010 para c\u00e1. Fizeram muita regulariza\u00e7\u00e3o para a \u2018fazendeirada\u2019 e os camponeses nem sabem ainda\u201d.<\/p>\n\n\n\n<figure class=\"wp-block-image\"><img decoding=\"async\" src=\"https:\/\/i0.wp.com\/deolhonosruralistas.com.br\/wp-content\/uploads\/2022\/04\/bolsonaro-acailandia.png?resize=847%2C563&amp;ssl=1\" alt=\"\" class=\"wp-image-24772\"\/><figcaption>A\u00e7\u00e3o do Titula Brasil em A\u00e7ail\u00e2ndia teve aglomera\u00e7\u00e3o causada por Bolsonaro. (Foto: Isac N\u00f3brega\/PR)<\/figcaption><\/figure>\n\n\n\n<h3 class=\"wp-block-heading\">COORDENADOR DO \u2018TITULA BRASIL\u2019 ATACOU IND\u00cdGENAS EM BRASNORTE<br><\/h3>\n\n\n\n<p>Vivendo em uma terra ind\u00edgena demarcada e homologada, localizada a 50 quil\u00f4metros do munic\u00edpio de Brasnorte, no Mato Grosso, o povo Myky reivindica a revis\u00e3o dos limites de seu territ\u00f3rio. A \u00e1rea demarcada possui uma extens\u00e3o total de 47.094 hectares e, com a revis\u00e3o dos limites da demarca\u00e7\u00e3o, incorporaria mais 100 mil hectares.<\/p>\n\n\n\n<p>Enquanto continua o impasse sobre a terra, a regi\u00e3o est\u00e1 sendo desmatada. E os ind\u00edgenas sofrem com os impactos da monocultura de soja, milho, algod\u00e3o e girassol, al\u00e9m da pecu\u00e1ria e extra\u00e7\u00e3o de madeira, explica Nat\u00e1lia Filardo, coordenadora adjunta do Conselho Indigenista Mission\u00e1rio (Cimi) no estado. \u201cA situa\u00e7\u00e3o \u00e9 de muita tens\u00e3o e o ass\u00e9dio \u00e9 muito grande. A \u00e1rea sub judice est\u00e1 sendo desmatada\u201d.<\/p>\n\n\n\n<figure class=\"wp-block-image\"><img decoding=\"async\" data-attachment-id=\"24773\" data-permalink=\"http:\/\/blogdalucianaoliveira.com.br\/blog\/2019\/11\/06\/de-manuela-davila-para-joice-hasselmann\/126fc6c6-e0db-45ab-9178-76061f878ec9\/\" data-orig-file=\"https:\/\/i0.wp.com\/blogdalucianaoliveira.com.br\/blog\/wp-content\/uploads\/2019\/11\/126FC6C6-E0DB-45AB-9178-76061F878EC9.jpeg?fit=828%2C559\" data-orig-size=\"828,559\" data-comments-opened=\"0\" data-image-meta=\"{&quot;aperture&quot;:&quot;0&quot;,&quot;credit&quot;:&quot;&quot;,&quot;camera&quot;:&quot;&quot;,&quot;caption&quot;:&quot;&quot;,&quot;created_timestamp&quot;:&quot;0&quot;,&quot;copyright&quot;:&quot;&quot;,&quot;focal_length&quot;:&quot;0&quot;,&quot;iso&quot;:&quot;0&quot;,&quot;shutter_speed&quot;:&quot;0&quot;,&quot;title&quot;:&quot;&quot;,&quot;orientation&quot;:&quot;1&quot;}\" data-image-title=\"126FC6C6-E0DB-45AB-9178-76061F878EC9\" data-image-description=\"\" data-image-caption=\"\" data-medium-file=\"https:\/\/i0.wp.com\/blogdalucianaoliveira.com.br\/blog\/wp-content\/uploads\/2019\/11\/126FC6C6-E0DB-45AB-9178-76061F878EC9.jpeg?fit=300%2C203\" data-large-file=\"https:\/\/i0.wp.com\/blogdalucianaoliveira.com.br\/blog\/wp-content\/uploads\/2019\/11\/126FC6C6-E0DB-45AB-9178-76061F878EC9.jpeg?fit=600%2C405\" src=\"https:\/\/i0.wp.com\/deolhonosruralistas.com.br\/wp-content\/uploads\/2022\/04\/Firefox_Screenshot_2022-04-07T19-31-20.213Z.png?resize=402%2C260&amp;ssl=1\" alt=\"\" class=\"wp-image-24773\"\/><figcaption>Territ\u00f3rio Myky \u00e9 alvo de inc\u00eandios criminosos. (Foto: Juliana Arini\/Amaz\u00f4nia Real)<\/figcaption><\/figure>\n\n\n\n<p>Nos \u00faltimos anos, os Myky t\u00eam sido obrigados a combater queimadas nas terras em que vivem. Em 2019, por exemplo, foram identificados dezoito focos de inc\u00eandio, de acordo com o Relat\u00f3rio de Viol\u00eancia contra os Povos Ind\u00edgenas, produzido pelo&nbsp;<a href=\"https:\/\/cimi.org.br\/observatorio-da-violencia\/o-relatorio\/\">Cimi<\/a>.<\/p>\n\n\n\n<p>Sob a gest\u00e3o de Edelo Ferrari (DEM), Brasnorte foi um dos primeiros munic\u00edpios mato-grossenses a assinar o termo de ades\u00e3o ao programa Titula Brasil. Em junho de 2021, foram nomeados os integrantes do N\u00facleo Municipal de Regulariza\u00e7\u00e3o Fundi\u00e1ria (NMRF) e entre eles est\u00e1 o Secret\u00e1rio Municipal de Administra\u00e7\u00e3o, William Braz Oliveira. Um dos respons\u00e1veis pela execu\u00e7\u00e3o do programa em Brasnorte, Oliveira \u00e9 tamb\u00e9m radialista e&nbsp;<a href=\"https:\/\/cimi.org.br\/2013\/07\/35016\/\">incitou a viol\u00eancia<\/a>&nbsp;contra os Myky ap\u00f3s veicular uma den\u00fancia falsa contra os ind\u00edgenas feita pelo presidente da Associa\u00e7\u00e3o dos Comerciantes de Brasnorte \u2013 s\u00f3cio de uma olaria e dono de terras na \u00e1rea reivindicada pelo povo Myky.<\/p>\n\n\n\n<p>De acordo com a coordenadora do Cimi, o Titula Brasil pode aumentar ainda mais a concentra\u00e7\u00e3o fundi\u00e1ria e os ataques contra ind\u00edgenas no munic\u00edpio. \u201cEle desvincula os assentamentos da reforma agr\u00e1ria e aumenta a concentra\u00e7\u00e3o de terra no Mato Grosso, que j\u00e1 \u00e9 uma regi\u00e3o de fronteira agr\u00edcola\u201d, avalia Filardo. \u201cE \u00e9 um projeto que vir\u00e1 como todo o pacote de desmatamento, agrot\u00f3xicos, mais press\u00e3o sobre os territ\u00f3rios\u201d.<\/p>\n\n\n\n<h3 class=\"wp-block-heading\">PREFEITO FOI CONDENADO POR TRABALHO ESCRAVO<br><\/h3>\n\n\n\n<p>Igualmente no Arco do Desmatamento e na regi\u00e3o amaz\u00f4nica do Mato Grosso, Nova Cana\u00e3 do Norte tem um ruralista como prefeito. Rubens Roberto Rosa (PDT), conhecido como Rub\u00e3o, \u00e9 dono de 7.334 cabe\u00e7as de gado e de um patrim\u00f4nio de R$ 25 milh\u00f5es. Entre a s\u00e9rie de propriedades rurais mencionadas em sua declara\u00e7\u00e3o \u00e0 Justi\u00e7a Eleitoral est\u00e3o \u00e1reas em que ele cita \u201cmelhorias de investimento, barrac\u00e3o e casa\u201d ou o nome de quem teria vendido a propriedade para ele, al\u00e9m de uma fazenda de 1.160 hectares.<\/p>\n\n\n\n<figure class=\"wp-block-image\"><img decoding=\"async\" data-attachment-id=\"20579\" data-permalink=\"http:\/\/blogdalucianaoliveira.com.br\/blog\/2019\/02\/19\/mulheres-lideram-36-blocos-de-carnaval-empoderados-por-todo-o-brasil\/ilu\/\" data-orig-file=\"https:\/\/i0.wp.com\/blogdalucianaoliveira.com.br\/blog\/wp-content\/uploads\/2019\/02\/ilu.jpg?fit=310%2C163\" data-orig-size=\"310,163\" data-comments-opened=\"0\" data-image-meta=\"{&quot;aperture&quot;:&quot;0&quot;,&quot;credit&quot;:&quot;&quot;,&quot;camera&quot;:&quot;&quot;,&quot;caption&quot;:&quot;&quot;,&quot;created_timestamp&quot;:&quot;0&quot;,&quot;copyright&quot;:&quot;&quot;,&quot;focal_length&quot;:&quot;0&quot;,&quot;iso&quot;:&quot;0&quot;,&quot;shutter_speed&quot;:&quot;0&quot;,&quot;title&quot;:&quot;&quot;,&quot;orientation&quot;:&quot;0&quot;}\" data-image-title=\"ilu\" data-image-description=\"\" data-image-caption=\"\" data-medium-file=\"https:\/\/i0.wp.com\/blogdalucianaoliveira.com.br\/blog\/wp-content\/uploads\/2019\/02\/ilu.jpg?fit=300%2C158\" data-large-file=\"https:\/\/i0.wp.com\/blogdalucianaoliveira.com.br\/blog\/wp-content\/uploads\/2019\/02\/ilu.jpg?fit=310%2C163\" src=\"https:\/\/i0.wp.com\/deolhonosruralistas.com.br\/wp-content\/uploads\/2021\/02\/fazenda-terra-santa.jpg?resize=460%2C193&amp;ssl=1\" alt=\"\" class=\"wp-image-20579\"\/><figcaption>Fazenda Terra Santa, no Mato Grosso, que est\u00e1 sobreposta \u00e0 Terra Ind\u00edgena Batel\u00e3o. (Foto: Divulga\u00e7\u00e3o)<\/figcaption><\/figure>\n\n\n\n<p>Rub\u00e3o foi inclu\u00eddo na \u201c<a href=\"https:\/\/deolhonosruralistas.com.br\/2020\/11\/05\/nomes-da-lista-suja-do-trabalho-escravo-disputam-prefeituras-em-oito-municipios-da-amazonia\/\">lista suja<\/a>\u201d do trabalho escravo em 2013, quando foi indiciado por submeter oito trabalhadores a condi\u00e7\u00f5es degradantes. Segundo a den\u00fancia do MPF, reproduzida pela<a href=\"https:\/\/apublica.org\/2020\/10\/na-amazonia-118-politicos-com-multas-ambientais-concorrem-as-eleicoes\/\">&nbsp;Ag\u00eancia P\u00fablica<\/a>, os empregados \u201ceram sujeitos a dormirem em barracos sob a prote\u00e7\u00e3o de lonas pl\u00e1sticas, alimenta\u00e7\u00e3o prec\u00e1ria, sem disponibilidade de \u00e1gua pot\u00e1vel, dividindo o ambiente com animais pe\u00e7onhentos, vivendo sem quaisquer condi\u00e7\u00f5es de higiene\u201d.<\/p>\n\n\n\n<p>Al\u00e9m do perfil do prefeito, como em outros casos, a regi\u00e3o \u00e9 de conflitos de terras, em especial com ind\u00edgenas. A Terra Ind\u00edgena Batel\u00e3o, dos Kawaiwete, fica na divisa do munic\u00edpio com Juara e Tabapor\u00e3. Tamb\u00e9m conhecidos como Kayabi, eles lutam pela demarca\u00e7\u00e3o de 117 mil hectares. Embora o territ\u00f3rio j\u00e1 seja delimitado, existem diversas sobreposi\u00e7\u00f5es com fazendas, incluindo uma propriedade de 18,8 mil hectares ligada \u00e0 gigante&nbsp;<a href=\"https:\/\/deolhonosruralistas.com.br\/2020\/05\/21\/latifundios-invadem-mais-de-480-mil-hectares-de-terras-indigenas-no-mato-grosso\/\">Terra Santa Agro<\/a>.<\/p>\n\n\n\n<p>Em 2019, o Minist\u00e9rio P\u00fablico Federal entrou com uma a\u00e7\u00e3o para que fosse determinada a devolu\u00e7\u00e3o \u00e0 Uni\u00e3o de \u00e1reas que est\u00e3o sob posse de terceiros e que incidem na \u00e1rea. Na a\u00e7\u00e3o, pretende a declara\u00e7\u00e3o de nulidade dos t\u00edtulos de propriedade sobrepostos \u00e0 \u00e1rea ind\u00edgena e a desocupa\u00e7\u00e3o pelos invasores. A TI Batel\u00e3o esteve sujeita, em 2010, a uma opera\u00e7\u00e3o da&nbsp;<a href=\"https:\/\/www.estadao.com.br\/noticias\/geral,pf-prende-60-de-quadrilha-acusada-de-faturar-r-1-bilhao-com-madeira-ilegal-imp-,554998\">Pol\u00edcia Federal<\/a>&nbsp;que descobriu um esquema fraudulento de extra\u00e7\u00e3o e \u201cesquentamento\u201d de madeiras nobres retiradas da \u00e1rea que teria movimentado mais de R$ 1,7 bilh\u00e3o.<\/p>\n\n\n\n<p>Segundo dados do Incra, todos os&nbsp;<a href=\"https:\/\/site.novacanaadonorte.mt.gov.br\/noticia\/prefeitura-adere-ao-titula-brasil-programa-de-regularizao-fundiria\">dez assentamentos<\/a>&nbsp;em Nova Cana\u00e3 do Norte est\u00e3o aptos a ingressar no programa Titula Brasil.<\/p>\n\n\n\n<p><em>Foto principal (Survival International): grupo Guardi\u00f5es da Floresta protege floresta de grileiros em Amarante do Maranh\u00e3o, onde prefeito pecuarista aderiu ao Titula Brasil<br><\/em><\/p>\n\n\n\n<div class=\"wp-block-image\"><figure class=\"alignleft\"><img decoding=\"async\" src=\"https:\/\/i0.wp.com\/deolhonosruralistas.com.br\/wp-content\/uploads\/2022\/04\/selo-titula-brasil-grilagem_pequeno.png?resize=213%2C104&amp;ssl=1\" alt=\"\" class=\"wp-image-24659\"\/><\/figure><\/div>\n\n\n\n<h6 class=\"wp-block-heading\"><em><strong>Coordena\u00e7\u00e3o geral<\/strong>:<\/em>&nbsp;Tatiana Merlino (O Joio e o Trigo)<br><em><strong>Coordena\u00e7\u00e3o de pesquisa<\/strong>:<\/em>&nbsp;Alceu Lu\u00eds Castilho (De Olho nos Ruralistas)<br><strong><em>Edi\u00e7\u00e3o:<\/em>&nbsp;<\/strong>Bruno Stankevicius Bassi e Tatiana Merlino<br><strong><em>Reportagem:<\/em>&nbsp;<\/strong>Bruno Stankevicius Bassi, Leonardo Fuhrmann, Mariana Franco Ramos, Tatiana Merlino<br><em><strong>Design<\/strong>:<\/em>&nbsp;Denise Matsumoto<br><em><strong>Mapas<\/strong>:<\/em>&nbsp;Renata Hirota<\/h6>\n","protected":false},"excerpt":{"rendered":"<p>Prefeito que escravizou doze trabalhadores rurais comanda o programa em Alto Alegre do Pindar\u00e9 (MA); em Brasnorte (MT), autor de ataques racistas contra ind\u00edgenas Myky integra n\u00facleo de regulariza\u00e7\u00e3o fundi\u00e1ria<\/p>\n","protected":false},"author":1,"featured_media":0,"comment_status":"closed","ping_status":"open","sticky":false,"template":"","format":"standard","meta":{"_exactmetrics_skip_tracking":false,"_exactmetrics_sitenote_active":false,"_exactmetrics_sitenote_note":"","_exactmetrics_sitenote_category":0,"jetpack_post_was_ever_published":false,"_jetpack_newsletter_access":"","_jetpack_dont_email_post_to_subs":false,"_jetpack_newsletter_tier_id":0,"_jetpack_memberships_contains_paywalled_content":false,"_jetpack_memberships_contains_paid_content":false,"footnotes":"","jetpack_publicize_message":"","jetpack_publicize_feature_enabled":true,"jetpack_social_post_already_shared":true,"jetpack_social_options":{"image_generator_settings":{"template":"highway","enabled":false},"version":2}},"categories":[1],"tags":[],"class_list":["post-33566","post","type-post","status-publish","format-standard","hentry","category-notas"],"jetpack_publicize_connections":[],"jetpack_sharing_enabled":true,"jetpack_featured_media_url":"","jetpack_shortlink":"https:\/\/wp.me\/p7wKYW-8Jo","jetpack-related-posts":[],"_links":{"self":[{"href":"http:\/\/blogdalucianaoliveira.com.br\/blog\/wp-json\/wp\/v2\/posts\/33566","targetHints":{"allow":["GET"]}}],"collection":[{"href":"http:\/\/blogdalucianaoliveira.com.br\/blog\/wp-json\/wp\/v2\/posts"}],"about":[{"href":"http:\/\/blogdalucianaoliveira.com.br\/blog\/wp-json\/wp\/v2\/types\/post"}],"author":[{"embeddable":true,"href":"http:\/\/blogdalucianaoliveira.com.br\/blog\/wp-json\/wp\/v2\/users\/1"}],"replies":[{"embeddable":true,"href":"http:\/\/blogdalucianaoliveira.com.br\/blog\/wp-json\/wp\/v2\/comments?post=33566"}],"version-history":[{"count":1,"href":"http:\/\/blogdalucianaoliveira.com.br\/blog\/wp-json\/wp\/v2\/posts\/33566\/revisions"}],"predecessor-version":[{"id":33568,"href":"http:\/\/blogdalucianaoliveira.com.br\/blog\/wp-json\/wp\/v2\/posts\/33566\/revisions\/33568"}],"wp:attachment":[{"href":"http:\/\/blogdalucianaoliveira.com.br\/blog\/wp-json\/wp\/v2\/media?parent=33566"}],"wp:term":[{"taxonomy":"category","embeddable":true,"href":"http:\/\/blogdalucianaoliveira.com.br\/blog\/wp-json\/wp\/v2\/categories?post=33566"},{"taxonomy":"post_tag","embeddable":true,"href":"http:\/\/blogdalucianaoliveira.com.br\/blog\/wp-json\/wp\/v2\/tags?post=33566"}],"curies":[{"name":"wp","href":"https:\/\/api.w.org\/{rel}","templated":true}]}}