{"id":33574,"date":"2022-04-17T20:10:27","date_gmt":"2022-04-18T00:10:27","guid":{"rendered":"http:\/\/blogdalucianaoliveira.com.br\/blog\/?p=33574"},"modified":"2022-04-17T20:10:29","modified_gmt":"2022-04-18T00:10:29","slug":"vinte-e-seis-anos-do-massacre-de-eldorado-dos-carajas-sao-lembrados-em-atos-pelo-pais","status":"publish","type":"post","link":"http:\/\/blogdalucianaoliveira.com.br\/blog\/2022\/04\/17\/vinte-e-seis-anos-do-massacre-de-eldorado-dos-carajas-sao-lembrados-em-atos-pelo-pais\/","title":{"rendered":"Vinte e seis anos do massacre de Eldorado dos Caraj\u00e1s s\u00e3o lembrados em atos pelo pa\u00eds"},"content":{"rendered":"\n<figure class=\"wp-block-image size-large\"><img data-recalc-dims=\"1\" loading=\"lazy\" decoding=\"async\" width=\"600\" height=\"392\" data-attachment-id=\"33575\" data-permalink=\"http:\/\/blogdalucianaoliveira.com.br\/blog\/2022\/04\/17\/vinte-e-seis-anos-do-massacre-de-eldorado-dos-carajas-sao-lembrados-em-atos-pelo-pais\/6ff476a6-115b-42c9-98bf-aac94412308c\/\" data-orig-file=\"https:\/\/i0.wp.com\/blogdalucianaoliveira.com.br\/blog\/wp-content\/uploads\/2022\/04\/6FF476A6-115B-42C9-98BF-AAC94412308C.jpeg?fit=600%2C392\" data-orig-size=\"600,392\" data-comments-opened=\"0\" data-image-meta=\"{&quot;aperture&quot;:&quot;0&quot;,&quot;credit&quot;:&quot;&quot;,&quot;camera&quot;:&quot;&quot;,&quot;caption&quot;:&quot;&quot;,&quot;created_timestamp&quot;:&quot;0&quot;,&quot;copyright&quot;:&quot;&quot;,&quot;focal_length&quot;:&quot;0&quot;,&quot;iso&quot;:&quot;0&quot;,&quot;shutter_speed&quot;:&quot;0&quot;,&quot;title&quot;:&quot;&quot;,&quot;orientation&quot;:&quot;0&quot;}\" data-image-title=\"6FF476A6-115B-42C9-98BF-AAC94412308C\" data-image-description=\"\" data-image-caption=\"\" data-medium-file=\"https:\/\/i0.wp.com\/blogdalucianaoliveira.com.br\/blog\/wp-content\/uploads\/2022\/04\/6FF476A6-115B-42C9-98BF-AAC94412308C.jpeg?fit=300%2C196\" data-large-file=\"https:\/\/i0.wp.com\/blogdalucianaoliveira.com.br\/blog\/wp-content\/uploads\/2022\/04\/6FF476A6-115B-42C9-98BF-AAC94412308C.jpeg?fit=600%2C392\" src=\"https:\/\/i0.wp.com\/blogdalucianaoliveira.com.br\/blog\/wp-content\/uploads\/2022\/04\/6FF476A6-115B-42C9-98BF-AAC94412308C.jpeg?resize=600%2C392\" alt=\"\" class=\"wp-image-33575\" srcset=\"https:\/\/i0.wp.com\/blogdalucianaoliveira.com.br\/blog\/wp-content\/uploads\/2022\/04\/6FF476A6-115B-42C9-98BF-AAC94412308C.jpeg?w=600 600w, https:\/\/i0.wp.com\/blogdalucianaoliveira.com.br\/blog\/wp-content\/uploads\/2022\/04\/6FF476A6-115B-42C9-98BF-AAC94412308C.jpeg?resize=300%2C196 300w, https:\/\/i0.wp.com\/blogdalucianaoliveira.com.br\/blog\/wp-content\/uploads\/2022\/04\/6FF476A6-115B-42C9-98BF-AAC94412308C.jpeg?resize=459%2C300 459w\" sizes=\"auto, (max-width: 600px) 100vw, 600px\" \/><\/figure>\n\n\n\n<h4 class=\"wp-block-heading\">Epis\u00f3dio, que se tornou marco na agenda de lutas populares do pa\u00eds, pautou protestos em diferentes estados<\/h4>\n\n\n\n<!--more-->\n\n\n\n<p>Cristiane Sampaio &#8211; Brasil de Fato | Bras\u00edlia (DF) |<\/p>\n\n\n\n<p>Diversas&nbsp;mobiliza\u00e7\u00f5es pelo pa\u00eds relembraram os 26 anos do&nbsp;<a href=\"https:\/\/www.brasildefato.com.br\/2022\/04\/17\/em-tempos-de-alta-de-conflitos-por-terra-massacre-de-eldorado-do-carajas-completa-26-anos\" target=\"_blank\" rel=\"noreferrer noopener\">massacre de Eldorado dos Caraj\u00e1s,&nbsp;<\/a>quando 21 trabalhadores rurais foram assassinados no sudeste do Par\u00e1, em 17 de abril de 1996, por reivindicarem reforma agr\u00e1ria.&nbsp;A data, lembrada a cada ano ano, se tornou um marco na agenda de lutas populares do pa\u00eds.<\/p>\n\n\n\n<p>Neste domingo (17), o coletivo \u201cArte pela Democracia\u201d realizou uma interven\u00e7\u00e3o art\u00edstica na regi\u00e3o central da capital paulista, no&nbsp;Parque Augusta e arredores. A performance, com m\u00fasica, bonecos e leitura de livros,&nbsp;lembrou o massacre dos sem-terra e os seis anos do golpe parlamentar que dep\u00f4s a ex-presidenta Dilma Rousseff (PT).<\/p>\n\n\n\n<p>Em outras cidades paulistas tamb\u00e9m ocorreram&nbsp;<a href=\"https:\/\/www.brasildefato.com.br\/2021\/04\/23\/massacre-de-eldorado-dos-carajas-25-feridos-nunca-foram-indenizados-diz-associacao\" target=\"_blank\" rel=\"noreferrer noopener\">atos para lembrar a mem\u00f3ria dos trabalhadores mortos<\/a>. No s\u00e1bado (16), o bosque Neusa Paviato, localizado no assentamento M\u00e1rio Lago, em Ribeir\u00e3o Preto, recebeu 21 mudas de ip\u00ea amarelo que simbolizaram os 21 assassinados.<\/p>\n\n\n\n<p>Na mesma data, militantes da reforma agr\u00e1ria se reuniram na ocupa\u00e7\u00e3o Gercina Mendes, em Mirante do Paranapanema (SP), para um ato simb\u00f3lico que rememorou&nbsp;<a href=\"https:\/\/www.brasildefato.com.br\/2022\/04\/11\/apos-2-anos-jovens-do-mst-voltam-a-acampamento-no-local-do-massacre-de-eldorado-dos-carajas\" target=\"_blank\" rel=\"noreferrer noopener\">o caso de Eldorado dos Caraj\u00e1s<\/a>. A agenda local contou ainda com atividades infantis e debate sobre o tema. &nbsp;<\/p>\n\n\n\n<p>S\u00e1bado tamb\u00e9m foi dia de a\u00e7\u00f5es em cidades paranaenses. Porecatu, Florest\u00f3polis e Centen\u00e1rio do Sul foram palco de uma marcha com partilha de alimentos. A mobiliza\u00e7\u00e3o aglutinou diferentes comunidades para lembrar a morte dos trabalhadores rurais em 1996.<\/p>\n\n\n\n<figure class=\"wp-block-image\"><img data-recalc-dims=\"1\" decoding=\"async\" src=\"https:\/\/i0.wp.com\/images01.brasildefato.com.br\/181787c069167009a9ecb3a6a9ce6f28.jpeg?w=600&#038;ssl=1\" alt=\"\"\/><\/figure>\n\n\n\n<p><br>Em Cuba, data foi resgatada com ato simb\u00f3lico que plantou \u00e1rvores \/ MST\/Divulga\u00e7\u00e3o<\/p>\n\n\n\n<p>Mobiliza\u00e7\u00e3o internacional<\/p>\n\n\n\n<p>A mem\u00f3ria dos trabalhadores assassinatos em Caraj\u00e1s tamb\u00e9m foi relembrada em Cuba, nas cidades de&nbsp;Havana e Bayamo. Nelas, manifestantes plantaram \u00e1rvores em homenagem e mem\u00f3ria dos sem-terra mortos.<\/p>\n\n\n\n<p>A iniciativa integrou as a\u00e7\u00f5es da chamada&nbsp;<a href=\"https:\/\/www.brasildefato.com.br\/2022\/04\/13\/no-central-do-brasil-a-jornada-nacional-de-lutas-em-defesa-da-reforma-agraria\" target=\"_blank\" rel=\"noreferrer noopener\">Jornada Nacional de Lutas em Defesa da Reforma Agr\u00e1ria<\/a>, que este ano evoca o lema &#8220;Reforma agr\u00e1ria popular: por terra, teto e p\u00e3o\u201d.<\/p>\n\n\n\n<figure class=\"wp-block-image\"><img data-recalc-dims=\"1\" decoding=\"async\" src=\"https:\/\/i0.wp.com\/images03.brasildefato.com.br\/530270e013ff53e4bf5e000e7b4b5add.jpeg?w=600&#038;ssl=1\" alt=\"\"\/><\/figure>\n\n\n\n<p><br>Coletivo de arte tocou m\u00fasicas para evocar tema da luta por reforma agr\u00e1ria e lembrar os mortos no massacre \/ Guilherme Gandolfi\/ @guifrodu<\/p>\n\n\n\n<p><strong>Agenda<\/strong><\/p>\n\n\n\n<p>A agenda de mobiliza\u00e7\u00f5es segue ao longo da semana. Na pr\u00f3xima ter\u00e7a-feira (19), em Salvador (BA), no audit\u00f3rio da Assembleia Legislativa da Bahia, ocorrer\u00e1 um ato em mem\u00f3ria dos trabalhadores vitimados no massacre.<\/p>\n\n\n\n<p>A a\u00e7\u00e3o \u00e9 organizada pelo Movimento dos Trabalhadores Rurais sem Terra (MST) em parceria com a deputada estadual F\u00e1tima Nunes e for\u00e7as pol\u00edticas locais. Os participantes ir\u00e3o receber o p\u00fablico que desde o \u00faltimo dia 11 est\u00e1 marchando do munic\u00edpio de Feira de Santana (BA) at\u00e9 Salvador para lembrar o tema da reforma agr\u00e1ria.<\/p>\n\n\n\n<p>Edi\u00e7\u00e3o: Sarah Fernandes<\/p>\n","protected":false},"excerpt":{"rendered":"<p>Epis\u00f3dio, que se tornou marco na agenda de lutas populares do pa\u00eds, pautou protestos em diferentes estados<\/p>\n","protected":false},"author":1,"featured_media":0,"comment_status":"closed","ping_status":"open","sticky":false,"template":"","format":"standard","meta":{"_exactmetrics_skip_tracking":false,"_exactmetrics_sitenote_active":false,"_exactmetrics_sitenote_note":"","_exactmetrics_sitenote_category":0,"jetpack_post_was_ever_published":false,"_jetpack_newsletter_access":"","_jetpack_dont_email_post_to_subs":false,"_jetpack_newsletter_tier_id":0,"_jetpack_memberships_contains_paywalled_content":false,"_jetpack_memberships_contains_paid_content":false,"footnotes":"","jetpack_publicize_message":"","jetpack_publicize_feature_enabled":true,"jetpack_social_post_already_shared":true,"jetpack_social_options":{"image_generator_settings":{"template":"highway","enabled":false},"version":2}},"categories":[1],"tags":[],"class_list":["post-33574","post","type-post","status-publish","format-standard","hentry","category-notas"],"jetpack_publicize_connections":[],"jetpack_sharing_enabled":true,"jetpack_featured_media_url":"","jetpack_shortlink":"https:\/\/wp.me\/p7wKYW-8Jw","jetpack-related-posts":[],"_links":{"self":[{"href":"http:\/\/blogdalucianaoliveira.com.br\/blog\/wp-json\/wp\/v2\/posts\/33574","targetHints":{"allow":["GET"]}}],"collection":[{"href":"http:\/\/blogdalucianaoliveira.com.br\/blog\/wp-json\/wp\/v2\/posts"}],"about":[{"href":"http:\/\/blogdalucianaoliveira.com.br\/blog\/wp-json\/wp\/v2\/types\/post"}],"author":[{"embeddable":true,"href":"http:\/\/blogdalucianaoliveira.com.br\/blog\/wp-json\/wp\/v2\/users\/1"}],"replies":[{"embeddable":true,"href":"http:\/\/blogdalucianaoliveira.com.br\/blog\/wp-json\/wp\/v2\/comments?post=33574"}],"version-history":[{"count":1,"href":"http:\/\/blogdalucianaoliveira.com.br\/blog\/wp-json\/wp\/v2\/posts\/33574\/revisions"}],"predecessor-version":[{"id":33576,"href":"http:\/\/blogdalucianaoliveira.com.br\/blog\/wp-json\/wp\/v2\/posts\/33574\/revisions\/33576"}],"wp:attachment":[{"href":"http:\/\/blogdalucianaoliveira.com.br\/blog\/wp-json\/wp\/v2\/media?parent=33574"}],"wp:term":[{"taxonomy":"category","embeddable":true,"href":"http:\/\/blogdalucianaoliveira.com.br\/blog\/wp-json\/wp\/v2\/categories?post=33574"},{"taxonomy":"post_tag","embeddable":true,"href":"http:\/\/blogdalucianaoliveira.com.br\/blog\/wp-json\/wp\/v2\/tags?post=33574"}],"curies":[{"name":"wp","href":"https:\/\/api.w.org\/{rel}","templated":true}]}}