{"id":33584,"date":"2022-04-19T16:13:32","date_gmt":"2022-04-19T20:13:32","guid":{"rendered":"http:\/\/blogdalucianaoliveira.com.br\/blog\/?p=33584"},"modified":"2022-04-19T16:13:38","modified_gmt":"2022-04-19T20:13:38","slug":"amazonia-concentra-80-do-total-de-assassinatos-em-conflitos-no-campo","status":"publish","type":"post","link":"http:\/\/blogdalucianaoliveira.com.br\/blog\/2022\/04\/19\/amazonia-concentra-80-do-total-de-assassinatos-em-conflitos-no-campo\/","title":{"rendered":"Amaz\u00f4nia concentra 80% do total de assassinatos em conflitos no campo"},"content":{"rendered":"\n<figure class=\"wp-block-image\"><img data-recalc-dims=\"1\" decoding=\"async\" src=\"https:\/\/i0.wp.com\/oeco.org.br\/wp-content\/uploads\/2022\/01\/Familia.jpg?w=600&#038;ssl=1\" alt=\"\"\/><\/figure>\n\n\n\n<p><strong>O Eco <\/strong>&#8211; Relat\u00f3rio divulgado nesta segunda-feira (18) pela Comiss\u00e3o Pastoral da Terra revela que, em todo Brasil, n\u00famero de mortes por disputa de terra cresceu 75% entre 2020 e 2021.]<br><\/p>\n\n\n\n<!--more-->\n\n\n\n<p>Os estados da Amaz\u00f4nia Legal foram palco para 28 assassinatos decorrentes de conflitos no campo em 2021. O n\u00famero representa 80% do total de mortes violentas por disputa de terras em todo o pa\u00eds, revela o relat\u00f3rio divulgado hoje (18) pela Comiss\u00e3o Pastoral da Terra (CPT).&nbsp;<\/p>\n\n\n\n<p>\u201cA viol\u00eancia nesta regi\u00e3o reflete n\u00e3o s\u00f3 a ferocidade da grilagem e do latif\u00fandio, como tamb\u00e9m o emparelhamento protetor do Estado brasileiro ao setor ruralista\u201d, diz a CPT.<\/p>\n\n\n\n<p>Rond\u00f4nia foi o estado com o maior n\u00famero de assassinatos (11), e onde ocorreu um dos dois massacres (quando mais de tr\u00eas pessoas s\u00e3o mortas) registrados pela Comiss\u00e3o no per\u00edodo.<\/p>\n\n\n\n<p>Maranh\u00e3o vem em seguida, com 8 assassinatos, seguido de Roraima e Tocantins, com 3 assassinatos cada. Par\u00e1 contabilizou 2 dois assassinatos e Mato Grosso, 1.<\/p>\n\n\n\n<p>O massacre registrado em Rond\u00f4nia vitimou tr\u00eas sem-terra que viviam no acampamento Ademar Ferreira, em agosto de 2021. O outro massacre foi registrado em Roraima, onde ao menos tr\u00eas ind\u00edgenas Moxihat\u00ebt\u00eba, classificados como \u201cisolados\u201d, foram assassinados na Terra Ind\u00edgena Yanomami.<\/p>\n\n\n\n<p>No Brasil todo, 35 pessoas perderam a vida em conflitos no campo, o que representa um aumento de 75% quando comparados os n\u00fameros de 2020 e 2021. Desse total, 33 pessoas eram homens e duas eram mulheres.<\/p>\n\n\n\n<p>Dentre as v\u00edtimas, est\u00e3o ind\u00edgenas, sem-terras, posseiros, quilombolas, assentados, pequenos propriet\u00e1rios e quebradeiras de coco baba\u00e7u.<\/p>\n\n\n\n<p>As mortes, segundo a Comiss\u00e3o, s\u00e3o decorrentes da atua\u00e7\u00e3o da \u201cpistolagem sob encomenda\u201d e das \u201cagromil\u00edcias\u201d, al\u00e9m da viol\u00eancia cometida pelos pr\u00f3prios agentes p\u00fablicos.&nbsp;<\/p>\n\n\n\n<h4 class=\"wp-block-heading\"><strong>Outras formas de viol\u00eancia<\/strong><\/h4>\n\n\n\n<p>Al\u00e9m dos assassinatos, a Comiss\u00e3o Pastoral da Terra tamb\u00e9m contabiliza as mortes causadas indiretamente pela viol\u00eancia no campo, como aquelas causadas pela invas\u00e3o de garimpeiros em territ\u00f3rios ind\u00edgenas e a consequente contamina\u00e7\u00e3o das \u00e1guas e transmiss\u00e3o de doen\u00e7as.<\/p>\n\n\n\n<p>Nesse cen\u00e1rio mais ampliado, a CPT contabilizou 109 mortes de decorr\u00eancia dos conflitos \u2013 sendo 101 de \u00edndios yanomami \u2013 27 tentativas de assassinato, 132 amea\u00e7as de morte, 75 agress\u00f5es f\u00edsicas com ferimentos diversos, 13 ocorr\u00eancias de tortura e \u201cum sem-n\u00famero de intimida\u00e7\u00f5es e tentativas humilhantes de subjuga\u00e7\u00e3o\u201d.<\/p>\n\n\n\n<h4 class=\"wp-block-heading\"><strong>Trabalho escravo<\/strong><\/h4>\n\n\n\n<p>Em 2021, a fiscaliza\u00e7\u00e3o do trabalho resgatou 1.726 pessoas em todo Brasil em condi\u00e7\u00f5es an\u00e1logas \u00e0 escravid\u00e3o. \u00c9 o maior n\u00famero desde 2013 e um aumento de 113% em rela\u00e7\u00e3o ao dado de 2020.<\/p>\n\n\n\n<p>No meio rural, foram 169 pessoas resgatadas. O Par\u00e1 registrou 27 dos 169 casos computados pela CPT.<\/p>\n\n\n\n<p>O relat\u00f3rio \u201cConflito no Campo Brasil\u201d \u00e9 uma publica\u00e7\u00e3o anual da Comiss\u00e3o Pastoral da Terra. O documento, que est\u00e1 em sua 36\u00aa edi\u00e7\u00e3o, re\u00fane dados sobre os conflitos e viol\u00eancias sofridas pelos trabalhadores do campo, bem como ind\u00edgenas, quilombolas e demais povos tradicionais do campo, das \u00e1guas e das florestas.<\/p>\n","protected":false},"excerpt":{"rendered":"<p>O Eco &#8211; Relat\u00f3rio divulgado nesta segunda-feira (18) pela Comiss\u00e3o Pastoral da Terra revela que, em todo Brasil, n\u00famero de mortes por disputa de terra cresceu 75% entre 2020 e 2021.]<\/p>\n","protected":false},"author":1,"featured_media":0,"comment_status":"closed","ping_status":"open","sticky":false,"template":"","format":"standard","meta":{"_exactmetrics_skip_tracking":false,"_exactmetrics_sitenote_active":false,"_exactmetrics_sitenote_note":"","_exactmetrics_sitenote_category":0,"jetpack_post_was_ever_published":false,"_jetpack_newsletter_access":"","_jetpack_dont_email_post_to_subs":false,"_jetpack_newsletter_tier_id":0,"_jetpack_memberships_contains_paywalled_content":false,"_jetpack_memberships_contains_paid_content":false,"footnotes":"","jetpack_publicize_message":"","jetpack_publicize_feature_enabled":true,"jetpack_social_post_already_shared":true,"jetpack_social_options":{"image_generator_settings":{"template":"highway","enabled":false},"version":2}},"categories":[1],"tags":[],"class_list":["post-33584","post","type-post","status-publish","format-standard","hentry","category-notas"],"jetpack_publicize_connections":[],"jetpack_sharing_enabled":true,"jetpack_featured_media_url":"","jetpack_shortlink":"https:\/\/wp.me\/p7wKYW-8JG","jetpack-related-posts":[],"_links":{"self":[{"href":"http:\/\/blogdalucianaoliveira.com.br\/blog\/wp-json\/wp\/v2\/posts\/33584","targetHints":{"allow":["GET"]}}],"collection":[{"href":"http:\/\/blogdalucianaoliveira.com.br\/blog\/wp-json\/wp\/v2\/posts"}],"about":[{"href":"http:\/\/blogdalucianaoliveira.com.br\/blog\/wp-json\/wp\/v2\/types\/post"}],"author":[{"embeddable":true,"href":"http:\/\/blogdalucianaoliveira.com.br\/blog\/wp-json\/wp\/v2\/users\/1"}],"replies":[{"embeddable":true,"href":"http:\/\/blogdalucianaoliveira.com.br\/blog\/wp-json\/wp\/v2\/comments?post=33584"}],"version-history":[{"count":1,"href":"http:\/\/blogdalucianaoliveira.com.br\/blog\/wp-json\/wp\/v2\/posts\/33584\/revisions"}],"predecessor-version":[{"id":33585,"href":"http:\/\/blogdalucianaoliveira.com.br\/blog\/wp-json\/wp\/v2\/posts\/33584\/revisions\/33585"}],"wp:attachment":[{"href":"http:\/\/blogdalucianaoliveira.com.br\/blog\/wp-json\/wp\/v2\/media?parent=33584"}],"wp:term":[{"taxonomy":"category","embeddable":true,"href":"http:\/\/blogdalucianaoliveira.com.br\/blog\/wp-json\/wp\/v2\/categories?post=33584"},{"taxonomy":"post_tag","embeddable":true,"href":"http:\/\/blogdalucianaoliveira.com.br\/blog\/wp-json\/wp\/v2\/tags?post=33584"}],"curies":[{"name":"wp","href":"https:\/\/api.w.org\/{rel}","templated":true}]}}