{"id":33586,"date":"2022-04-19T16:17:48","date_gmt":"2022-04-19T20:17:48","guid":{"rendered":"http:\/\/blogdalucianaoliveira.com.br\/blog\/?p=33586"},"modified":"2022-04-19T16:17:53","modified_gmt":"2022-04-19T20:17:53","slug":"no-dia-dos-povos-indigenas-lula-reafirma-compromisso-de-escutar-dialogar-e-trabalhar-por-suas-pautas","status":"publish","type":"post","link":"http:\/\/blogdalucianaoliveira.com.br\/blog\/2022\/04\/19\/no-dia-dos-povos-indigenas-lula-reafirma-compromisso-de-escutar-dialogar-e-trabalhar-por-suas-pautas\/","title":{"rendered":"No Dia dos Povos Ind\u00edgenas, Lula reafirma &#8220;compromisso de escutar, dialogar e trabalhar por suas pautas&#8221;"},"content":{"rendered":"\n<figure class=\"wp-block-image\"><img data-recalc-dims=\"1\" decoding=\"async\" src=\"https:\/\/i0.wp.com\/publisher-publish.s3.eu-central-1.amazonaws.com\/pb-brasil247\/swp\/jtjeq9\/media\/20220412130452_1d0185e9d9b34861010098dbc60371c2b9abc5b2837a2e2a8dd1cdd2fcf21e30.jpg?w=600&#038;ssl=1\" alt=\"www.brasil247.com - S\u00f4nia Guajajara e Lula\"\/><\/figure>\n\n\n\n<p><strong>247 &#8211;\u00a0<\/strong><a rel=\"noreferrer noopener\" target=\"_blank\" href=\"https:\/\/www.brasil247.com\/brasil\/19-de-abril-para-que-se-comemore-o-dia-do-indio-e-preciso-demarcar-nossos-territorios\">Celebra-se nesta ter\u00e7a-feira, 19 de abril, o chamado &#8220;dia do \u00edndio&#8221;.<\/a>\u00a0O ex-presidente Lula (PT), pelo Twitter, reafirmou o que classificou como &#8220;compromisso&#8221; de atender as demandas dos povos ind\u00edgenas caso volte ao governo.\u00a0 <\/p>\n\n\n\n<!--more-->\n\n\n\n<p>&#8220;Hoje \u00e9 Dia dos Povos Ind\u00edgenas e reafirmo meu compromisso de escutar, dialogar e trabalhar por suas reivindica\u00e7\u00f5es e pautas. E acima de tudo respeit\u00e1-los. Minha prioridade \u00e9 construir um Brasil com mais direitos para todos&#8221;, afirmou.<\/p>\n\n\n\n<p>Na \u00faltima ter\u00e7a-feira (12), Lula esteve em Bras\u00edlia no Acampamento Terra Livre, coordenado pela Articula\u00e7\u00e3o dos Povos Ind\u00edgenas do Brasil (Apib), e prometeu, em caso de volta ao poder, criar um minist\u00e9rio para &#8220;discutir as quest\u00f5es ind\u00edgenas&#8221;.<br><\/p>\n","protected":false},"excerpt":{"rendered":"<p>247 &#8211;\u00a0Celebra-se nesta ter\u00e7a-feira, 19 de abril, o chamado &#8220;dia do \u00edndio&#8221;.\u00a0O ex-presidente Lula (PT), pelo Twitter, reafirmou o que classificou como &#8220;compromisso&#8221; de atender as demandas dos povos ind\u00edgenas caso volte ao governo.\u00a0<\/p>\n","protected":false},"author":1,"featured_media":0,"comment_status":"closed","ping_status":"open","sticky":false,"template":"","format":"standard","meta":{"_exactmetrics_skip_tracking":false,"_exactmetrics_sitenote_active":false,"_exactmetrics_sitenote_note":"","_exactmetrics_sitenote_category":0,"jetpack_post_was_ever_published":false,"_jetpack_newsletter_access":"","_jetpack_dont_email_post_to_subs":false,"_jetpack_newsletter_tier_id":0,"_jetpack_memberships_contains_paywalled_content":false,"_jetpack_memberships_contains_paid_content":false,"footnotes":"","jetpack_publicize_message":"","jetpack_publicize_feature_enabled":true,"jetpack_social_post_already_shared":true,"jetpack_social_options":{"image_generator_settings":{"template":"highway","enabled":false},"version":2}},"categories":[1],"tags":[],"class_list":["post-33586","post","type-post","status-publish","format-standard","hentry","category-notas"],"jetpack_publicize_connections":[],"jetpack_sharing_enabled":true,"jetpack_featured_media_url":"","jetpack_shortlink":"https:\/\/wp.me\/p7wKYW-8JI","jetpack-related-posts":[],"_links":{"self":[{"href":"http:\/\/blogdalucianaoliveira.com.br\/blog\/wp-json\/wp\/v2\/posts\/33586","targetHints":{"allow":["GET"]}}],"collection":[{"href":"http:\/\/blogdalucianaoliveira.com.br\/blog\/wp-json\/wp\/v2\/posts"}],"about":[{"href":"http:\/\/blogdalucianaoliveira.com.br\/blog\/wp-json\/wp\/v2\/types\/post"}],"author":[{"embeddable":true,"href":"http:\/\/blogdalucianaoliveira.com.br\/blog\/wp-json\/wp\/v2\/users\/1"}],"replies":[{"embeddable":true,"href":"http:\/\/blogdalucianaoliveira.com.br\/blog\/wp-json\/wp\/v2\/comments?post=33586"}],"version-history":[{"count":1,"href":"http:\/\/blogdalucianaoliveira.com.br\/blog\/wp-json\/wp\/v2\/posts\/33586\/revisions"}],"predecessor-version":[{"id":33587,"href":"http:\/\/blogdalucianaoliveira.com.br\/blog\/wp-json\/wp\/v2\/posts\/33586\/revisions\/33587"}],"wp:attachment":[{"href":"http:\/\/blogdalucianaoliveira.com.br\/blog\/wp-json\/wp\/v2\/media?parent=33586"}],"wp:term":[{"taxonomy":"category","embeddable":true,"href":"http:\/\/blogdalucianaoliveira.com.br\/blog\/wp-json\/wp\/v2\/categories?post=33586"},{"taxonomy":"post_tag","embeddable":true,"href":"http:\/\/blogdalucianaoliveira.com.br\/blog\/wp-json\/wp\/v2\/tags?post=33586"}],"curies":[{"name":"wp","href":"https:\/\/api.w.org\/{rel}","templated":true}]}}