{"id":33588,"date":"2022-04-20T08:16:35","date_gmt":"2022-04-20T12:16:35","guid":{"rendered":"http:\/\/blogdalucianaoliveira.com.br\/blog\/?p=33588"},"modified":"2022-04-20T08:16:41","modified_gmt":"2022-04-20T12:16:41","slug":"disparada-da-inflacao-leva-populacao-a-cortar-consumo","status":"publish","type":"post","link":"http:\/\/blogdalucianaoliveira.com.br\/blog\/2022\/04\/20\/disparada-da-inflacao-leva-populacao-a-cortar-consumo\/","title":{"rendered":"Disparada da infla\u00e7\u00e3o leva popula\u00e7\u00e3o a cortar consumo"},"content":{"rendered":"\n<figure class=\"wp-block-image size-large\"><img loading=\"lazy\" decoding=\"async\" width=\"1250\" height=\"600\" data-attachment-id=\"33589\" data-permalink=\"http:\/\/blogdalucianaoliveira.com.br\/blog\/2022\/04\/20\/disparada-da-inflacao-leva-populacao-a-cortar-consumo\/8370e9d5-916e-400a-b08b-1977a78a402b\/\" data-orig-file=\"https:\/\/i0.wp.com\/blogdalucianaoliveira.com.br\/blog\/wp-content\/uploads\/2022\/04\/8370E9D5-916E-400A-B08B-1977A78A402B.jpeg?fit=1250%2C600\" data-orig-size=\"1250,600\" data-comments-opened=\"0\" data-image-meta=\"{&quot;aperture&quot;:&quot;0&quot;,&quot;credit&quot;:&quot;&quot;,&quot;camera&quot;:&quot;&quot;,&quot;caption&quot;:&quot;&quot;,&quot;created_timestamp&quot;:&quot;0&quot;,&quot;copyright&quot;:&quot;&quot;,&quot;focal_length&quot;:&quot;0&quot;,&quot;iso&quot;:&quot;0&quot;,&quot;shutter_speed&quot;:&quot;0&quot;,&quot;title&quot;:&quot;&quot;,&quot;orientation&quot;:&quot;0&quot;}\" data-image-title=\"8370E9D5-916E-400A-B08B-1977A78A402B\" data-image-description=\"\" data-image-caption=\"\" data-medium-file=\"https:\/\/i0.wp.com\/blogdalucianaoliveira.com.br\/blog\/wp-content\/uploads\/2022\/04\/8370E9D5-916E-400A-B08B-1977A78A402B.jpeg?fit=300%2C144\" data-large-file=\"https:\/\/i0.wp.com\/blogdalucianaoliveira.com.br\/blog\/wp-content\/uploads\/2022\/04\/8370E9D5-916E-400A-B08B-1977A78A402B.jpeg?fit=600%2C288\" src=\"https:\/\/i2.wp.com\/blogdalucianaoliveira.com.br\/blog\/wp-content\/uploads\/2022\/04\/8370E9D5-916E-400A-B08B-1977A78A402B.jpeg?fit=600%2C288\" alt=\"\" class=\"wp-image-33589\" srcset=\"https:\/\/i0.wp.com\/blogdalucianaoliveira.com.br\/blog\/wp-content\/uploads\/2022\/04\/8370E9D5-916E-400A-B08B-1977A78A402B.jpeg?w=1250 1250w, https:\/\/i0.wp.com\/blogdalucianaoliveira.com.br\/blog\/wp-content\/uploads\/2022\/04\/8370E9D5-916E-400A-B08B-1977A78A402B.jpeg?resize=300%2C144 300w, https:\/\/i0.wp.com\/blogdalucianaoliveira.com.br\/blog\/wp-content\/uploads\/2022\/04\/8370E9D5-916E-400A-B08B-1977A78A402B.jpeg?resize=1024%2C492 1024w, https:\/\/i0.wp.com\/blogdalucianaoliveira.com.br\/blog\/wp-content\/uploads\/2022\/04\/8370E9D5-916E-400A-B08B-1977A78A402B.jpeg?resize=768%2C369 768w, https:\/\/i0.wp.com\/blogdalucianaoliveira.com.br\/blog\/wp-content\/uploads\/2022\/04\/8370E9D5-916E-400A-B08B-1977A78A402B.jpeg?resize=625%2C300 625w, https:\/\/i0.wp.com\/blogdalucianaoliveira.com.br\/blog\/wp-content\/uploads\/2022\/04\/8370E9D5-916E-400A-B08B-1977A78A402B.jpeg?w=1200 1200w\" sizes=\"auto, (max-width: 600px) 100vw, 600px\" \/><\/figure>\n\n\n\n<p><strong>247 &#8211;<\/strong>\u00a0A infla\u00e7\u00e3o galopante durante o governo Bolsonaro est\u00e1 levando a popula\u00e7\u00e3o a mudar h\u00e1bitos de consumo e cortar uma s\u00e9rie de despesas. \u00a0Mais da metade da popula\u00e7\u00e3o cortou despesas nos \u00faltimos seis meses diante do aumento dos pre\u00e7os, de acordo com pesquisa encomendada pela CNI (Confedera\u00e7\u00e3o Nacional da Ind\u00fastria) \u00e0 FSB Pesquisa.<\/p>\n\n\n\n<!--more-->\n\n\n\n<p>Pelo levantamento, 54% das pessoas consideram estar em situa\u00e7\u00e3o financeira muito afetada pela infla\u00e7\u00e3o e 64% cortaram o consumo de bens ou servi\u00e7os nos \u00faltimos seis meses devido ao aumento de pre\u00e7os, aponta reportagem da\u00a0<a href=\"https:\/\/www1.folha.uol.com.br\/mercado\/2022\/04\/mais-da-metade-da-populacao-corta-consumo-devido-a-inflacao-diz-pesquisa.shtml\"><strong>Folha de S.Paulo<\/strong><\/a>.\u00a0<br><\/p>\n\n\n\n<p>Os mais pobres s\u00e3o ainda mais afetados. Nas fam\u00edlias com renda de at\u00e9 um sal\u00e1rio m\u00ednimo, 63% dizem estar sendo muito afetadas pela eleva\u00e7\u00e3o dos pre\u00e7os e 67% dizem ter cortado o consumo de bens ou servi\u00e7os.<\/p>\n\n\n\n<p>Cerca de um ter\u00e7o dos entrevistados deixou de comprar materiais de constru\u00e7\u00e3o (34% do total) e de ter TV por assinatura (29%) nos \u00faltimos seis meses. Al\u00e9m disso, mais de um quinto das pessoas deixaram de consumir refei\u00e7\u00f5es fora de casa (24%) e de comprar eletrodom\u00e9sticos ou eletroeletr\u00f4nicos (23%). Quase um sexto (ou 15%) da popula\u00e7\u00e3o eliminou o consumo de gasolina, \u00e1lcool ou diesel ap\u00f3s a disparada do pre\u00e7o do petr\u00f3leo.<\/p>\n\n\n\n<p>A expectativa da popula\u00e7\u00e3o \u00e9 que a infla\u00e7\u00e3o vai permanecer alta. Quase metade (43%) da popula\u00e7\u00e3o acha que o pre\u00e7o de bens e servi\u00e7os vai continuar subindo muito nos pr\u00f3ximos meses.\u00a0<br><\/p>\n\n\n\n<p>Em mar\u00e7o, a infla\u00e7\u00e3o medida pelo IPCA (\u00cdndice Nacional de Pre\u00e7os ao Consumidor Amplo) em 12 meses chegou a 10,54%. Ao permanecer em dois d\u00edgitos, o IPCA continua distante da meta de infla\u00e7\u00e3o perseguida pelo BC (Banco Central). O centro da medida de refer\u00eancia neste ano \u00e9 de 3,50%. O teto \u00e9 de 5%.\u00a0<\/p>\n\n\n\n<p>Segundo pesquisa Datafolha do final de mar\u00e7o, 1 de cada 4 brasileiros afirma que a quantidade de comida dispon\u00edvel foi inferior \u00e0 necess\u00e1ria para alimentar a fam\u00edlia nos \u00faltimos meses.<\/p>\n","protected":false},"excerpt":{"rendered":"<p>247 &#8211;\u00a0A infla\u00e7\u00e3o galopante durante o governo Bolsonaro est\u00e1 levando a popula\u00e7\u00e3o a mudar h\u00e1bitos de consumo e cortar uma s\u00e9rie de despesas. \u00a0Mais da metade da popula\u00e7\u00e3o cortou despesas nos \u00faltimos seis meses diante do aumento dos pre\u00e7os, de acordo com pesquisa encomendada pela CNI (Confedera\u00e7\u00e3o Nacional da Ind\u00fastria) \u00e0 FSB Pesquisa.<\/p>\n","protected":false},"author":1,"featured_media":0,"comment_status":"closed","ping_status":"open","sticky":false,"template":"","format":"standard","meta":{"_exactmetrics_skip_tracking":false,"_exactmetrics_sitenote_active":false,"_exactmetrics_sitenote_note":"","_exactmetrics_sitenote_category":0,"jetpack_post_was_ever_published":false,"_jetpack_newsletter_access":"","_jetpack_dont_email_post_to_subs":false,"_jetpack_newsletter_tier_id":0,"_jetpack_memberships_contains_paywalled_content":false,"_jetpack_memberships_contains_paid_content":false,"footnotes":"","jetpack_publicize_message":"","jetpack_publicize_feature_enabled":true,"jetpack_social_post_already_shared":true,"jetpack_social_options":{"image_generator_settings":{"template":"highway","enabled":false},"version":2}},"categories":[1],"tags":[],"class_list":["post-33588","post","type-post","status-publish","format-standard","hentry","category-notas"],"jetpack_publicize_connections":[],"jetpack_sharing_enabled":true,"jetpack_featured_media_url":"","jetpack_shortlink":"https:\/\/wp.me\/p7wKYW-8JK","jetpack-related-posts":[],"_links":{"self":[{"href":"http:\/\/blogdalucianaoliveira.com.br\/blog\/wp-json\/wp\/v2\/posts\/33588","targetHints":{"allow":["GET"]}}],"collection":[{"href":"http:\/\/blogdalucianaoliveira.com.br\/blog\/wp-json\/wp\/v2\/posts"}],"about":[{"href":"http:\/\/blogdalucianaoliveira.com.br\/blog\/wp-json\/wp\/v2\/types\/post"}],"author":[{"embeddable":true,"href":"http:\/\/blogdalucianaoliveira.com.br\/blog\/wp-json\/wp\/v2\/users\/1"}],"replies":[{"embeddable":true,"href":"http:\/\/blogdalucianaoliveira.com.br\/blog\/wp-json\/wp\/v2\/comments?post=33588"}],"version-history":[{"count":1,"href":"http:\/\/blogdalucianaoliveira.com.br\/blog\/wp-json\/wp\/v2\/posts\/33588\/revisions"}],"predecessor-version":[{"id":33590,"href":"http:\/\/blogdalucianaoliveira.com.br\/blog\/wp-json\/wp\/v2\/posts\/33588\/revisions\/33590"}],"wp:attachment":[{"href":"http:\/\/blogdalucianaoliveira.com.br\/blog\/wp-json\/wp\/v2\/media?parent=33588"}],"wp:term":[{"taxonomy":"category","embeddable":true,"href":"http:\/\/blogdalucianaoliveira.com.br\/blog\/wp-json\/wp\/v2\/categories?post=33588"},{"taxonomy":"post_tag","embeddable":true,"href":"http:\/\/blogdalucianaoliveira.com.br\/blog\/wp-json\/wp\/v2\/tags?post=33588"}],"curies":[{"name":"wp","href":"https:\/\/api.w.org\/{rel}","templated":true}]}}