{"id":33600,"date":"2022-04-21T22:51:14","date_gmt":"2022-04-22T02:51:14","guid":{"rendered":"http:\/\/blogdalucianaoliveira.com.br\/blog\/?p=33600"},"modified":"2022-04-21T22:51:19","modified_gmt":"2022-04-22T02:51:19","slug":"bolsonaro-e-um-incendiario","status":"publish","type":"post","link":"http:\/\/blogdalucianaoliveira.com.br\/blog\/2022\/04\/21\/bolsonaro-e-um-incendiario\/","title":{"rendered":"Bolsonaro \u00e9 um incendi\u00e1rio"},"content":{"rendered":"\n<figure class=\"wp-block-image size-large\"><img loading=\"lazy\" decoding=\"async\" width=\"1250\" height=\"600\" data-attachment-id=\"33601\" data-permalink=\"http:\/\/blogdalucianaoliveira.com.br\/blog\/2022\/04\/21\/bolsonaro-e-um-incendiario\/a9e7ce25-db27-46b1-82a2-1a4ededbd40a\/\" data-orig-file=\"https:\/\/i0.wp.com\/blogdalucianaoliveira.com.br\/blog\/wp-content\/uploads\/2022\/04\/A9E7CE25-DB27-46B1-82A2-1A4EDEDBD40A.jpeg?fit=1250%2C600\" data-orig-size=\"1250,600\" data-comments-opened=\"0\" data-image-meta=\"{&quot;aperture&quot;:&quot;0&quot;,&quot;credit&quot;:&quot;&quot;,&quot;camera&quot;:&quot;&quot;,&quot;caption&quot;:&quot;&quot;,&quot;created_timestamp&quot;:&quot;0&quot;,&quot;copyright&quot;:&quot;&quot;,&quot;focal_length&quot;:&quot;0&quot;,&quot;iso&quot;:&quot;0&quot;,&quot;shutter_speed&quot;:&quot;0&quot;,&quot;title&quot;:&quot;&quot;,&quot;orientation&quot;:&quot;0&quot;}\" data-image-title=\"A9E7CE25-DB27-46B1-82A2-1A4EDEDBD40A\" data-image-description=\"\" data-image-caption=\"\" data-medium-file=\"https:\/\/i0.wp.com\/blogdalucianaoliveira.com.br\/blog\/wp-content\/uploads\/2022\/04\/A9E7CE25-DB27-46B1-82A2-1A4EDEDBD40A.jpeg?fit=300%2C144\" data-large-file=\"https:\/\/i0.wp.com\/blogdalucianaoliveira.com.br\/blog\/wp-content\/uploads\/2022\/04\/A9E7CE25-DB27-46B1-82A2-1A4EDEDBD40A.jpeg?fit=600%2C288\" src=\"https:\/\/i0.wp.com\/blogdalucianaoliveira.com.br\/blog\/wp-content\/uploads\/2022\/04\/A9E7CE25-DB27-46B1-82A2-1A4EDEDBD40A.jpeg?fit=600%2C288\" alt=\"\" class=\"wp-image-33601\" srcset=\"https:\/\/i0.wp.com\/blogdalucianaoliveira.com.br\/blog\/wp-content\/uploads\/2022\/04\/A9E7CE25-DB27-46B1-82A2-1A4EDEDBD40A.jpeg?w=1250 1250w, https:\/\/i0.wp.com\/blogdalucianaoliveira.com.br\/blog\/wp-content\/uploads\/2022\/04\/A9E7CE25-DB27-46B1-82A2-1A4EDEDBD40A.jpeg?resize=300%2C144 300w, https:\/\/i0.wp.com\/blogdalucianaoliveira.com.br\/blog\/wp-content\/uploads\/2022\/04\/A9E7CE25-DB27-46B1-82A2-1A4EDEDBD40A.jpeg?resize=1024%2C492 1024w, https:\/\/i0.wp.com\/blogdalucianaoliveira.com.br\/blog\/wp-content\/uploads\/2022\/04\/A9E7CE25-DB27-46B1-82A2-1A4EDEDBD40A.jpeg?resize=768%2C369 768w, https:\/\/i0.wp.com\/blogdalucianaoliveira.com.br\/blog\/wp-content\/uploads\/2022\/04\/A9E7CE25-DB27-46B1-82A2-1A4EDEDBD40A.jpeg?resize=625%2C300 625w, https:\/\/i0.wp.com\/blogdalucianaoliveira.com.br\/blog\/wp-content\/uploads\/2022\/04\/A9E7CE25-DB27-46B1-82A2-1A4EDEDBD40A.jpeg?w=1200 1200w\" sizes=\"auto, (max-width: 600px) 100vw, 600px\" \/><\/figure>\n\n\n\n<p>247, por Hildegard Angel &#8211; Como tenente, Jair Messias planejou atentados a bomba contra instala\u00e7\u00f5es militares, em protesto contra sal\u00e1rios baixos, e o tribunal militar, ap\u00f3s condena-lo em 1\u00aa inst\u00e2ncia, passou m\u00e3o na sua cabe\u00e7a e o transferiu para a reserva com patente de capit\u00e3o.<\/p>\n\n\n\n<p>O que ele n\u00e3o seria ent\u00e3o capaz de fazer como Presidente da Rep\u00fablica?<\/p>\n\n\n\n<!--more-->\n\n\n\n<p>O ilustre jurista Carlos Roberto de Siqueira Castro*, consultado por mim, prev\u00ea desdobramentos para esse indulto, anunciado por Bolsonaro em sua Live, ao deputado Daniel Silveira das condena\u00e7\u00f5es imputadas pelo STF. Sem questionar o poder da gra\u00e7a do Presidente da Rep\u00fablica , ele observa o abuso de poder e o desvio de finalidade, antes mesmo do tr\u00e2nsito em julgado do ac\u00f3rd\u00e3o condenat\u00f3rio do STF. <\/p>\n\n\n\n<p>&#8220;De mais a mais &#8211; Siqueira Castro diz &#8211; a cassa\u00e7\u00e3o do mandato do deputado e a suspens\u00e3o dos direitos pol\u00edticos n\u00e3o me parecem abrangidos pelo poder de gra\u00e7a.&#8221;<\/p>\n\n\n\n<p>Trata-se de um ataque ao Judici\u00e1rio mais grave que os insultos contra os ministros do STF nos com\u00edcios de 7 de setembro em BSB e em SP. <\/p>\n\n\n\n<p>Irrespons\u00e1veis os que pavimentaram seu caminho at\u00e9 essa posi\u00e7\u00e3o. A saber: Os militares que o usam como t\u00edtere; o general Villas Boas, que pressionou o STF para Lula n\u00e3o poder se candidatar; aqueles envolvidos na farsa da &#8220;facada&#8221; (n\u00e3o acreditei nela); os l\u00edderes evang\u00e9licos venais e dinheiristas, e principalmente a m\u00eddia conivente, que o isentou de participar dos debates, encobrindo do povo sua total incapacidade intelectual, moral e \u00e9tica para ocupar o mais alto posto da Na\u00e7\u00e3o.<\/p>\n\n\n\n<p>Agora, atrevidamente, descaradamente, vai para o tudo ou nada. Ao seu melhor estilo, d\u00e1 ostensiva &#8220;banana&#8221; para a mais alta corte do Judici\u00e1rio brasileiro, e dane-se o resto.<\/p>\n\n\n\n<p>S\u00f3 um inconsequente, um tresloucado, um indisciplinado sem limites comete tal barbaridade: uma provoca\u00e7\u00e3o \u00e0 autoridade do Supremo Tribunal Federal!<\/p>\n\n\n\n<p>\u00c9 isso mesmo, ele investe na provoca\u00e7\u00e3o e no seu consciente desatino para agradar o seu p\u00fablico e desviar a aten\u00e7\u00e3o dos cidad\u00e3os dos fracassos do seu governo em todos os campos.<\/p>\n\n\n\n<p>Para Bolsonaro, n\u00e3o h\u00e1 outra alternativa ou sair algemado do Pal\u00e1cio do Planalto ou, se esta for a avalia\u00e7\u00e3o psiqui\u00e1trica, numa camisa-de-for\u00e7a, adequada para tresloucados em situa\u00e7\u00e3o extrema.<\/p>\n\n\n\n<p>Professor titular de direito constitucional da UERJ, doutor em Direito P\u00fablico e professor visitante da Universidade de Paris II.<\/p>\n","protected":false},"excerpt":{"rendered":"<p>247, por Hildegard Angel &#8211; Como tenente, Jair Messias planejou atentados a bomba contra instala\u00e7\u00f5es militares, em protesto contra sal\u00e1rios baixos, e o tribunal militar, ap\u00f3s condena-lo em 1\u00aa inst\u00e2ncia, passou m\u00e3o na sua cabe\u00e7a e o transferiu para a reserva com patente de capit\u00e3o. O que ele n\u00e3o seria ent\u00e3o capaz de fazer como&#8230;<a class=\"more-link\" href=\"http:\/\/blogdalucianaoliveira.com.br\/blog\/2022\/04\/21\/bolsonaro-e-um-incendiario\/\">Continue a leitura <span class=\"meta-nav\">&raquo;<\/span><\/a><\/p>\n","protected":false},"author":1,"featured_media":0,"comment_status":"closed","ping_status":"open","sticky":false,"template":"","format":"standard","meta":{"_exactmetrics_skip_tracking":false,"_exactmetrics_sitenote_active":false,"_exactmetrics_sitenote_note":"","_exactmetrics_sitenote_category":0,"jetpack_post_was_ever_published":false,"_jetpack_newsletter_access":"","_jetpack_dont_email_post_to_subs":false,"_jetpack_newsletter_tier_id":0,"_jetpack_memberships_contains_paywalled_content":false,"_jetpack_memberships_contains_paid_content":false,"footnotes":"","jetpack_publicize_message":"","jetpack_publicize_feature_enabled":true,"jetpack_social_post_already_shared":true,"jetpack_social_options":{"image_generator_settings":{"template":"highway","enabled":false},"version":2}},"categories":[1],"tags":[],"class_list":["post-33600","post","type-post","status-publish","format-standard","hentry","category-notas"],"jetpack_publicize_connections":[],"jetpack_sharing_enabled":true,"jetpack_featured_media_url":"","jetpack_shortlink":"https:\/\/wp.me\/p7wKYW-8JW","jetpack-related-posts":[],"_links":{"self":[{"href":"http:\/\/blogdalucianaoliveira.com.br\/blog\/wp-json\/wp\/v2\/posts\/33600","targetHints":{"allow":["GET"]}}],"collection":[{"href":"http:\/\/blogdalucianaoliveira.com.br\/blog\/wp-json\/wp\/v2\/posts"}],"about":[{"href":"http:\/\/blogdalucianaoliveira.com.br\/blog\/wp-json\/wp\/v2\/types\/post"}],"author":[{"embeddable":true,"href":"http:\/\/blogdalucianaoliveira.com.br\/blog\/wp-json\/wp\/v2\/users\/1"}],"replies":[{"embeddable":true,"href":"http:\/\/blogdalucianaoliveira.com.br\/blog\/wp-json\/wp\/v2\/comments?post=33600"}],"version-history":[{"count":1,"href":"http:\/\/blogdalucianaoliveira.com.br\/blog\/wp-json\/wp\/v2\/posts\/33600\/revisions"}],"predecessor-version":[{"id":33602,"href":"http:\/\/blogdalucianaoliveira.com.br\/blog\/wp-json\/wp\/v2\/posts\/33600\/revisions\/33602"}],"wp:attachment":[{"href":"http:\/\/blogdalucianaoliveira.com.br\/blog\/wp-json\/wp\/v2\/media?parent=33600"}],"wp:term":[{"taxonomy":"category","embeddable":true,"href":"http:\/\/blogdalucianaoliveira.com.br\/blog\/wp-json\/wp\/v2\/categories?post=33600"},{"taxonomy":"post_tag","embeddable":true,"href":"http:\/\/blogdalucianaoliveira.com.br\/blog\/wp-json\/wp\/v2\/tags?post=33600"}],"curies":[{"name":"wp","href":"https:\/\/api.w.org\/{rel}","templated":true}]}}