{"id":33603,"date":"2022-04-22T11:07:21","date_gmt":"2022-04-22T15:07:21","guid":{"rendered":"http:\/\/blogdalucianaoliveira.com.br\/blog\/?p=33603"},"modified":"2022-04-22T11:07:24","modified_gmt":"2022-04-22T15:07:24","slug":"tensao-em-ano-eleitoral-indulto-de-bolsonaro-a-silveira-e-destaque-na-midia-internacional","status":"publish","type":"post","link":"http:\/\/blogdalucianaoliveira.com.br\/blog\/2022\/04\/22\/tensao-em-ano-eleitoral-indulto-de-bolsonaro-a-silveira-e-destaque-na-midia-internacional\/","title":{"rendered":"&#8220;Tens\u00e3o em ano eleitoral&#8221;: indulto de Bolsonaro a Silveira \u00e9 destaque na m\u00eddia internacional"},"content":{"rendered":"\n<figure class=\"wp-block-image\"><img data-recalc-dims=\"1\" decoding=\"async\" src=\"https:\/\/i0.wp.com\/images03.brasildefato.com.br\/5ae1acd32dd00a4265058bf2dcf07afb.jpeg?w=600&#038;ssl=1\" alt=\"\"\/><\/figure>\n\n\n\n<h4 class=\"wp-block-heading\">Principais ag\u00eancias de not\u00edcia repercutem o fato de que Bolsonaro intensifica confronto com o judici\u00e1rio<\/h4>\n\n\n\n<!--more-->\n\n\n\n<p>Ivan Longo\u00a0<a rel=\"noreferrer noopener\" target=\"_blank\" href=\"https:\/\/revistaforum.com.br\/midia\/2022\/4\/22\/tenso-em-ano-eleitoral-indulto-de-bolsonaro-daniel-silveira-destaque-na-midia-internacional-113335.html\">Revista F\u00f3rum<\/a><br><\/p>\n\n\n\n<p>O&nbsp;<a href=\"https:\/\/revistaforum.com.br\/politica\/2022\/4\/21\/urgente-bolsonaro-decreta-indulto-chamado-graa-constitucional-daniel-silveira-113323.html\">indulto de &#8220;gra\u00e7a constitucional&#8221; que Jair Bolsonaro (PL) concedeu ao deputado federal Daniel Silveira (PTB-RJ)<\/a>&nbsp;vem ganhando&nbsp;destaque&nbsp;entre as principais&nbsp;ag\u00eancias de not\u00edcias internacionais&nbsp;nesta sexta-feira (22).<\/p>\n\n\n\n<p>O parlamentar de extrema direita<a href=\"https:\/\/revistaforum.com.br\/politica\/2022\/4\/20\/stf-condena-daniel-silveira-anos-meses-de-priso-113269.html\" target=\"_blank\" rel=\"noreferrer noopener\">&nbsp;foi condenado a 8 anos e 9 meses de pris\u00e3o pelo Supremo Tribunal Federal (STF)<\/a>&nbsp;em raz\u00e3o dos&nbsp;ataques e amea\u00e7as feitas aos integrantes da Corte e ao sistema democr\u00e1tico, mas foi perdoado pelo presidente com uma canetada que, segundo juristas e especialistas,&nbsp;\u00e9 inconstitucional.&nbsp;<\/p>\n\n\n\n<p>A&nbsp;<a href=\"https:\/\/www.reuters.com\/world\/americas\/brazils-bolsonaro-pardons-political-ally-snubbing-supreme-court-2022-04-21\/\" target=\"_blank\" rel=\"noreferrer noopener\">Reuters<\/a>&nbsp;destaca que Bolsonaro &#8220;esnoba a Suprema Corte&#8221; e que sua medida&nbsp;&#8220;aumentar\u00e1 as tens\u00f5es entre Executivo e Judici\u00e1rio em ano eleitoral&#8221;. &#8220;\u00c9&nbsp;a mais recente escalada em sua disputa com o tribunal e pode aumentar a probabilidade de uma crise constitucional antes da vota\u00e7\u00e3o presidencial de outubro, na qual Bolsonaro busca a reelei\u00e7\u00e3o&#8221;, diz trecho da mat\u00e9ria da ag\u00eancia brit\u00e2nica.&nbsp;<\/p>\n\n\n\n<p>O ve\u00edculo internacional aponta, ainda, que &#8220;h\u00e1 o temor de que ele [Bolsonaro]&nbsp;n\u00e3o ceda se perder em outubro, especialmente porque ele argumentou sem fundamento que o sistema de vota\u00e7\u00e3o eletr\u00f4nica do pa\u00eds \u00e9 vulner\u00e1vel a fraudes&#8221;.&nbsp;<\/p>\n\n\n\n<p>A ag\u00eancia alem\u00e3&nbsp;<a href=\"https:\/\/www.dw.com\/en\/brazil-bolsonaro-to-pardon-ally-after-top-court-conviction\/a-61552738\" target=\"_blank\" rel=\"noreferrer noopener\">Deutsche Welle<\/a>, por sua vez, relembra que Daniel Silveira \u00e9 um&nbsp;defensor do AI-5, medida que recrudesceu o autoritarismo na ditadura militar (1964-1985), e que&nbsp;Bolsonaro \u00e9 &#8220;nost\u00e1lgico&#8221; com rela\u00e7\u00e3o aos anos de chumbo.<\/p>\n\n\n\n<p>J\u00e1 o site de not\u00edcias argentino&nbsp;<a href=\"https:\/\/www.infobae.com\/en\/2022\/04\/21\/bolsonaro-pardoned-a-deputy-sentenced-to-prison-by-the-brazilian-supreme-court\/\" target=\"_blank\" rel=\"noreferrer noopener\">Infobae<\/a>&nbsp;diz que &#8220;o perd\u00e3o de Bolsonaro pode&nbsp;restringir a dif\u00edcil rela\u00e7\u00e3o do presidente com o Supremo, que se agravou \u00e0 medida que&nbsp;o tribunal abriu v\u00e1rias investiga\u00e7\u00f5es contra ele, disseminando not\u00edcias falsas e colocando em d\u00favida a transpar\u00eancia das elei\u00e7\u00f5es de outubro pr\u00f3ximo&#8221;, destacando ainda que Lula (PT) \u00e9 o&nbsp;favorito para vencer as elei\u00e7\u00f5es de outubro.&nbsp;<\/p>\n\n\n\n<p>O indulto de Bolsonaro a Daniel Silveira tamb\u00e9m foi noticiado por outras ag\u00eancias de not\u00edcias internacionais, como a estadunidense&nbsp;Associated Press (AP)&nbsp;e a francesa&nbsp;AFP.&nbsp;<\/p>\n\n\n\n<p>&#8220;S\u00f3 no nazismo&#8221;<\/p>\n\n\n\n<p>O jurista e professor de Direito Constitucional&nbsp;Pedro Serrano&nbsp;afirmou,&nbsp;<a href=\"https:\/\/revistaforum.com.br\/politica\/2022\/4\/21\/indulto-de-bolsonaro-so-no-nazismo-hitler-se-autodeclarou-guardio-da-constituio-diz-pedro-serrano-113324.html\" target=\"_blank\" rel=\"noreferrer noopener\">com exclusividade \u00e0&nbsp;F\u00f3rum<\/a>,&nbsp;nesta quinta-feira (21) que a atitude do presidente Jair Bolsonaro (PL) em&nbsp;conceder indulto ao deputado&nbsp;Daniel Silveira&nbsp;\u00e9 compar\u00e1vel \u00e0 Alemanha Nazista.<\/p>\n\n\n\n<p>\u201cS\u00f3 no nazismo o&nbsp;Hitler&nbsp;foi considerado o&nbsp;guardi\u00e3o da Constitui\u00e7\u00e3o. N\u00f3s estamos em uma democracia e o guardi\u00e3o da Constitui\u00e7\u00e3o \u00e9 o Supremo, portanto n\u00e3o cabe a Bolsonaro usar do indulto pra impor a sua interpreta\u00e7\u00e3o constitucional sobre e contra a do Supremo\u201d, afirmou. Para o jurista, \u201ctrata-se de uma vulnera\u00e7\u00e3o intensa contra a Constitui\u00e7\u00e3o e o papel da Suprema Corte\u201d.<\/p>\n\n\n\n<p>Para Serrano, \u201co indulto poderia ser fundamentado na soberania do exerc\u00edcio estatal, mas n\u00e3o foi. Bolsonaro fundamentou o indulto numa intepreta\u00e7\u00e3o que ele tem do que deve ser o direito de livre express\u00e3o do pensamento\u201d.<\/p>\n\n\n\n<p>\u201cE essa intepreta\u00e7\u00e3o dele conflita imediatamente com a interpreta\u00e7\u00e3o do STF no caso, ou seja, a fundamenta\u00e7\u00e3o que ele se utiliza pra determinar um indulto procura outorgar a ele o papel de guardi\u00e3o da Constitui\u00e7\u00e3o, que deveria ser do Supremo\u201d, reafirmou o jurista.<a><\/a><a><\/a><a><\/a><a><\/a><a><strong><\/strong><strong><\/strong><br>\n\n<\/a><\/p>\n","protected":false},"excerpt":{"rendered":"<p>Principais ag\u00eancias de not\u00edcia repercutem o fato de que Bolsonaro intensifica confronto com o judici\u00e1rio<\/p>\n","protected":false},"author":1,"featured_media":0,"comment_status":"closed","ping_status":"open","sticky":false,"template":"","format":"standard","meta":{"_exactmetrics_skip_tracking":false,"_exactmetrics_sitenote_active":false,"_exactmetrics_sitenote_note":"","_exactmetrics_sitenote_category":0,"jetpack_post_was_ever_published":false,"_jetpack_newsletter_access":"","_jetpack_dont_email_post_to_subs":false,"_jetpack_newsletter_tier_id":0,"_jetpack_memberships_contains_paywalled_content":false,"_jetpack_memberships_contains_paid_content":false,"footnotes":"","jetpack_publicize_message":"","jetpack_publicize_feature_enabled":true,"jetpack_social_post_already_shared":true,"jetpack_social_options":{"image_generator_settings":{"template":"highway","enabled":false},"version":2}},"categories":[1],"tags":[],"class_list":["post-33603","post","type-post","status-publish","format-standard","hentry","category-notas"],"jetpack_publicize_connections":[],"jetpack_sharing_enabled":true,"jetpack_featured_media_url":"","jetpack_shortlink":"https:\/\/wp.me\/p7wKYW-8JZ","jetpack-related-posts":[],"_links":{"self":[{"href":"http:\/\/blogdalucianaoliveira.com.br\/blog\/wp-json\/wp\/v2\/posts\/33603","targetHints":{"allow":["GET"]}}],"collection":[{"href":"http:\/\/blogdalucianaoliveira.com.br\/blog\/wp-json\/wp\/v2\/posts"}],"about":[{"href":"http:\/\/blogdalucianaoliveira.com.br\/blog\/wp-json\/wp\/v2\/types\/post"}],"author":[{"embeddable":true,"href":"http:\/\/blogdalucianaoliveira.com.br\/blog\/wp-json\/wp\/v2\/users\/1"}],"replies":[{"embeddable":true,"href":"http:\/\/blogdalucianaoliveira.com.br\/blog\/wp-json\/wp\/v2\/comments?post=33603"}],"version-history":[{"count":1,"href":"http:\/\/blogdalucianaoliveira.com.br\/blog\/wp-json\/wp\/v2\/posts\/33603\/revisions"}],"predecessor-version":[{"id":33604,"href":"http:\/\/blogdalucianaoliveira.com.br\/blog\/wp-json\/wp\/v2\/posts\/33603\/revisions\/33604"}],"wp:attachment":[{"href":"http:\/\/blogdalucianaoliveira.com.br\/blog\/wp-json\/wp\/v2\/media?parent=33603"}],"wp:term":[{"taxonomy":"category","embeddable":true,"href":"http:\/\/blogdalucianaoliveira.com.br\/blog\/wp-json\/wp\/v2\/categories?post=33603"},{"taxonomy":"post_tag","embeddable":true,"href":"http:\/\/blogdalucianaoliveira.com.br\/blog\/wp-json\/wp\/v2\/tags?post=33603"}],"curies":[{"name":"wp","href":"https:\/\/api.w.org\/{rel}","templated":true}]}}