{"id":33605,"date":"2022-04-25T07:24:25","date_gmt":"2022-04-25T11:24:25","guid":{"rendered":"http:\/\/blogdalucianaoliveira.com.br\/blog\/?p=33605"},"modified":"2022-04-25T07:24:31","modified_gmt":"2022-04-25T11:24:31","slug":"visao-do-correio-pobre-brasil-que-empobrece-mais","status":"publish","type":"post","link":"http:\/\/blogdalucianaoliveira.com.br\/blog\/2022\/04\/25\/visao-do-correio-pobre-brasil-que-empobrece-mais\/","title":{"rendered":"Vis\u00e3o do Correio: Pobre Brasil que empobrece mais"},"content":{"rendered":"\n<figure class=\"wp-block-image\"><img data-recalc-dims=\"1\" decoding=\"async\" src=\"https:\/\/i0.wp.com\/midias.correiobraziliense.com.br\/_midias\/jpg\/2020\/10\/16\/548x377\/1_pri_1610_0702__l__21_cor_g-6346730.jpg?w=600&#038;ssl=1\" alt=\"MINERVINO JUNIOR                    \"\/><\/figure>\n\n\n\n<p>Por\u00a0<strong>Correio Braziliense<\/strong> &#8211; O foco do governo na reelei\u00e7\u00e3o do presidente Jair Bolsonaro e os radares pol\u00edticos voltados para as sucessivas crises est\u00e3o cegando o debate sobre uma realidade cruel e que pode nos condenar a muitos anos de baixo crescimento econ\u00f4mico: os efeitos perversos da infla\u00e7\u00e3o alta e da queda da renda dos trabalhadores, que resultam no aumento da desigualdade social, com o crescente empobrecimento da popula\u00e7\u00e3o brasileira.<\/p>\n\n\n\n<!--more-->\n\n\n\n<p>A pobreza cresce a olhos vistos nas grandes capitais, onde o n\u00famero de pessoas em situa\u00e7\u00e3o de rua se multiplicou desde o in\u00edcio da pandemia de covid-19, com governos fazendo vistas grossas para um problema social que tende a se agravar e demandando cada vez mais o pagamento de aux\u00edlios emergenciais, paliativo que consome recursos do Or\u00e7amento sem apresentar uma solu\u00e7\u00e3o estrutural para a situa\u00e7\u00e3o degradante de mais de 220 mil brasileiros.<\/p>\n\n\n\n<p>N\u00fameros oficiais em rela\u00e7\u00e3o ao ano passado ainda ser\u00e3o divulgados, mas n\u00e3o faltam levantamentos mostrando a depaupera\u00e7\u00e3o da sociedade, em que 1% dos mais ricos concentra quase 30% de toda a renda gerada no pa\u00eds, segundo dados de 2019 do Instituto Brasileiro de Geografia e Estat\u00edstica (IBGE), segue firme. E a infla\u00e7\u00e3o, que em mar\u00e7o chegou a um acumulado de 11,3% em 12 meses, agrava essa concentra\u00e7\u00e3o, uma vez que a popula\u00e7\u00e3o com maior poder aquisitivo continua tendo disponibilidade de renda para multiplicar o dinheiro, apesar de tamb\u00e9m conviver com o aumento das despesas, enquanto os mais pobres est\u00e3o se endividando para dar conta de gastos di\u00e1rios. O Brasil continuar\u00e1 mantendo o t\u00edtulo de uns dos pa\u00edses com maior desigualdade do mundo.<\/p>\n\n\n\n<p>Estudo de pesquisadores da PUC-RS do Observat\u00f3rio das Metr\u00f3poles e da Rede de Observat\u00f3rios da D\u00edvida Social na Am\u00e9rica Latina, com base em dados da Pnad Cont\u00ednua, mostra que a renda per capita dos brasileiros atingiu o menor n\u00edvel em 10 anos no terceiro trimestre de 2021, chegando a R$ 1.378, pouco mais do que o sal\u00e1rio m\u00ednimo de R$ 1.212 em vigor hoje e equivalente a tr\u00eas vezes do valor de R$ 400 do Aux\u00edlio Brasil. A ajuda do governo \u00e9 paga hoje a pouco mais de 17 milh\u00f5es de fam\u00edlias, o que representa um contingente de 68 milh\u00f5es de brasileiros, considerando uma m\u00e9dia estat\u00edstica de quatro pessoas por fam\u00edlia. Pouco prov\u00e1vel que um burocrata do Minist\u00e9rio da Economia consiga imaginar o que \u00e9 viver com t\u00e3o pouca renda.<\/p>\n\n\n\n<p>Esses n\u00fameros explicam o fato de 33,8 milh\u00f5es de brasileiros viverem hoje com menos de um sal\u00e1rio m\u00ednimo por m\u00eas em 2021, conforme revela levantamento da LCA Consutores com base na Pesquisa Nacional por Amostra de Domic\u00edlio (Pnad), do Instituto Brasileiro de Geografia e Estat\u00edstica (IBGE). Em um ano, 4,4 milh\u00f5es de pessoas passaram a conviver com renda mensal abaixo de R$ 1.212. O contingente \u00e9 o maior em quase 10 anos. E o quadro n\u00e3o \u00e9 muito melhor para a maioria dos trabalhadores contratados formalmente. Estudo do Dieese sobre os reajuste salariais em 2021 mostra que 52% dos reajustes com data-base em mar\u00e7o n\u00e3o repuseram a infla\u00e7\u00e3o de 10,8% em 2021, 34% tiveram corre\u00e7\u00e3o apenas pelo INPC e s\u00f3 13,9%, &#8216;ganho real, jogando para baixo a renda do trabalho.<\/p>\n\n\n\n<p>No cen\u00e1rio do empobrecimento da popula\u00e7\u00e3o, o Brasil convive com uma taxa de desemprego de dois d\u00edgitos e 12 milh\u00f5es de trabalhadores em busca de trabalho. Conta ainda com cerca de 50 milh\u00f5es de pessoas vivendo em situa\u00e7\u00e3o de pobreza, sendo que destes, 12 milh\u00f5es vivem em extrema pobreza, com renda per capita de R$ 155 por m\u00eas. \u00c9 esse quadro que, no fim das contas, representa menos educa\u00e7\u00e3o, menos qualifica\u00e7\u00e3o de trabalhadores, menos capacidade de consumo e mais gastos com sa\u00fade, seguran\u00e7a p\u00fablica e com aux\u00edlios emergenciais, vai condenar o Brasil a um baixo crescimento econ\u00f4mico, enquanto esse imenso n\u00famero de brasileiros seguir\u00e1 apenas sobrevivendo. Com den\u00fancias de corrup\u00e7\u00e3o se multiplicando e o presidente Jair Bolsonaro se mostrando mais preocupado em criar pol\u00eamicas e com sua reelei\u00e7\u00e3o, o governo n\u00e3o esbo\u00e7a nenhum programa ou a\u00e7\u00e3o para mudar esse quadro, que nos condena a um retrocesso social.<\/p>\n\n\n\n<p><\/p>\n","protected":false},"excerpt":{"rendered":"<p>Por\u00a0Correio Braziliense &#8211; O foco do governo na reelei\u00e7\u00e3o do presidente Jair Bolsonaro e os radares pol\u00edticos voltados para as sucessivas crises est\u00e3o cegando o debate sobre uma realidade cruel e que pode nos condenar a muitos anos de baixo crescimento econ\u00f4mico: os efeitos perversos da infla\u00e7\u00e3o alta e da queda da renda dos trabalhadores,&#8230;<a class=\"more-link\" href=\"http:\/\/blogdalucianaoliveira.com.br\/blog\/2022\/04\/25\/visao-do-correio-pobre-brasil-que-empobrece-mais\/\">Continue a leitura <span class=\"meta-nav\">&raquo;<\/span><\/a><\/p>\n","protected":false},"author":1,"featured_media":0,"comment_status":"closed","ping_status":"open","sticky":false,"template":"","format":"standard","meta":{"_exactmetrics_skip_tracking":false,"_exactmetrics_sitenote_active":false,"_exactmetrics_sitenote_note":"","_exactmetrics_sitenote_category":0,"jetpack_post_was_ever_published":false,"_jetpack_newsletter_access":"","_jetpack_dont_email_post_to_subs":false,"_jetpack_newsletter_tier_id":0,"_jetpack_memberships_contains_paywalled_content":false,"_jetpack_memberships_contains_paid_content":false,"footnotes":"","jetpack_publicize_message":"","jetpack_publicize_feature_enabled":true,"jetpack_social_post_already_shared":true,"jetpack_social_options":{"image_generator_settings":{"template":"highway","enabled":false},"version":2}},"categories":[1],"tags":[],"class_list":["post-33605","post","type-post","status-publish","format-standard","hentry","category-notas"],"jetpack_publicize_connections":[],"jetpack_sharing_enabled":true,"jetpack_featured_media_url":"","jetpack_shortlink":"https:\/\/wp.me\/p7wKYW-8K1","jetpack-related-posts":[],"_links":{"self":[{"href":"http:\/\/blogdalucianaoliveira.com.br\/blog\/wp-json\/wp\/v2\/posts\/33605","targetHints":{"allow":["GET"]}}],"collection":[{"href":"http:\/\/blogdalucianaoliveira.com.br\/blog\/wp-json\/wp\/v2\/posts"}],"about":[{"href":"http:\/\/blogdalucianaoliveira.com.br\/blog\/wp-json\/wp\/v2\/types\/post"}],"author":[{"embeddable":true,"href":"http:\/\/blogdalucianaoliveira.com.br\/blog\/wp-json\/wp\/v2\/users\/1"}],"replies":[{"embeddable":true,"href":"http:\/\/blogdalucianaoliveira.com.br\/blog\/wp-json\/wp\/v2\/comments?post=33605"}],"version-history":[{"count":1,"href":"http:\/\/blogdalucianaoliveira.com.br\/blog\/wp-json\/wp\/v2\/posts\/33605\/revisions"}],"predecessor-version":[{"id":33606,"href":"http:\/\/blogdalucianaoliveira.com.br\/blog\/wp-json\/wp\/v2\/posts\/33605\/revisions\/33606"}],"wp:attachment":[{"href":"http:\/\/blogdalucianaoliveira.com.br\/blog\/wp-json\/wp\/v2\/media?parent=33605"}],"wp:term":[{"taxonomy":"category","embeddable":true,"href":"http:\/\/blogdalucianaoliveira.com.br\/blog\/wp-json\/wp\/v2\/categories?post=33605"},{"taxonomy":"post_tag","embeddable":true,"href":"http:\/\/blogdalucianaoliveira.com.br\/blog\/wp-json\/wp\/v2\/tags?post=33605"}],"curies":[{"name":"wp","href":"https:\/\/api.w.org\/{rel}","templated":true}]}}