{"id":33614,"date":"2022-04-27T11:55:44","date_gmt":"2022-04-27T15:55:44","guid":{"rendered":"http:\/\/blogdalucianaoliveira.com.br\/blog\/?p=33614"},"modified":"2022-04-27T11:55:50","modified_gmt":"2022-04-27T15:55:50","slug":"gasolina-mais-cara-da-historia-faz-da-previa-da-inflacao-de-abril-a-mais-alta-desde-1995","status":"publish","type":"post","link":"http:\/\/blogdalucianaoliveira.com.br\/blog\/2022\/04\/27\/gasolina-mais-cara-da-historia-faz-da-previa-da-inflacao-de-abril-a-mais-alta-desde-1995\/","title":{"rendered":"Gasolina mais cara da hist\u00f3ria faz da pr\u00e9via da infla\u00e7\u00e3o de abril a mais alta desde 1995"},"content":{"rendered":"\n<figure class=\"wp-block-image\"><img data-recalc-dims=\"1\" decoding=\"async\" src=\"https:\/\/i0.wp.com\/images02.brasildefato.com.br\/cba5c01308855face30c677c2a3e39a2.jpeg?w=600&#038;ssl=1\" alt=\"\"\/><\/figure>\n\n\n\n<h4 class=\"wp-block-heading\">IPCA-15 chega a 1,73% puxado por alta dos combust\u00edveis e acumula 12% em 12 meses<\/h4>\n\n\n\n<!--more-->\n\n\n\n<p>Vinicius Konchinski &#8211; Brasil de Fato | Curitiba (PR) <\/p>\n\n\n\n<p>A infla\u00e7\u00e3o do pa\u00eds deve fechar o m\u00eas de abril entre as maiores j\u00e1 registradas desde a implanta\u00e7\u00e3o do Plano Real, em 1994. A pr\u00e9via do \u00edndice oficial de aumento de pre\u00e7os divulgado nesta quarta-feira (27) foi o maior para o m\u00eas desde 1995, puxada pela gasolina.<\/p>\n\n\n\n<p>O&nbsp;<a href=\"https:\/\/agenciadenoticias.ibge.gov.br\/agencia-sala-de-imprensa\/2013-agencia-de-noticias\/releases\/33525-titulo-ipca-15-foi-de-1-73-em-abril\" target=\"_blank\" rel=\"noreferrer noopener\">\u00cdndice Nacional de Pre\u00e7os ao Consumidor Amplo 15 (IPCA-15) de abril ficou em 1,73%<\/a>. O Instituto Brasileiro de Geografia e Estat\u00edstica (IBGE), que calcula o percentual, comparou pre\u00e7os coletados entre 17 de mar\u00e7o e 13 de abril com os pre\u00e7os vigentes entre 12 de fevereiro e 16 de mar\u00e7o.<\/p>\n\n\n\n<p>Na compara\u00e7\u00e3o entre os pre\u00e7os coletados entre meados de mar\u00e7o a meados de abril do ano passado, o aumento chega a 12,03%.<\/p>\n\n\n\n<p>Segundo o IBGE, dos nove grupos de produtos inclu\u00eddos na pesquisa de pre\u00e7os, oito tiveram aumento. O maior ocorreu no grupo de transportes (3,43% de aumento em cerca de 30 dias), puxado pelo aumento dos combust\u00edveis (7,54% de aumento).<\/p>\n\n\n\n<p>S\u00f3 a gasolina, segundo o IBGE, subiu 7,51% de meados de fevereiro e mar\u00e7o para meados de mar\u00e7o e abril. Entre os \u00faltimos dias 17 e 23, ali\u00e1s, o pre\u00e7o do combust\u00edvel atingiu seu maior valor m\u00e9dio nacional da hist\u00f3ria.<br><\/p>\n\n\n\n<p>Segundo a Ag\u00eancia Nacional do Petr\u00f3leo (ANP),&nbsp;<a href=\"https:\/\/preco.anp.gov.br\/include\/Resumo_Semanal_Combustiveis.asp\" target=\"_blank\" rel=\"noreferrer noopener\">o litro da gasolina comum no Brasil custa em m\u00e9dia R$ 7,27<\/a>. Esse \u00e9 o maior valor j\u00e1 registrado em pesquisas semanais realizadas pela ag\u00eancia desde 2004.<\/p>\n\n\n\n<p>De acordo com a ANP, h\u00e1 gasolina vendida a at\u00e9 R$ 8,599 no pa\u00eds.<\/p>\n\n\n\n<p><strong>Leia tamb\u00e9m:&nbsp;<a href=\"https:\/\/www.brasildefato.com.br\/2021\/11\/04\/contraste-entre-preco-do-combustivel-e-lucro-da-petrobras-realca-financeirizacao-da-empresa\" target=\"_blank\" rel=\"noreferrer noopener\">O contraste entre pre\u00e7o do combust\u00edvel e lucro da Petrobras<\/a><\/strong><\/p>\n\n\n\n<p>O IBGE informou nesta quarta que os produtos do grupo alimentos e bebidas pesquisados para c\u00e1lculo do IPCA-15 de abril subiram, em m\u00e9dia, 2,25%. Destacam-se o aumento do tomate (26,17%), do leite longa vida (12,21%), da cenoura (15,02%), do \u00f3leo de soja (11,47%), da batata-inglesa (9,86%) e do p\u00e3o franc\u00eas (4,36%).<\/p>\n\n\n\n<p>Produtos do grupo habita\u00e7\u00e3o subiram 1,73%, puxados pelo aumento do botij\u00e3o de g\u00e1s, que subiu 8,09%, segundo o IBGE.&nbsp;<a href=\"https:\/\/www.brasildefato.com.br\/2022\/03\/10\/petrobras-anuncia-aumento-de-19-na-gasolina-e-25-no-diesel-apos-disparada-do-petroleo\" target=\"_blank\" rel=\"noreferrer noopener\">O aumento tem rela\u00e7\u00e3o com reajuste de 16% do pre\u00e7o do g\u00e1s vendido pela Petrobras \u00e0s distribuidoras, anunciado em 10 de mar\u00e7o.<\/a><\/p>\n\n\n\n<p><a href=\"https:\/\/www.brasildefato.com.br\/2022\/03\/17\/sob-bolsonaro-estatais-abandonam-funcao-social-e-lucram-alto-com-a-crise-economica\" target=\"_blank\" rel=\"noreferrer noopener\"><strong>::Sob Bolsonaro, estatais abandonam o social e lucram na crise::<\/strong><\/a><\/p>\n\n\n\n<p>Edi\u00e7\u00e3o: Vivian Virissimo<\/p>\n\n\n\n<p><\/p>\n","protected":false},"excerpt":{"rendered":"<p>IPCA-15 chega a 1,73% puxado por alta dos combust\u00edveis e acumula 12% em 12 meses<\/p>\n","protected":false},"author":1,"featured_media":0,"comment_status":"closed","ping_status":"open","sticky":false,"template":"","format":"standard","meta":{"_exactmetrics_skip_tracking":false,"_exactmetrics_sitenote_active":false,"_exactmetrics_sitenote_note":"","_exactmetrics_sitenote_category":0,"jetpack_post_was_ever_published":false,"_jetpack_newsletter_access":"","_jetpack_dont_email_post_to_subs":false,"_jetpack_newsletter_tier_id":0,"_jetpack_memberships_contains_paywalled_content":false,"_jetpack_memberships_contains_paid_content":false,"footnotes":"","jetpack_publicize_message":"","jetpack_publicize_feature_enabled":true,"jetpack_social_post_already_shared":true,"jetpack_social_options":{"image_generator_settings":{"template":"highway","enabled":false},"version":2}},"categories":[1],"tags":[],"class_list":["post-33614","post","type-post","status-publish","format-standard","hentry","category-notas"],"jetpack_publicize_connections":[],"jetpack_sharing_enabled":true,"jetpack_featured_media_url":"","jetpack_shortlink":"https:\/\/wp.me\/p7wKYW-8Ka","jetpack-related-posts":[],"_links":{"self":[{"href":"http:\/\/blogdalucianaoliveira.com.br\/blog\/wp-json\/wp\/v2\/posts\/33614","targetHints":{"allow":["GET"]}}],"collection":[{"href":"http:\/\/blogdalucianaoliveira.com.br\/blog\/wp-json\/wp\/v2\/posts"}],"about":[{"href":"http:\/\/blogdalucianaoliveira.com.br\/blog\/wp-json\/wp\/v2\/types\/post"}],"author":[{"embeddable":true,"href":"http:\/\/blogdalucianaoliveira.com.br\/blog\/wp-json\/wp\/v2\/users\/1"}],"replies":[{"embeddable":true,"href":"http:\/\/blogdalucianaoliveira.com.br\/blog\/wp-json\/wp\/v2\/comments?post=33614"}],"version-history":[{"count":1,"href":"http:\/\/blogdalucianaoliveira.com.br\/blog\/wp-json\/wp\/v2\/posts\/33614\/revisions"}],"predecessor-version":[{"id":33615,"href":"http:\/\/blogdalucianaoliveira.com.br\/blog\/wp-json\/wp\/v2\/posts\/33614\/revisions\/33615"}],"wp:attachment":[{"href":"http:\/\/blogdalucianaoliveira.com.br\/blog\/wp-json\/wp\/v2\/media?parent=33614"}],"wp:term":[{"taxonomy":"category","embeddable":true,"href":"http:\/\/blogdalucianaoliveira.com.br\/blog\/wp-json\/wp\/v2\/categories?post=33614"},{"taxonomy":"post_tag","embeddable":true,"href":"http:\/\/blogdalucianaoliveira.com.br\/blog\/wp-json\/wp\/v2\/tags?post=33614"}],"curies":[{"name":"wp","href":"https:\/\/api.w.org\/{rel}","templated":true}]}}